{"id":25720,"date":"2025-05-15T17:52:42","date_gmt":"2025-05-15T20:52:42","guid":{"rendered":"https:\/\/13.com.ar\/index.php\/tras-la-creacion-de-la-primera-escuela-de-futbol-con-andadores-se-realizara-un-nuevo-festival-este-sabado\/"},"modified":"2025-05-15T17:52:42","modified_gmt":"2025-05-15T20:52:42","slug":"tras-la-creacion-de-la-primera-escuela-de-futbol-con-andadores-se-realizara-un-nuevo-festival-este-sabado","status":"publish","type":"post","link":"https:\/\/13.com.ar\/index.php\/tras-la-creacion-de-la-primera-escuela-de-futbol-con-andadores-se-realizara-un-nuevo-festival-este-sabado\/","title":{"rendered":"Tras la creaci\u00f3n de la primera escuela de F\u00fatbol con andadores, se realizar\u00e1 un nuevo festival este s\u00e1bado"},"content":{"rendered":"<p> <br \/>\n<br \/><img decoding=\"async\" src=\"https:\/\/13.com.ar\/wp-content\/uploads\/2025\/03\/Futbol-en-andadores-un-deporte-que-promueve-la-inclusion-y.jpg\" \/><\/p>\n<div id=\"element-body-0\">\n<p>Este s\u00e1bado se desarrollar\u00e1 en el CENARD el<strong> Tercer Festival Nacional de F\u00fatbol con Andadores<\/strong>, una iniciativa de la Fundaci\u00f3n Argentina Inclusi\u00f3n y Deporte junto a la Secretar\u00eda de Deportes de la Naci\u00f3n.<\/p>\n<\/div>\n<div id=\"element-body-1\">\n<p>Dicha Fundaci\u00f3n, que dirige el destacado atleta paraol\u00edmpico<strong> Alejandro Maldonado<\/strong>, promueve esta actividad inclusiva, que \u201cenfatiza la integraci\u00f3n e inclusi\u00f3n de todas las personas, ofreciendo una perspectiva de vida enriquecedora a trav\u00e9s de los deportes\u201d.<\/p>\n<\/div>\n<div id=\"element-body-2\">\n<p>Entre los eventos ya realizados se incluye<strong> el primer Festival de Para-Nataci\u00f3n en Mar del Plata<\/strong>, otro festival de f\u00fatbol en Andadores en el CENARD durante diciembre pasado y, recientemente, la inauguraci\u00f3n de la primera Escuela de F\u00fatbol en el club GOAT, en Avellaneda.<\/p>\n<\/div>\n<div id=\"element-body-3\">\n<p>Maldonado represent\u00f3 a la Argentina en los Juegos Paral\u00edmpicos de Atenas 2004 y Beijing 2008, alcanzando all\u00ed el 4\u00b0 puesto en los 1.500 metros llanos. Tambi\u00e9n compiti\u00f3 en los Para-Panamericanos y fue el ganador en silla de ruedas de las competencias m\u00e1s importantes de nuestro pa\u00eds.<\/p>\n<\/div>\n<p><br \/>\n<br \/><a href=\"https:\/\/www.clarin.com\/sociedad\/creacion-primera-escuela-futbol-andadores-realizara-nuevo-festival-sabado_0_F9YLiKZbmj.html\">Fuente Clarin.com <\/a><\/p>\n","protected":false},"excerpt":{"rendered":"<p>Este s\u00e1bado se desarrollar\u00e1 en el CENARD el Tercer Festival Nacional de F\u00fatbol con Andadores, una iniciativa de la Fundaci\u00f3n Argentina Inclusi\u00f3n y Deporte junto a la Secretar\u00eda de Deportes de la Naci\u00f3n. Dicha Fundaci\u00f3n, que dirige el destacado atleta paraol\u00edmpico Alejandro Maldonado, promueve esta actividad inclusiva, que \u201cenfatiza la integraci\u00f3n e inclusi\u00f3n de todas [&hellip;]<\/p>\n","protected":false},"author":1,"featured_media":13717,"comment_status":"open","ping_status":"open","sticky":false,"template":"","format":"standard","meta":{"footnotes":""},"categories":[2],"tags":[12877,18,14385,692,139,1143,2964,14,89,10046,2156,312],"class_list":["post-25720","post","type-post","status-publish","format-standard","has-post-thumbnail","hentry","category-ultimas-noticias","tag-andadores","tag-con","tag-creacion","tag-escuela","tag-este","tag-festival","tag-futbol","tag-nuevo","tag-primera","tag-realizara","tag-sabado","tag-tras"],"_links":{"self":[{"href":"https:\/\/13.com.ar\/index.php\/wp-json\/wp\/v2\/posts\/25720","targetHints":{"allow":["GET"]}}],"collection":[{"href":"https:\/\/13.com.ar\/index.php\/wp-json\/wp\/v2\/posts"}],"about":[{"href":"https:\/\/13.com.ar\/index.php\/wp-json\/wp\/v2\/types\/post"}],"author":[{"embeddable":true,"href":"https:\/\/13.com.ar\/index.php\/wp-json\/wp\/v2\/users\/1"}],"replies":[{"embeddable":true,"href":"https:\/\/13.com.ar\/index.php\/wp-json\/wp\/v2\/comments?post=25720"}],"version-history":[{"count":0,"href":"https:\/\/13.com.ar\/index.php\/wp-json\/wp\/v2\/posts\/25720\/revisions"}],"wp:featuredmedia":[{"embeddable":true,"href":"https:\/\/13.com.ar\/index.php\/wp-json\/wp\/v2\/media\/13717"}],"wp:attachment":[{"href":"https:\/\/13.com.ar\/index.php\/wp-json\/wp\/v2\/media?parent=25720"}],"wp:term":[{"taxonomy":"category","embeddable":true,"href":"https:\/\/13.com.ar\/index.php\/wp-json\/wp\/v2\/categories?post=25720"},{"taxonomy":"post_tag","embeddable":true,"href":"https:\/\/13.com.ar\/index.php\/wp-json\/wp\/v2\/tags?post=25720"}],"curies":[{"name":"wp","href":"https:\/\/api.w.org\/{rel}","templated":true}]}}