{"id":25718,"date":"2025-05-15T17:46:28","date_gmt":"2025-05-15T20:46:28","guid":{"rendered":"https:\/\/13.com.ar\/index.php\/la-conferencia-de-la-decada-llega-a-latam-con-tony-robbins-como-speaker-principal\/"},"modified":"2025-05-15T17:46:28","modified_gmt":"2025-05-15T20:46:28","slug":"la-conferencia-de-la-decada-llega-a-latam-con-tony-robbins-como-speaker-principal","status":"publish","type":"post","link":"https:\/\/13.com.ar\/index.php\/la-conferencia-de-la-decada-llega-a-latam-con-tony-robbins-como-speaker-principal\/","title":{"rendered":"La conferencia de la d\u00e9cada llega a Latam con Tony Robbins como speaker principal"},"content":{"rendered":"<p> <br \/>\n<br \/><img decoding=\"async\" src=\"https:\/\/13.com.ar\/wp-content\/uploads\/2025\/05\/La-conferencia-de-la-decada-llega-a-Latam-con-Tony.jpg\" \/><\/p>\n<div id=\"element-body-0\">\n<p>La conferencia m\u00e1s importante de<strong> liderazgo, negocios y desarrollo <\/strong>personal de la d\u00e9cada; se trata del <strong>Wake Up Conference 2025<\/strong>, que se realizar\u00e1 los d\u00edas<strong> 3 y 4 de octubre en el coliseo MedPlus en Bogot\u00e1 <\/strong>y que espera la asistencia de m\u00e1s de 8 mil personas de toda Latinoam\u00e9rica.<\/p>\n<\/div>\n<div id=\"element-body-1\">\n<p><strong>En su quinta edici\u00f3n<\/strong>, y ahora en su internacionalizaci\u00f3n fuera del Per\u00fa, esta gran conferencia contar\u00e1 este a\u00f1o con la participaci\u00f3n estelar de <strong>Tony Robbins<\/strong>, reconocido mundialmente como el estratega n\u00famero uno en temas de negocios, empoderamiento y liderazgo. Con m\u00e1s de 100 millones de personas impactadas en 195 pa\u00edses y autor de varios bestsellers del NewYork Times, su intervenci\u00f3n promete ser una experiencia transformadora para los asistentes.<\/p>\n<\/div>\n<div id=\"element-body-2\">\n<p>\u201cSin duda, es una oportunidad \u00fanica para emprendedores, empresarios y profesionales que buscan acelerar su crecimiento personal y profesional con estrategias de alto impacto; <strong>desde hace 25 a\u00f1os<\/strong>, Tony Robbins no ven\u00eda a Sudam\u00e9rica y gracias a WakeUp Conferences es posible vivir esta gran experiencia\u201d, destac\u00f3 <strong>Jorge Loza, CEO fundador de Wake Up Conferences.<\/strong><\/p>\n<\/div>\n<div id=\"element-body-3\">\n<p>Robbins compartir\u00e1 el escenario con destacados conferencistas internacionales como<strong> Ismael Cala,<\/strong> experto en Mindfulness Ejecutiva, productividad y alto desempe\u00f1o<strong>;Jorge Loza,<\/strong> es referente en innovaci\u00f3n y liderazgoempresarial en Am\u00e9rica Latina;<strong> Orlando Denegri,<\/strong>especialista en programaci\u00f3n neuroling\u00fc\u00edstica;<strong> Jenny Barrera,<\/strong> estratega en negocios y formadora de l\u00edderes en Real Estate<strong>;Susi Vereecken <\/strong>empresaria, coach y directora ejecutiva de Maxwell Leadership\u00ae\ufe0f en Am\u00e9rica Latina; y <strong>Regina Carrot, <\/strong>una destacada creadora de contenido, conferencista motivacional,escritora, cantautora y coach de vida.<\/p>\n<\/div>\n<div id=\"element-body-5\">\n<p>La cuota colombiana estar\u00e1 conformada por <strong>Daniela \u00c1lvarez,<\/strong> ex reina de belleza, presentadora y s\u00edmbolo de superaci\u00f3n y empoderamiento; el <strong>Dr.Bayter,<\/strong> referente mundial en temas de nutrici\u00f3n y bienestar; <strong>Tatiana Arias<\/strong> reconocida por ser la creadora del sistema de Felicidad Financiera; y <strong>Jorge Arias<\/strong>, director de <strong>Google Workspace para Am\u00e9rica Latina; <\/strong>acompa\u00f1ados por <strong>Claudia Baham\u00f3n<\/strong>, quien ser\u00e1 la anfitriona del Wake Up 2025.<\/p>\n<\/div>\n<div id=\"element-body-6\">\n<p>Estos l\u00edderes compartir\u00e1n herramientas y estrategias para potenciar el <strong>crecimiento personal y profesional de los asistentes<\/strong>; adem\u00e1s, durante los d\u00edas de las conferencias se llevar\u00e1n a cabo meditaciones guiadas, ejercicios de reflexi\u00f3n profunda y din\u00e1micas grupales energizantes para crecer exponencialmente y alcanzar una transformaci\u00f3n personal para el \u00e9xito en todas las \u00e1reas de la vida.<\/p>\n<\/div>\n<div id=\"element-body-7\">\n<p>Desde su inicio en 2021, Wake Up Conferences ha reunido am\u00e1s de <strong>30,000 participantes<\/strong>, ofreciendo experiencias que han impulsado la transformaci\u00f3n de l\u00edderes y emprendedores de toda la regi\u00f3n. Estudios indican que el 85% de los asistentes a este tipo de eventos reportan mejoras significativas en habilidades como liderazgo, comunicaci\u00f3n y toma de decisiones, reflej\u00e1ndose en un aumento del 30% en la productividad empresarial.<\/p>\n<\/div>\n<div id=\"element-body-9\">\n<p>Este evento se ha convertido en uno de los m\u00e1s grandes en temas de liderazgo, negocios, emprendimiento y crecimiento personal, presentando cada a\u00f1o<strong> a los m\u00e1s reconocidos speakers internacionales <\/strong>como John C. Maxwell, Ismael Cala, Vilma Nu\u00f1ez,Marcus Dantus, Gus Marcos,Carlos Mu\u00f1oz, Cristian Arens, Luc\u00eda Bellochio, Juan Carlos Tassara, SandraMurcia, Arturo Yep, entre muchos m\u00e1s.<\/p>\n<\/div>\n<div id=\"element-body-10\">\n<p>Las entradas ya est\u00e1n disponibles en  con opciones que incluyen acceso VIP, beneficios exclusivos y descuentos de preventa. Se espera la asistencia de <strong>m\u00e1s de 8.000 personas<\/strong>.<\/p>\n<\/div>\n<div id=\"element-body-11\">\n<p>Sin duda, Wake Up Conferences 2025 ser\u00e1 una oportunidad exclusiva para aprender de los mejores, conectar y adquirir herramientas para cambiar el rumbo de su vida, las organizaciones y en general la sociedad.<\/p>\n<\/div>\n<p><script async src=\"\/\/www.instagram.com\/embed.js\"><\/script><br \/>\n<br \/><br \/>\n<br \/><a href=\"https:\/\/www.clarin.com\/informacion-general\/conferencia-decada-llega-latam-tony-robbins-speaker-principal_0_2kG79XncxA.html\">Fuente Clarin.com <\/a><\/p>\n","protected":false},"excerpt":{"rendered":"<p>La conferencia m\u00e1s importante de liderazgo, negocios y desarrollo personal de la d\u00e9cada; se trata del Wake Up Conference 2025, que se realizar\u00e1 los d\u00edas 3 y 4 de octubre en el coliseo MedPlus en Bogot\u00e1 y que espera la asistencia de m\u00e1s de 8 mil personas de toda Latinoam\u00e9rica. En su quinta edici\u00f3n, y [&hellip;]<\/p>\n","protected":false},"author":1,"featured_media":25719,"comment_status":"open","ping_status":"open","sticky":false,"template":"","format":"standard","meta":{"footnotes":""},"categories":[2],"tags":[66,18,1656,3878,12432,2041,5291,18327,18328,16751],"class_list":["post-25718","post","type-post","status-publish","format-standard","has-post-thumbnail","hentry","category-ultimas-noticias","tag-como","tag-con","tag-conferencia","tag-decada","tag-latam","tag-llega","tag-principal","tag-robbins","tag-speaker","tag-tony"],"_links":{"self":[{"href":"https:\/\/13.com.ar\/index.php\/wp-json\/wp\/v2\/posts\/25718","targetHints":{"allow":["GET"]}}],"collection":[{"href":"https:\/\/13.com.ar\/index.php\/wp-json\/wp\/v2\/posts"}],"about":[{"href":"https:\/\/13.com.ar\/index.php\/wp-json\/wp\/v2\/types\/post"}],"author":[{"embeddable":true,"href":"https:\/\/13.com.ar\/index.php\/wp-json\/wp\/v2\/users\/1"}],"replies":[{"embeddable":true,"href":"https:\/\/13.com.ar\/index.php\/wp-json\/wp\/v2\/comments?post=25718"}],"version-history":[{"count":0,"href":"https:\/\/13.com.ar\/index.php\/wp-json\/wp\/v2\/posts\/25718\/revisions"}],"wp:featuredmedia":[{"embeddable":true,"href":"https:\/\/13.com.ar\/index.php\/wp-json\/wp\/v2\/media\/25719"}],"wp:attachment":[{"href":"https:\/\/13.com.ar\/index.php\/wp-json\/wp\/v2\/media?parent=25718"}],"wp:term":[{"taxonomy":"category","embeddable":true,"href":"https:\/\/13.com.ar\/index.php\/wp-json\/wp\/v2\/categories?post=25718"},{"taxonomy":"post_tag","embeddable":true,"href":"https:\/\/13.com.ar\/index.php\/wp-json\/wp\/v2\/tags?post=25718"}],"curies":[{"name":"wp","href":"https:\/\/api.w.org\/{rel}","templated":true}]}}