{"id":25716,"date":"2025-05-15T17:43:43","date_gmt":"2025-05-15T20:43:43","guid":{"rendered":"https:\/\/13.com.ar\/index.php\/luciana-elbusto-perdio-uno-de-sus-trabajos-luego-de-confirmar-su-affaire-con-diego-brancatelli\/"},"modified":"2025-05-15T17:43:43","modified_gmt":"2025-05-15T20:43:43","slug":"luciana-elbusto-perdio-uno-de-sus-trabajos-luego-de-confirmar-su-affaire-con-diego-brancatelli","status":"publish","type":"post","link":"https:\/\/13.com.ar\/index.php\/luciana-elbusto-perdio-uno-de-sus-trabajos-luego-de-confirmar-su-affaire-con-diego-brancatelli\/","title":{"rendered":"Luciana Elbusto perdi\u00f3 uno de sus trabajos luego de confirmar su affaire con Diego Brancatelli"},"content":{"rendered":"<p> <br \/>\n<br \/><img decoding=\"async\" src=\"https:\/\/13.com.ar\/wp-content\/uploads\/2025\/05\/Luciana-Elbusto-perdio-uno-de-sus-trabajos-luego-de-confirmar.jpg\" \/><\/p>\n<div id=\"element-body-0\">\n<p><strong>Luciana Elbusto<\/strong> atraviesa momentos dif\u00edciles luego de quedar en el centro de la pol\u00e9mica tras confirmar su romance con Diego Brancatelli, el cual habr\u00eda durado al menos cinco a\u00f1os. <\/p>\n<\/div>\n<div id=\"element-body-1\">\n<p>Como consecuencia,<strong> revel\u00f3 que fue suspendida del programa <em>ISPA Todo al rev\u00e9s<\/em><\/strong>, que conduce en Net TV junto a Diego Su\u00e1rez, quien se mostr\u00f3 molesto con ella y <strong>expres\u00f3 su sorpresa al enterarse del <em>affaire<\/em> medi\u00e1tico de su compa\u00f1era con el periodista a trav\u00e9s de los medios.<\/strong><\/p>\n<\/div>\n<div id=\"element-body-2\">\n<p>Aunque Luciana hab\u00eda acordado con Brancatelli y su esposa, Cecilia Insinga, mantener el v\u00ednculo en secreto y negarlo p\u00fablicamente, d\u00edas atr\u00e1s rompi\u00f3 ese pacto y finalmente <strong>decidi\u00f3 contar su versi\u00f3n sobre la relaci\u00f3n que mantuvo con el periodista af\u00edn al kirchnerismo.<\/strong><\/p>\n<\/div>\n<div id=\"element-body-3\">\n<p>Su decisi\u00f3n de hablar del tema en distintos programas de televisi\u00f3n<strong> le generaron a Luciana conflictos en el plano laboral, ya que las autoridades del canal Net TV resolvieron suspenderla <\/strong>al menos hasta el lunes 19 de mayo. Pero su regreso al ciclo parece poco probable.<\/p>\n<\/div>\n<div id=\"element-body-5\">\n<p>Fue en<em> LAM <\/em>(Am\u00e9rica TV) que Diego Su\u00e1rez, el compa\u00f1ero de Luciana Elbusto en el programa, explic\u00f3 como surgi\u00f3 la medida que tom\u00f3 la se\u00f1al: <strong>&#8220;Yo no la suspend\u00ed, fue el canal, Sebasti\u00e1n Beltrami que es el CEO de la se\u00f1al que ahora est\u00e1 en San Pablo&#8221;<\/strong>, aclar\u00f3.<\/p>\n<\/div>\n<div id=\"element-body-6\">\n<p>&#8220;<strong>Luciana lo sabe porque recibi\u00f3 un mensaje de \u00e9l y a mi tambi\u00e9n me lo comunicaron <\/strong>pero solamente para que yo sepa&#8221;, plante\u00f3.<\/p>\n<\/div>\n<div id=\"element-body-7\">\n<p>De esta manera, cuando \u00c1ngel de Brito le consult\u00f3 si hab\u00eda intentado intervenir para convencer a las autoridades de la se\u00f1al de mantener a la periodista en el canal, Su\u00e1rez respondi\u00f3: &#8220;<strong>Yo necesito un conductor para el programa <\/strong>y lo digo con mucha honestidad&#8221;. <\/p>\n<\/div>\n<div id=\"element-body-8\">\n<p>&#8220;Yo produzco el ciclo y<strong> lamento mucho la situaci\u00f3n que estamos pasando con Luciana<\/strong> <strong>porque son decisiones que le pertenecen al canal&#8221;<\/strong>, subray\u00f3 sobre el revuelo medi\u00e1tico que despert\u00f3 la confirmaci\u00f3n del <em>affaire<\/em> entre Elbusto y Brancatelli, y las repercusiones que tuvo en Net TV.<\/p>\n<\/div>\n<div id=\"element-body-9\">\n<p>En este contexto, <strong>Diego aclar\u00f3 que no est\u00e1 en sus manos decidir si Luciana continuar\u00e1 o no al frente de ISPA Todo al rev\u00e9s<\/strong>: &#8220;Ella no me va a dejar mentir, yo no le dije nada y tampoco quisiera decirle absolutamente nada que tenga que ver con dejar su puesto de trabajo&#8221;. <\/p>\n<\/div>\n<div id=\"element-body-10\">\n<div class=\"sc-c2c2a3c6-1 kQhBlc videoText videoText\">\n<h2>Video<\/h2>\n<p>Luciana Elbusto record\u00f3 el inc\u00f3modo encuentro que mantuvo con Cecilia Insinga y Diego Brancatelli<\/p>\n<\/div>\n<\/div>\n<div id=\"element-body-11\">\n<p>Cuando Luciana revel\u00f3 que le hab\u00eda prometido a Yanina Latorre asistir a <em>S\u00e1lvese Quien Pueda <\/em>(Am\u00e9rica TV) una vez que se hiciera p\u00fablico el <em>affaire<\/em> con Brancatelli, su compa\u00f1ero le retruc\u00f3 haciendo referencia a su suspensi\u00f3n: &#8220;Pero<strong> podr\u00edas haber hecho un m\u00f3vil y no ir a sentarse en el estudio de otro canal<\/strong>, entonces me parece que ah\u00ed es donde est\u00e1 el tema&#8221;.<\/p>\n<\/div>\n<p><h2>El compa\u00f1ero de Luciana Elbusto expres\u00f3 su desilusi\u00f3n tras haberse enterado sobre el romance con Diego Brancatelli por los medios <\/h2>\n<\/p>\n<div id=\"element-body-13\">\n<p>Minutos m\u00e1s tarde, el panelista Pepe Ochoa quiso saber si \u00e9l se sinti\u00f3 decepcionado luego de conocer que<strong> <\/strong>Luciana Elbusto hab\u00eda mantenido un relaci\u00f3n sentimental con Brancatelli.<\/p>\n<\/div>\n<div id=\"element-body-14\">\n<p>Entonces, el periodista y productor tom\u00f3 la palabra y <strong>reconoci\u00f3 haber mantenido una charla privada con ella al respecto<\/strong>: &#8220;Eso es algo que yo le dije a ella&#8221;. <strong><span class=\"ql-cursor\">\ufeff<\/span><\/strong><\/p>\n<\/div>\n<div id=\"element-body-15\">\n<p>&#8220;<strong>Me sent\u00ed traicionado<\/strong>. Lo que no pude entender nunca es c\u00f3mo de las 8 de la noche a las 8 de la ma\u00f1ana, <strong>ella tom\u00f3 la decisi\u00f3n de decir algo con lo que yo qued\u00e9 como un boludo <\/strong>y un pelotud&#8230;al aire porque yo la apoy\u00e9&#8221;, sentenci\u00f3, categ\u00f3rico sobre las declaraciones que hizo Elbusto en un comienzo negando los rumores que la vinculaban a Brancatelli. <\/p>\n<\/div>\n<div id=\"element-body-16\">\n<p>Segundos m\u00e1s tarde, Su\u00e1rez desliz\u00f3 que respald\u00f3 a Luciana ante las autoridades del canal en medio de la pol\u00e9mica: <strong>&#8220;Habl\u00e9 con mucha gente y les asegur\u00e9 que ella no estaba mintiendo&#8221;. <\/strong><\/p>\n<\/div>\n<div id=\"element-body-18\">\n<p>Ante el planteo de su colega, Luciana aclar\u00f3 que no solo le hab\u00eda ocultado la relaci\u00f3n al periodista, sino que ni siquiera sus amigas o su c\u00edrculo \u00edntimo sab\u00edan sobre su situaci\u00f3n sentimental. <\/p>\n<\/div>\n<div id=\"element-body-19\">\n<p>&#8220;<strong>Me siento defraudado porque yo contaba con esta informaci\u00f3n<\/strong>. A mi me lleg\u00f3 el s\u00e1bado y yo le mand\u00e9 un mensaje (a Luciana), y yo no dije absolutamente nada hasta que ella vino, y lo hablamos&#8221;, asegur\u00f3. <\/p>\n<\/div>\n<div id=\"element-body-20\">\n<p>En esta misma l\u00ednea, Su\u00e1rez concluy\u00f3: &#8220;Entonces, <strong>no entend\u00ed porque no me lo dijo as\u00ed yo no hac\u00eda un programa en el que me inmol\u00e9 por ella&#8221;.<\/strong><\/p>\n<\/div>\n<p><br \/>\n<br \/><a href=\"https:\/\/www.clarin.com\/fama\/luciana-elbusto-perdio-trabajos-luego-confirmar-affaire-diego-brancatelli_0_9YvYHoBGF1.html\">Fuente Clarin.com <\/a><\/p>\n","protected":false},"excerpt":{"rendered":"<p>Luciana Elbusto atraviesa momentos dif\u00edciles luego de quedar en el centro de la pol\u00e9mica tras confirmar su romance con Diego Brancatelli, el cual habr\u00eda durado al menos cinco a\u00f1os. Como consecuencia, revel\u00f3 que fue suspendida del programa ISPA Todo al rev\u00e9s, que conduce en Net TV junto a Diego Su\u00e1rez, quien se mostr\u00f3 molesto con [&hellip;]<\/p>\n","protected":false},"author":1,"featured_media":25717,"comment_status":"open","ping_status":"open","sticky":false,"template":"","format":"standard","meta":{"footnotes":""},"categories":[2],"tags":[7108,16653,18,13271,880,17205,7900,1875,88,40,11537,1013],"class_list":["post-25716","post","type-post","status-publish","format-standard","has-post-thumbnail","hentry","category-ultimas-noticias","tag-affaire","tag-brancatelli","tag-con","tag-confirmar","tag-diego","tag-elbusto","tag-luciana","tag-luego","tag-perdio","tag-sus","tag-trabajos","tag-uno"],"_links":{"self":[{"href":"https:\/\/13.com.ar\/index.php\/wp-json\/wp\/v2\/posts\/25716","targetHints":{"allow":["GET"]}}],"collection":[{"href":"https:\/\/13.com.ar\/index.php\/wp-json\/wp\/v2\/posts"}],"about":[{"href":"https:\/\/13.com.ar\/index.php\/wp-json\/wp\/v2\/types\/post"}],"author":[{"embeddable":true,"href":"https:\/\/13.com.ar\/index.php\/wp-json\/wp\/v2\/users\/1"}],"replies":[{"embeddable":true,"href":"https:\/\/13.com.ar\/index.php\/wp-json\/wp\/v2\/comments?post=25716"}],"version-history":[{"count":0,"href":"https:\/\/13.com.ar\/index.php\/wp-json\/wp\/v2\/posts\/25716\/revisions"}],"wp:featuredmedia":[{"embeddable":true,"href":"https:\/\/13.com.ar\/index.php\/wp-json\/wp\/v2\/media\/25717"}],"wp:attachment":[{"href":"https:\/\/13.com.ar\/index.php\/wp-json\/wp\/v2\/media?parent=25716"}],"wp:term":[{"taxonomy":"category","embeddable":true,"href":"https:\/\/13.com.ar\/index.php\/wp-json\/wp\/v2\/categories?post=25716"},{"taxonomy":"post_tag","embeddable":true,"href":"https:\/\/13.com.ar\/index.php\/wp-json\/wp\/v2\/tags?post=25716"}],"curies":[{"name":"wp","href":"https:\/\/api.w.org\/{rel}","templated":true}]}}