{"id":2557,"date":"2025-02-06T11:37:36","date_gmt":"2025-02-06T14:37:36","guid":{"rendered":"https:\/\/13.com.ar\/index.php\/un-agente-de-la-policia-federal-se-resistio-a-un-robo-y-mato-a-dos-motochorros-en-san-antonio-de-padua\/"},"modified":"2025-02-06T11:37:36","modified_gmt":"2025-02-06T14:37:36","slug":"un-agente-de-la-policia-federal-se-resistio-a-un-robo-y-mato-a-dos-motochorros-en-san-antonio-de-padua","status":"publish","type":"post","link":"https:\/\/13.com.ar\/index.php\/un-agente-de-la-policia-federal-se-resistio-a-un-robo-y-mato-a-dos-motochorros-en-san-antonio-de-padua\/","title":{"rendered":"Un agente de la Polic\u00eda Federal se resisti\u00f3 a un robo y mat\u00f3 a dos motochorros en San Antonio de Padua"},"content":{"rendered":"<p> <br \/>\n<\/p>\n<div id=\"cuerpo\">\n<div class=\"sc-80531b6b-0 chRIGJ container-text text-embed\">\n<p><strong>Un agente de la Polic\u00eda Federal se resisti\u00f3<\/strong> este jueves a un robo la ciudad bonaerense de San Antonio de Padua, partido de Merlo,<strong> y<\/strong> <strong>mat\u00f3 a dos motochorros<\/strong> que lo atacaron cuando iba a su trabajo.<\/p>\n<\/div>\n<div class=\"sc-80531b6b-0 chRIGJ container-text text-embed\">\n<p>El tr\u00e1gico episodio ocurri\u00f3 pasadas las 6 de la ma\u00f1ana, cuando<strong> <\/strong>el agente federal se dirig\u00eda caminando a tomar servicio<strong> <\/strong>y fue asaltado por los motochorros sobre la calle Billiken, entre Noguera y Directorio.<\/p>\n<\/div>\n<div class=\"sc-80531b6b-0 chRIGJ container-text text-embed\">\n<p>Seg\u00fan se\u00f1alaron fuentes de la investigaci\u00f3n, los delincuentes, que se trasladaban en una moto Honda modelo Twister 250, <strong>doblaron en contramano y avanzaron sobre el polic\u00eda<\/strong>. Uno de ellos se baj\u00f3 de la moto haciendo el gesto de tener un arma y el otro se qued\u00f3 parado con el veh\u00edculo en marcha.<\/p>\n<\/div>\n<div class=\"sc-80531b6b-0 chRIGJ container-text text-embed\">\n<p>El agente, seg\u00fan cont\u00f3 a los investigadores, dio dos pasos hacia atr\u00e1s, <strong>sac\u00f3 su arma reglamentaria y comenz\u00f3 el enfrentamiento<\/strong>. El delincuente que estaba con la moto cay\u00f3 muerto en el lugar, mientras que el que intent\u00f3 escapar corriendo lo hizo a poco m\u00e1s de una cuadra.<\/p>\n<\/div>\n<div class=\"sc-198be8ec-0 cynXbu image-embed  image-embed \"><picture class=\"sc-198be8ec-1 kOjRiQ\"><source media=\"(min-width: 975px)\" width=\"720\" height=\"480\" \/><img alt=\"La fiscal no dispuso la detenci\u00f3n del agente por considerar que se trat\u00f3 de leg\u00edtima defensa.\" loading=\"lazy\" width=\"720\" height=\"480\" decoding=\"async\" data-nimg=\"1\" style=\"color:transparent\" src=\"https:\/\/13.com.ar\/wp-content\/uploads\/2025\/02\/Un-agente-de-la-Policia-Federal-se-resistio-a-un.jpg\"\/><span class=\"epigraphe\">La fiscal no dispuso la detenci\u00f3n del agente por considerar que se trat\u00f3 de leg\u00edtima defensa.<\/span><span class=\"bkg\"\/><span class=\"picture-open\"><button class=\"open-image\" aria-label=\"Open Image\"\/><\/span><\/picture><\/div>\n<div class=\"sc-80531b6b-0 chRIGJ container-text text-embed\">\n<p>La investigaci\u00f3n est\u00e1 a cargo de la fiscal\u00eda 1 de Mor\u00f3n, a cargo de Silvana Bonini. La fiscal no dispuso la detenci\u00f3n del agente por considerar que se trat\u00f3 de <strong>leg\u00edtima defensa<\/strong>.<\/p>\n<\/div>\n<p><h2>Un agente de la bonaerense asesinado en Ingeniero Budge<\/h2>\n<\/p>\n<div class=\"sc-80531b6b-0 chRIGJ container-text text-embed\">\n<p>Otro hecho de seguridad sacudi\u00f3 este jueves a la Provincia y fue la muerte de un agente de la Polic\u00eda Bonaerense. Se trata de Alexis Emanuel Cancino, de 33 a\u00f1os, quien prestaba servicio en el GAD de Lomas de Zamora y recibi\u00f3 un disparo en el abdomen cuando se resisti\u00f3 a un robo mientras trabajaba como chofer de una aplicaci\u00f3n de viajes en Ingeniero Budge.<\/p>\n<\/div>\n<div class=\"sc-198be8ec-0 cynXbu image-embed  image-embed \"><picture class=\"sc-198be8ec-1 kOjRiQ\"><source media=\"(min-width: 975px)\" width=\"720\" height=\"480\" \/><img alt=\"Alexis Emanuel Cancino, polic\u00eda asesinado en Ingeniero Budge.\" loading=\"lazy\" width=\"720\" height=\"480\" decoding=\"async\" data-nimg=\"1\" style=\"color:transparent\" src=\"https:\/\/13.com.ar\/wp-content\/uploads\/2025\/02\/1738852656_138_Un-agente-de-la-Policia-Federal-se-resistio-a-un.jpg\"\/><span class=\"epigraphe\">Alexis Emanuel Cancino, polic\u00eda asesinado en Ingeniero Budge.<\/span><span class=\"bkg\"\/><span class=\"picture-open\"><button class=\"open-image\" aria-label=\"Open Image\"\/><\/span><\/picture><\/div>\n<div class=\"sc-80531b6b-0 chRIGJ container-text text-embed\">\n<p>El hecho ocurri\u00f3 en la ma\u00f1ana de este jueves, en el cruce de las calles Blandengue y Homero Bis, a metros del Camino de la Ribera Sur, en el partido de Lomas de Zamora, en el sur del conurbano bonaerense.<\/p>\n<\/div>\n<div class=\"sc-80531b6b-0 chRIGJ container-text text-embed\">\n<p>Seg\u00fan se inform\u00f3, el oficial dej\u00f3 a un pasajero y poco despu\u00e9s fue atacado por dos delincuentes que lo esperaron en el lugar. Al advertir la situaci\u00f3n, el agente, que se trasladaba en un Chevrolet Corsa, sac\u00f3 su arma reglamentaria. En ese momento comenz\u00f3 un tiroteo y recibi\u00f3 un disparo en el abdomen. En tanto, uno de los ladrones tambi\u00e9n fue herido en el abdomen y en el hombro como resultado del enfrentamiento.<\/p>\n<\/div>\n<p><h2>Otro hecho de inseguridad en Moreno: un prefecto retirado se resisti\u00f3 a un robo y mat\u00f3 a un ladron<\/h2>\n<\/p>\n<div class=\"sc-80531b6b-0 chRIGJ container-text text-embed\">\n<p>Un ex agente de la Prefectura se resisti\u00f3 a un robo en Moreno y mat\u00f3 de un disparo a uno de los dos delincuentes que intentaron quitarle el auto con el que trabajaba como chofer de aplicaci\u00f3n.<\/p>\n<\/div>\n<div class=\"sc-80531b6b-0 chRIGJ container-text text-embed\">\n<p>Todo ocurri\u00f3 en Bouchard y Almirante Brown, en la zona de Las Catonas, en la localidad bonaerense que en los \u00faltimos d\u00edas se vio sacudida por la muerte de Lucas Aguilar, el delivery asesinado a cuchillazos por defender a un vendedor ambulante.<\/p>\n<\/div>\n<div class=\"sc-198be8ec-0 cynXbu image-embed  image-embed \"><picture class=\"sc-198be8ec-1 kOjRiQ\"><source media=\"(min-width: 975px)\" width=\"720\" height=\"480\" \/><img alt=\"Un prefecto asesin\u00f3 a un ladr\u00f3n en Moreno.\" loading=\"lazy\" width=\"720\" height=\"480\" decoding=\"async\" data-nimg=\"1\" style=\"color:transparent\" src=\"https:\/\/13.com.ar\/wp-content\/uploads\/2025\/02\/1738852656_318_Un-agente-de-la-Policia-Federal-se-resistio-a-un.jpg\"\/><span class=\"epigraphe\">Un prefecto asesin\u00f3 a un ladr\u00f3n en Moreno.<\/span><span class=\"bkg\"\/><span class=\"picture-open\"><button class=\"open-image\" aria-label=\"Open Image\"\/><\/span><\/picture><\/div>\n<div class=\"sc-80531b6b-0 chRIGJ container-text text-embed\">\n<p>Seg\u00fan precisaron fuentes de la investigaci\u00f3n, el ex prefecto lleg\u00f3 a ese lugar para realizar un viaje como chofer de una aplicaci\u00f3n a bordo de un Volkswagen Suran. El viaje lo hab\u00edan pedido los propios delincuentes. <\/p>\n<\/div>\n<div class=\"sc-80531b6b-0 chRIGJ container-text text-embed\">\n<p>En cuesti\u00f3n de segundos, se\u00f1alan, uno de los ladrones se subi\u00f3 al auto. El ex agente se identific\u00f3, dio la voz de alto y en ese momento el delincuente le dispar\u00f3 y lo hiri\u00f3 en la mano. El ex integrante de la fuerza tambi\u00e9n dispar\u00f3, hiriendo de muerte al delincuente. El otro delincuente logr\u00f3 fugarse.<\/p>\n<\/div>\n<\/div>\n<p><br \/>\n<br \/><a href=\"https:\/\/www.clarin.com\/policiales\/agente-policia-federal-resistio-robo-mato-motochorros-san-antonio-padua_0_ITg2vOpdoP.html\">Fuente Clarin.com <\/a><\/p>\n","protected":false},"excerpt":{"rendered":"<p>Un agente de la Polic\u00eda Federal se resisti\u00f3 este jueves a un robo la ciudad bonaerense de San Antonio de Padua, partido de Merlo, y mat\u00f3 a dos motochorros que lo atacaron cuando iba a su trabajo. El tr\u00e1gico episodio ocurri\u00f3 pasadas las 6 de la ma\u00f1ana, cuando el agente federal se dirig\u00eda caminando a [&hellip;]<\/p>\n","protected":false},"author":1,"featured_media":2558,"comment_status":"open","ping_status":"open","sticky":false,"template":"","format":"standard","meta":{"footnotes":""},"categories":[2],"tags":[1358,2621,59,4530,1384,2424,4532,1726,4531,2828,451],"class_list":["post-2557","post","type-post","status-publish","format-standard","has-post-thumbnail","hentry","category-ultimas-noticias","tag-agente","tag-antonio","tag-dos","tag-federal","tag-mato","tag-motochorros","tag-padua","tag-policia","tag-resistio","tag-robo","tag-san"],"_links":{"self":[{"href":"https:\/\/13.com.ar\/index.php\/wp-json\/wp\/v2\/posts\/2557","targetHints":{"allow":["GET"]}}],"collection":[{"href":"https:\/\/13.com.ar\/index.php\/wp-json\/wp\/v2\/posts"}],"about":[{"href":"https:\/\/13.com.ar\/index.php\/wp-json\/wp\/v2\/types\/post"}],"author":[{"embeddable":true,"href":"https:\/\/13.com.ar\/index.php\/wp-json\/wp\/v2\/users\/1"}],"replies":[{"embeddable":true,"href":"https:\/\/13.com.ar\/index.php\/wp-json\/wp\/v2\/comments?post=2557"}],"version-history":[{"count":0,"href":"https:\/\/13.com.ar\/index.php\/wp-json\/wp\/v2\/posts\/2557\/revisions"}],"wp:featuredmedia":[{"embeddable":true,"href":"https:\/\/13.com.ar\/index.php\/wp-json\/wp\/v2\/media\/2558"}],"wp:attachment":[{"href":"https:\/\/13.com.ar\/index.php\/wp-json\/wp\/v2\/media?parent=2557"}],"wp:term":[{"taxonomy":"category","embeddable":true,"href":"https:\/\/13.com.ar\/index.php\/wp-json\/wp\/v2\/categories?post=2557"},{"taxonomy":"post_tag","embeddable":true,"href":"https:\/\/13.com.ar\/index.php\/wp-json\/wp\/v2\/tags?post=2557"}],"curies":[{"name":"wp","href":"https:\/\/api.w.org\/{rel}","templated":true}]}}