{"id":2508,"date":"2025-02-06T09:39:46","date_gmt":"2025-02-06T12:39:46","guid":{"rendered":"https:\/\/13.com.ar\/index.php\/nuevamente-se-vienen-lluvias-con-una-distribucion-muy-particular\/"},"modified":"2025-02-06T09:39:46","modified_gmt":"2025-02-06T12:39:46","slug":"nuevamente-se-vienen-lluvias-con-una-distribucion-muy-particular","status":"publish","type":"post","link":"https:\/\/13.com.ar\/index.php\/nuevamente-se-vienen-lluvias-con-una-distribucion-muy-particular\/","title":{"rendered":"nuevamente se vienen lluvias con una distribuci\u00f3n muy particular"},"content":{"rendered":"<p> <br \/>\n<br \/><img decoding=\"async\" src=\"https:\/\/13.com.ar\/wp-content\/uploads\/2025\/02\/nuevamente-se-vienen-lluvias-con-una-distribucion-muy-particular.jpg\" \/><\/p>\n<div id=\"cuerpo\">\n<div class=\"sc-80531b6b-0 chRIGJ container-text text-embed\">\n<p>El informe semanal de la Bolsa de Cereales de Buenos Aires adelanta que se vienen d\u00edas de calor, acompa\u00f1ado por precipitaciones desparejas, beneficiando algunas zonas, pero dejando a gran parte con aportes insuficientes, finalizando con un descenso t\u00e9rmico muy contrastante.<\/p>\n<\/div>\n<div class=\"sc-80531b6b-0 chRIGJ container-text text-embed\">\n<p>Este informe se da tras las lluvias de las \u00faltimas horas en la regi\u00f3n n\u00facleo, ue fueron m\u00e1s abundantes de lo esperado y presentaron una distribuci\u00f3n mucho m\u00e1s pareja que en eventos anteriores. Seg\u00fan datos recopilados hasta las 8 de la ma\u00f1ana por la Bolsa de Comercio de Rosario, se registraron acumulados que superaron los 70 y 80 mil\u00edmetros en localidades del norte de Buenos Aires y el sur de Santa Fe, como Baradero (80 mm), Laboulaye (70 mm) y Pergamino (66 mm).<\/p>\n<\/div>\n<div class=\"sc-80531b6b-0 chRIGJ container-text text-embed\">\n<p>Uno de los factores clave que explican la intensidad de estas precipitaciones fue la combinaci\u00f3n de temperaturas extremadamente altas en d\u00edas previos\u2014con registros de hasta 41\u00b0C en buena parte de las estaciones\u2014y el ingreso de un frente fr\u00edo que provoc\u00f3 un descenso abrupto de m\u00e1s de 20\u00b0C en pocas horas. Este choque t\u00e9rmico gener\u00f3 tormentas intensas que lograron cubrir una porci\u00f3n importante del \u00e1rea agr\u00edcola con lluvias superiores a lo previsto.<\/p>\n<\/div>\n<div class=\"sc-80531b6b-0 chRIGJ container-text text-embed\">\n<p>En este marco, al inicio de la perspectiva del informe de la Bolsa de Cereales porte\u00f1a, tendr\u00e1 lugar una<strong> reactivaci\u00f3n algo tard\u00eda de la ola de calor<\/strong>, con vientos del Tr\u00f3pico causando temperaturas m\u00e1ximas sobre lo normal en la mayor parte del \u00e1rea agr\u00edcola, mientras s\u00f3lo las zonas serranas del oeste, el sudeste de la Regi\u00f3n Pampeana y el litoral atl\u00e1ntico observar\u00e1n registros menos intensos.<\/p>\n<\/div>\n<div class=\"sc-80531b6b-0 chRIGJ container-text text-embed\">\n<p>\u2022 La mayor parte del \u00e1rea agr\u00edcola observar\u00e1 temperaturas m\u00e1ximas superiores a 35\u00b0C con focos por encima de 40\u00b0C, que se ubicar\u00e1n sobre gran parte del Paraguay, el norte de Formosa, el centro de Santa Fe y partes de Entre R\u00edos.<\/p>\n<\/div>\n<div class=\"sc-80531b6b-0 chRIGJ container-text text-embed\">\n<p>\u2022 S\u00f3lo las zonas serranas y monta\u00f1osas del oeste, el sudeste de la Regi\u00f3n Pampeana y las \u00e1reas cercanas al litoral atl\u00e1ntico observar\u00e1n temperaturas m\u00e1ximas inferiores a 35\u00b0C.<\/p>\n<\/div>\n<div class=\"sc-80531b6b-0 chRIGJ container-text text-embed\">\n<p>Paralelamente, <strong>se producir\u00e1n precipitaciones con una distribuci\u00f3n muy particular<\/strong>, con registros moderados a abundantes sobre una franja con forma de jota, que correr\u00e1 sobre el centro del NOA, el norte de Cuyo, el centro de la Regi\u00f3n Pampeana incluyendo el Sudeste de Buenos Aires, el sur de la Mesopotamia y gran parte del Uruguay, mientras la mayor parte del \u00e1rea agr\u00edcola recibir\u00e1 aportes escasos.<\/p>\n<\/div>\n<div class=\"sc-80531b6b-0 chRIGJ container-text text-embed\">\n<p>\u2022 El este del NOA, la mayor parte del Paraguay, la mayor parte de la Regi\u00f3n del Chaco, el norte de la Regi\u00f3n Pampeana y gran parte de la Mesopotamia recibir\u00e1n aportes escasos a nulos.<\/p>\n<\/div>\n<div class=\"sc-80531b6b-0 chRIGJ container-text text-embed\">\n<p>\u2022 El centro del NOA, el norte de Cuyo, el centro de la Regi\u00f3n Pampeana hasta el sudeste bonaerense, el sur de la Mesopotamia y gran parte del Uruguay, experimentar\u00e1n aportes moderados a abundantes (25 a 75 mm), con focos de registros muy abundantes (m\u00e1s de 75 mm).<\/p>\n<\/div>\n<div class=\"sc-80531b6b-0 chRIGJ container-text text-embed\">\n<p>\u2022 La mayor parte de Cuyo y el oeste y sudoeste de la Regi\u00f3n Pampeana observar\u00e1n precipitaciones escasas a nulas (menos de 3 mm)., con focos aislados con valores moderados.<\/p>\n<\/div>\n<div class=\"sc-80531b6b-0 chRIGJ container-text text-embed\">\n<p>Hacia el final de la perspectiva, se producir\u00e1 una irrupci\u00f3n de vientos polares, que se extender\u00e1 sobre todo el oeste y el sur del \u00e1rea agr\u00edcola, provocando temperaturas m\u00ednimas bajo lo normal, pero sin lograr penetrar con fuerza al resto del Cono Sur, que seguir\u00e1 bajo el dominio de los vientos del tr\u00f3pico, provocando un fuerte contraste t\u00e9rmico.<\/p>\n<\/div>\n<div class=\"sc-80531b6b-0 chRIGJ container-text text-embed\">\n<p>\u2022 Las zonas serranas del oeste observar\u00e1n temperaturas m\u00ednimas bajo 20\u00b0C, disminuyendo marcadamente hacia las \u00e1reas monta\u00f1osas.<\/p>\n<\/div>\n<div class=\"sc-80531b6b-0 chRIGJ container-text text-embed\">\n<p>\u2022 El centro y el este de Cuyo, el sur de la Regi\u00f3n Pampeana y el este del Uruguay observar\u00e1n temperaturas m\u00ednimas inferiores a 20\u00b0C, con valores menores hacia el sur, aunque sin riesgo de heladas localizadas.<\/p>\n<\/div>\n<div class=\"sc-80531b6b-0 chRIGJ container-text text-embed\">\n<p>\u2022 El resto del \u00e1rea agr\u00edcola observar\u00e1 temperaturas m\u00ednimas por encima de 20 \u00b0C, con focos superiores en su porci\u00f3n centro-norte.<\/p>\n<\/div>\n<\/div>\n<p><br \/>\n<br \/><a href=\"https:\/\/www.clarin.com\/rural\/alivio-nuevamente-vienen-lluvias-distribucion-particular_0_kOopQiCfh7.html\">Fuente Clarin.com <\/a><\/p>\n","protected":false},"excerpt":{"rendered":"<p>El informe semanal de la Bolsa de Cereales de Buenos Aires adelanta que se vienen d\u00edas de calor, acompa\u00f1ado por precipitaciones desparejas, beneficiando algunas zonas, pero dejando a gran parte con aportes insuficientes, finalizando con un descenso t\u00e9rmico muy contrastante. Este informe se da tras las lluvias de las \u00faltimas horas en la regi\u00f3n n\u00facleo, [&hellip;]<\/p>\n","protected":false},"author":1,"featured_media":2509,"comment_status":"open","ping_status":"open","sticky":false,"template":"","format":"standard","meta":{"footnotes":""},"categories":[2],"tags":[18,2234,1206,188,3396,73,2028],"class_list":["post-2508","post","type-post","status-publish","format-standard","has-post-thumbnail","hentry","category-ultimas-noticias","tag-con","tag-distribucion","tag-lluvias","tag-muy","tag-nuevamente","tag-una","tag-vienen"],"_links":{"self":[{"href":"https:\/\/13.com.ar\/index.php\/wp-json\/wp\/v2\/posts\/2508","targetHints":{"allow":["GET"]}}],"collection":[{"href":"https:\/\/13.com.ar\/index.php\/wp-json\/wp\/v2\/posts"}],"about":[{"href":"https:\/\/13.com.ar\/index.php\/wp-json\/wp\/v2\/types\/post"}],"author":[{"embeddable":true,"href":"https:\/\/13.com.ar\/index.php\/wp-json\/wp\/v2\/users\/1"}],"replies":[{"embeddable":true,"href":"https:\/\/13.com.ar\/index.php\/wp-json\/wp\/v2\/comments?post=2508"}],"version-history":[{"count":0,"href":"https:\/\/13.com.ar\/index.php\/wp-json\/wp\/v2\/posts\/2508\/revisions"}],"wp:featuredmedia":[{"embeddable":true,"href":"https:\/\/13.com.ar\/index.php\/wp-json\/wp\/v2\/media\/2509"}],"wp:attachment":[{"href":"https:\/\/13.com.ar\/index.php\/wp-json\/wp\/v2\/media?parent=2508"}],"wp:term":[{"taxonomy":"category","embeddable":true,"href":"https:\/\/13.com.ar\/index.php\/wp-json\/wp\/v2\/categories?post=2508"},{"taxonomy":"post_tag","embeddable":true,"href":"https:\/\/13.com.ar\/index.php\/wp-json\/wp\/v2\/tags?post=2508"}],"curies":[{"name":"wp","href":"https:\/\/api.w.org\/{rel}","templated":true}]}}