{"id":2502,"date":"2025-02-06T09:00:31","date_gmt":"2025-02-06T12:00:31","guid":{"rendered":"https:\/\/13.com.ar\/index.php\/de-wall-street-al-gobierno-y-pasando-por-cavallo-todos-hablan-de-ello\/"},"modified":"2025-02-06T09:00:31","modified_gmt":"2025-02-06T12:00:31","slug":"de-wall-street-al-gobierno-y-pasando-por-cavallo-todos-hablan-de-ello","status":"publish","type":"post","link":"https:\/\/13.com.ar\/index.php\/de-wall-street-al-gobierno-y-pasando-por-cavallo-todos-hablan-de-ello\/","title":{"rendered":"de Wall Street al Gobierno y pasando por Cavallo, todos hablan de ello"},"content":{"rendered":"<p> <br \/>\n<br \/><img decoding=\"async\" src=\"https:\/\/13.com.ar\/wp-content\/uploads\/2025\/02\/de-Wall-Street-al-Gobierno-y-pasando-por-Cavallo-todos.jpg\" \/><\/p>\n<div>\n<p>El Presidente Javier Milei, el ministro de Econom\u00eda, Luis Caputo, y el ex ministro Domingo Cavallo, todos ellos en estas \u00faltimas horas, se han referido al mismo tema: <strong>el d\u00f3lar de ac\u00e1 a fin de a\u00f1o<\/strong>.<\/p>\n<\/div>\n<div>\n<p>El domingo el Presidente le puso fecha a la salida del cepo. Afirm\u00f3 que \u201cdejar\u00e1 de existir\u201d el 1 de enero de 2026. Si bien las restricciones cambiarias terminar\u00edan antes en caso que el FMI preste un nuevo desembolso, no pocos especulan con que igual podr\u00edan seguir hasta fin de a\u00f1o.<\/p>\n<\/div>\n<div>\n<p>D\u00edas antes Bank of America hab\u00eda informado a sus clientes que \u201cprevemos una aceleraci\u00f3n de la depreciaci\u00f3n despu\u00e9s de las elecciones y la unificaci\u00f3n de los tipos de cambio en 1.400 pesos por d\u00f3lar para diciembre por la eliminaci\u00f3n de los controles&#8221;.<\/p>\n<\/div>\n<div>\n<p>En ese contexto, el ex ministro escribi\u00f3 este mi\u00e9rcoles en su blog acerca de <strong>qu\u00e9 medidas el Gobierno podr\u00eda tomar para alejar justamente las expectativas de devaluaci\u00f3n para despu\u00e9s de las elecciones<\/strong> ya que eso podr\u00eda perjudicar al Gobierno en la contienda electoral a trav\u00e9s de un clima de inestabilidad cambiaria.<\/p>\n<\/div>\n<div>\n<p>La instalaci\u00f3n de que el d\u00f3lar dar\u00e1 un salto despu\u00e9s de una fecha genera adem\u00e1s ineficiencias: muchos privados especular\u00edan con el precio del d\u00f3lar, postergar\u00edan contratos y planes de inversi\u00f3n.<\/p>\n<\/div>\n<div>\n<p>La hoja de ruta de Cavallo est\u00e1 basada en<strong> medidas fiscales<\/strong> (bajar retenciones, entre algunas) y<strong> monetarias-cambiarias<\/strong> (eliminar el d\u00f3lar blend por ejemplo) para aumentar la oferta de d\u00f3lares, incluso <strong>desdoblando el tipo de cambio para que los inversores ingresen d\u00f3lares a un tipo de cambio libre y legal<\/strong> que no requiera la compra y venta de t\u00edtulos p\u00fablicos (una recomendaci\u00f3n del ex ministro previa a la asunci\u00f3n del gobierno de Milei).<\/p>\n<\/div>\n<div>\n<p>Cavallo hace estas recomendaciones en base a tres supuestos: la inflaci\u00f3n seguir\u00e1 bajando, los d\u00f3lares que prestar\u00e1 el FMI no alcanzar\u00e1n para remover el cepo y el ancla de la econom\u00eda no es el tipo de cambio (como en cambio s\u00ed dice Ricardo Arriazu) sino el <strong>ajuste fiscal<\/strong>.<\/p>\n<\/div>\n<div>\n<p>La mirada del ex ministro sobre estos puntos es:<\/p>\n<\/div>\n<div>\n<p><strong>Inflaci\u00f3n:<\/strong> para el ex ministro la ca\u00edda de la tasa no se explica ni por la baja del crawl del tipo de cambi\u00f3 de 2% a 1% ni por el ajuste monetario sino m\u00e1s bien porque la apreciaci\u00f3n del peso llev\u00f3 a que m\u00e1s argentinos compran en el exterior y eso ejerce competencia sobre los precios dom\u00e9sticos.<\/p>\n<\/div>\n<div>\n<p><strong>Reservas:<\/strong> Cavallo es categ\u00f3rico sobre la plata que entregar\u00e1 el FMI: \u201cNo significar\u00e1n tampoco un aumento de las reservas netas como el que se necesita para poder eliminar el cepo cambiario\u201d. Por eso mismo el Gobierno apoyarse m\u00e1s en medidas que dinamicen la econom\u00eda como bajar retenciones, desdoblar el tipo de cambio para operaciones financieras y reintegro de exportaciones de bienes industriales.<\/p>\n<\/div>\n<div>\n<p><strong>Ancla:<\/strong> lo que sujeta el tim\u00f3n para Cavallo no es el d\u00f3lar sino el equilibrio fiscal. \u201cAun cuando una brecha cambiaria que se resiste a bajar obligara al gobierno a aumentar el ritmo del crawl para desalentar la idea de que habr\u00e1 un gran salto cambiario posterior a las elecciones\u201d.<\/p>\n<\/div>\n<p><br \/>\n<br \/><a href=\"https:\/\/www.clarin.com\/economia\/expectativa-salto-cambiario-wall-street-gobierno-pasando-cavallo-hablan_0_Wg32ExVOWH.html\">Fuente Clarin.com <\/a><\/p>\n","protected":false},"excerpt":{"rendered":"<p>El Presidente Javier Milei, el ministro de Econom\u00eda, Luis Caputo, y el ex ministro Domingo Cavallo, todos ellos en estas \u00faltimas horas, se han referido al mismo tema: el d\u00f3lar de ac\u00e1 a fin de a\u00f1o. El domingo el Presidente le puso fecha a la salida del cepo. Afirm\u00f3 que \u201cdejar\u00e1 de existir\u201d el 1 [&hellip;]<\/p>\n","protected":false},"author":1,"featured_media":2503,"comment_status":"open","ping_status":"open","sticky":false,"template":"","format":"standard","meta":{"footnotes":""},"categories":[2],"tags":[4462,4463,71,3505,4461,142,123,923,122],"class_list":["post-2502","post","type-post","status-publish","format-standard","has-post-thumbnail","hentry","category-ultimas-noticias","tag-cavallo","tag-ello","tag-gobierno","tag-hablan","tag-pasando","tag-por","tag-street","tag-todos","tag-wall"],"_links":{"self":[{"href":"https:\/\/13.com.ar\/index.php\/wp-json\/wp\/v2\/posts\/2502","targetHints":{"allow":["GET"]}}],"collection":[{"href":"https:\/\/13.com.ar\/index.php\/wp-json\/wp\/v2\/posts"}],"about":[{"href":"https:\/\/13.com.ar\/index.php\/wp-json\/wp\/v2\/types\/post"}],"author":[{"embeddable":true,"href":"https:\/\/13.com.ar\/index.php\/wp-json\/wp\/v2\/users\/1"}],"replies":[{"embeddable":true,"href":"https:\/\/13.com.ar\/index.php\/wp-json\/wp\/v2\/comments?post=2502"}],"version-history":[{"count":0,"href":"https:\/\/13.com.ar\/index.php\/wp-json\/wp\/v2\/posts\/2502\/revisions"}],"wp:featuredmedia":[{"embeddable":true,"href":"https:\/\/13.com.ar\/index.php\/wp-json\/wp\/v2\/media\/2503"}],"wp:attachment":[{"href":"https:\/\/13.com.ar\/index.php\/wp-json\/wp\/v2\/media?parent=2502"}],"wp:term":[{"taxonomy":"category","embeddable":true,"href":"https:\/\/13.com.ar\/index.php\/wp-json\/wp\/v2\/categories?post=2502"},{"taxonomy":"post_tag","embeddable":true,"href":"https:\/\/13.com.ar\/index.php\/wp-json\/wp\/v2\/tags?post=2502"}],"curies":[{"name":"wp","href":"https:\/\/api.w.org\/{rel}","templated":true}]}}