{"id":25,"date":"2025-01-28T14:02:35","date_gmt":"2025-01-28T17:02:35","guid":{"rendered":"https:\/\/13.com.ar\/index.php\/2025\/01\/28\/dos-propuestas-gratis-en-malvinas-argentinas-para-pasar-el-verano\/"},"modified":"2025-01-28T14:02:35","modified_gmt":"2025-01-28T17:02:35","slug":"dos-propuestas-gratis-en-malvinas-argentinas-para-pasar-el-verano","status":"publish","type":"post","link":"https:\/\/13.com.ar\/index.php\/dos-propuestas-gratis-en-malvinas-argentinas-para-pasar-el-verano\/","title":{"rendered":"Dos propuestas gratis en Malvinas Argentinas para pasar el verano"},"content":{"rendered":"<p> <br \/>\n<\/p>\n<div id=\"cuerpo\">\n<div class=\"sc-80531b6b-0 chRIGJ container-text text-embed\">\n<p>En <strong>Malvinas Argentinas<\/strong> el municipio present\u00f3 dos alternativas con <strong>m\u00fasica en vivo y diversas actividades al aire libre<\/strong> para este verano. Son las propuestas \u201cExperiencia CCA\u201d y \u201cMalvinas Tour\u201d. La primera es en la <strong>Casa Cultura y Arte<\/strong>, los viernes y s\u00e1bados de 18 a 23, y la segunda es los s\u00e1bados y domingos a partir de las 19 en las plazas del municipio, de forma itinerante.<\/p>\n<\/div>\n<div class=\"sc-80531b6b-0 chRIGJ container-text text-embed\">\n<p>Este fin de semana comenz\u00f3 la Experiencia CCA. La actividad estar\u00e1 disponible los viernes y s\u00e1bados hasta finales de febrero, de 18 a 23, en la Casa Cultura y Arte (CCA), ubicada en el Predio Municipal de Malvinas Argentinas.<\/p>\n<\/div>\n<div class=\"sc-80531b6b-0 chRIGJ container-text text-embed\">\n<p>Este espacio incluye food trucks, m\u00fasica en vivo, arte al aire libre y una zona de descanso. En los primeros encuentros participaron artistas como Mart\u00edn Miranda en el piano, las bandas \u201cEterno Dilema\u201d y \u201cContra todos los males de este mundo\u201d (tributo a Spinetta), un <strong>dj set con m\u00fasica de los 80<\/strong>\u2019 a cargo de Emi Sarlo, y se inaugur\u00f3 la exposici\u00f3n \u201cToda la vida tiene m\u00fasica\u201d, un <strong>homenaje a Alberto Spinetta.<\/strong><\/p>\n<\/div>\n<div class=\"sc-198be8ec-0 cynXbu image-embed  image-embed \"><picture class=\"sc-198be8ec-1 kOjRiQ\"><source media=\"(min-width: 975px)\" width=\"720\" height=\"480\" \/><img alt=\"Djs, food tracks y aire libre para disfrutar en familia.\" loading=\"lazy\" width=\"720\" height=\"480\" decoding=\"async\" data-nimg=\"1\" style=\"color:transparent\" src=\"https:\/\/13.com.ar\/wp-content\/uploads\/2025\/01\/Dos-propuestas-gratis-en-Malvinas-Argentinas-para-pasar-el-verano.jpg\"\/><span class=\"epigraphe\">Djs, food tracks y aire libre para disfrutar en familia.<\/span><span class=\"bkg\"\/><span class=\"picture-open\"><button class=\"open-image\" aria-label=\"Open Image\"\/><\/span><\/picture><\/div>\n<div class=\"sc-80531b6b-0 chRIGJ container-text text-embed\">\n<p>Para el <strong>pr\u00f3ximo fin de semana<\/strong>, se presentar\u00e1n el dj set de Mike Solovinilos, y el viernes 31 de enero y s\u00e1bado 1 de febrero, habr\u00e1 stand up con Marie Emme, el viernes, y Saudayi, el s\u00e1bado, adem\u00e1s de la continuidad de la muestra de arte en homenaje a Spinetta.<\/p>\n<\/div>\n<div class=\"sc-80531b6b-0 chRIGJ container-text text-embed\">\n<p>La casa de la Cultura y el Arte de Malvinas es un gran espacio donde<strong> se desarrollan diferentes actividades durante todo el a\u00f1o<\/strong>. Anualmente, las salas del lugar exponen obras de <strong>artistas locales<\/strong> y abren sus puertas para que los vecinos la visiten. En su auditorio y a partir del a\u00f1o 2023 comenz\u00f3 el ciclo<strong> M\u00fasica Libre Local<\/strong>, un espacio para que los solistas y bandas malvinenses toquen en vivo.Adem\u00e1s forma parte del polo audiovisual del distrito y cuenta con un equipado estudio de grabaci\u00f3n.<\/p>\n<\/div>\n<div class=\"sc-80531b6b-0 chRIGJ container-text text-embed\">\n<p>Sobre la propuesta, Zoe, de la ciudad de Villa de Mayo, coment\u00f3: \u201cVine con mi amiga y nos encant\u00f3. Estas iniciativas que suele tener el municipio nos da acceso a la cultura, al entretenimiento, y <strong>no deja a nadie afuera porque son gratuitas<\/strong>\u201d<\/p>\n<\/div>\n<div class=\"sc-198be8ec-0 cynXbu image-embed  image-embed \"><picture class=\"sc-198be8ec-1 kOjRiQ\"><source media=\"(min-width: 975px)\" width=\"720\" height=\"480\" \/><img alt=\"Hay actividades culturales todo el a\u00f1o.\" loading=\"lazy\" width=\"720\" height=\"480\" decoding=\"async\" data-nimg=\"1\" style=\"color:transparent\" src=\"https:\/\/13.com.ar\/wp-content\/uploads\/2025\/01\/1738083755_721_Dos-propuestas-gratis-en-Malvinas-Argentinas-para-pasar-el-verano.jpg\"\/><span class=\"epigraphe\">Hay actividades culturales todo el a\u00f1o.<\/span><span class=\"bkg\"\/><span class=\"picture-open\"><button class=\"open-image\" aria-label=\"Open Image\"\/><\/span><\/picture><\/div>\n<div class=\"sc-80531b6b-0 chRIGJ container-text text-embed\">\n<p>Sebasti\u00e1n, vecino de Malvinas, opin\u00f3: \u201cEst\u00e1 bueno escuchar m\u00fasica al aire libre, <strong>conectar con la naturaleza y divertirse<\/strong>. Pero tambi\u00e9n esta es una apuesta a la m\u00fasica y el arte de nuestra regi\u00f3n\u201d. Por su parte, Juan, de Tigre, expres\u00f3: \u201cEste tipo de eventos unen a la familia, hay gente de todas las edades compartiendo la experiencia, es para recomendar\u201d.<\/p>\n<\/div>\n<div class=\"sc-80531b6b-0 chRIGJ container-text text-embed\">\n<p>De la oferta gastron\u00f3mica del evento, participan <strong>emprendedores malvinenses <\/strong>que vienen haciendo un recorrido en el distrito desde hace algunos a\u00f1os y que han crecido con el apoyo del municipio y sobre todo el senador Luis Vivona. Es el caso de <strong>\u201cFuego\u201d <\/strong>un emprendimiento de food truck, que dio sus primeros pasos en la<strong> Feria de Emprendedores<\/strong> y que hoy recorre diferentes fiestas nacionales a lo largo y ancho del pa\u00eds.<\/p>\n<\/div>\n<p><h2>Bandas y shows en las plazas de Malvinas<\/h2>\n<\/p>\n<div class=\"sc-80531b6b-0 chRIGJ container-text text-embed\">\n<p>La otra iniciativa del verano es<strong> \u201cMalvinas Tour\u201d,<\/strong> que durante los s\u00e1bados y domingos visita de<strong> manera itinerante<\/strong> las plazas del distrito, con bandas en vivo y espect\u00e1culos infantiles a partir de las 19. La agenda de los pr\u00f3ximos puntos est\u00e1 disponible en la web del municipio. Para vibrar al ritmo de otro g\u00e9nero musical, el s\u00e1bado 8 de febrero de 19 a 21, se desarrollar\u00e1 la <strong>\u201cMilonga Andariega\u201d<\/strong>, en la Plaza el Tri\u00e1ngulo de los ni\u00f1os. Francisco Segu\u00ed y Soler, Ciudad de Grand Bourg<\/p>\n<\/div>\n<div class=\"sc-198be8ec-0 cynXbu image-embed  image-embed \"><picture class=\"sc-198be8ec-1 kOjRiQ\"><source media=\"(min-width: 975px)\" width=\"720\" height=\"480\" \/><img alt=\"De la oferta gastron\u00f3mica del evento participan emprendedores malvinenses. \" loading=\"lazy\" width=\"720\" height=\"480\" decoding=\"async\" data-nimg=\"1\" style=\"color:transparent\" src=\"https:\/\/13.com.ar\/wp-content\/uploads\/2025\/01\/1738083755_955_Dos-propuestas-gratis-en-Malvinas-Argentinas-para-pasar-el-verano.jpg\"\/><span class=\"epigraphe\">De la oferta gastron\u00f3mica del evento participan emprendedores malvinenses. <\/span><span class=\"bkg\"\/><span class=\"picture-open\"><button class=\"open-image\" aria-label=\"Open Image\"\/><\/span><\/picture><\/div>\n<\/div>\n<p><br \/>\n<br \/><a href=\"https:\/\/www.clarin.com\/zonales\/propuestas-gratis-malvinas-argentinas-pasar-verano_0_fUYdkGm64r.html\">Fuente Clarin.com <\/a><\/p>\n","protected":false},"excerpt":{"rendered":"<p>En Malvinas Argentinas el municipio present\u00f3 dos alternativas con m\u00fasica en vivo y diversas actividades al aire libre para este verano. Son las propuestas \u201cExperiencia CCA\u201d y \u201cMalvinas Tour\u201d. La primera es en la Casa Cultura y Arte, los viernes y s\u00e1bados de 18 a 23, y la segunda es los s\u00e1bados y domingos a [&hellip;]<\/p>\n","protected":false},"author":1,"featured_media":26,"comment_status":"open","ping_status":"open","sticky":false,"template":"","format":"standard","meta":{"footnotes":""},"categories":[2],"tags":[63,59,61,62,16,64,60,65],"class_list":["post-25","post","type-post","status-publish","format-standard","has-post-thumbnail","hentry","category-ultimas-noticias","tag-argentinas","tag-dos","tag-gratis","tag-malvinas","tag-para","tag-pasar","tag-propuestas","tag-verano"],"_links":{"self":[{"href":"https:\/\/13.com.ar\/index.php\/wp-json\/wp\/v2\/posts\/25","targetHints":{"allow":["GET"]}}],"collection":[{"href":"https:\/\/13.com.ar\/index.php\/wp-json\/wp\/v2\/posts"}],"about":[{"href":"https:\/\/13.com.ar\/index.php\/wp-json\/wp\/v2\/types\/post"}],"author":[{"embeddable":true,"href":"https:\/\/13.com.ar\/index.php\/wp-json\/wp\/v2\/users\/1"}],"replies":[{"embeddable":true,"href":"https:\/\/13.com.ar\/index.php\/wp-json\/wp\/v2\/comments?post=25"}],"version-history":[{"count":0,"href":"https:\/\/13.com.ar\/index.php\/wp-json\/wp\/v2\/posts\/25\/revisions"}],"wp:featuredmedia":[{"embeddable":true,"href":"https:\/\/13.com.ar\/index.php\/wp-json\/wp\/v2\/media\/26"}],"wp:attachment":[{"href":"https:\/\/13.com.ar\/index.php\/wp-json\/wp\/v2\/media?parent=25"}],"wp:term":[{"taxonomy":"category","embeddable":true,"href":"https:\/\/13.com.ar\/index.php\/wp-json\/wp\/v2\/categories?post=25"},{"taxonomy":"post_tag","embeddable":true,"href":"https:\/\/13.com.ar\/index.php\/wp-json\/wp\/v2\/tags?post=25"}],"curies":[{"name":"wp","href":"https:\/\/api.w.org\/{rel}","templated":true}]}}