{"id":2497,"date":"2025-02-06T08:30:35","date_gmt":"2025-02-06T11:30:35","guid":{"rendered":"https:\/\/13.com.ar\/index.php\/el-verdulero-tras-las-sombras-de-los-crimenes-en-barrio-parque\/"},"modified":"2025-02-06T08:30:35","modified_gmt":"2025-02-06T11:30:35","slug":"el-verdulero-tras-las-sombras-de-los-crimenes-en-barrio-parque","status":"publish","type":"post","link":"https:\/\/13.com.ar\/index.php\/el-verdulero-tras-las-sombras-de-los-crimenes-en-barrio-parque\/","title":{"rendered":"El verdulero tras las sombras de los cr\u00edmenes en barrio Parque"},"content":{"rendered":"<p> <br \/>\n<\/p>\n<div id=\"cuerpo\">\n<div class=\"sc-80531b6b-0 chRIGJ container-text text-embed\">\n<p>A mediados de 2010, la detenci\u00f3n de tres hermanos supuestamente vinculados a una serie de cr\u00edmenes cometidos en el <strong>tranquilo barrio Parque, en Rosario, Provincia de Santa Fe<\/strong>, conmovi\u00f3 a los vecinos.<\/p>\n<\/div>\n<div class=\"sc-80531b6b-0 chRIGJ container-text text-embed\">\n<p>Hijos del due\u00f1o de una <strong>tradicional verduler\u00eda de la zona<\/strong>, en un principio los j\u00f3venes fueron investigados por su presunta participaci\u00f3n en los homicidios de Concepci\u00f3n Lavore, Susana Garc\u00eda y Jos\u00e9 Savini, en las cercan\u00edas del comercio.<\/p>\n<\/div>\n<div class=\"sc-80531b6b-0 chRIGJ container-text text-embed\">\n<p>La hip\u00f3tesis principal se\u00f1al\u00f3 que apelaban a la <strong>confianza de sus v\u00edctimas<\/strong>, todas ellas personas mayores de buena situaci\u00f3n econ\u00f3mica y que <strong>viv\u00edan solas<\/strong>.<\/p>\n<\/div>\n<div class=\"sc-80531b6b-0 chRIGJ container-text text-embed\">\n<p>El avance de la investigaci\u00f3n incluy\u00f3 allanamientos en Rosario y Villa Gobernador G\u00e1lvez, donde se encontraron pruebas incriminatorias, como <strong>objetos robados y un veh\u00edculo <\/strong>sospechoso vinculado a uno de los cr\u00edmenes.<\/p>\n<\/div>\n<div class=\"sc-80531b6b-0 chRIGJ container-text text-embed\">\n<p>Finalmente, la Justicia dictamin\u00f3 que el asesino de los ancianos fue el hermano mayor de los Santoro, Mart\u00edn Roberto, a quien los medios identificar\u00edan como <strong>&#8220;el verdulero homicida&#8221;<\/strong>.<\/p>\n<\/div>\n<p><h2>El verdulero tras las sombras de los cr\u00edmenes en Barrio Parque<\/h2>\n<\/p>\n<div class=\"sc-198be8ec-0 cynXbu image-embed  image-embed \"><picture class=\"sc-198be8ec-1 kOjRiQ\"><source media=\"(min-width: 975px)\" width=\"720\" height=\"480\" \/><img alt=\"La casa de Susana Garc\u00eda, a quien Santoro conoc\u00eda desde chico porque le llevaba el caj\u00f3n de la verdura una vez por semana. Foto: Clar\u00edn.\" loading=\"lazy\" width=\"720\" height=\"480\" decoding=\"async\" data-nimg=\"1\" style=\"color:transparent\" src=\"https:\/\/13.com.ar\/wp-content\/uploads\/2025\/02\/El-verdulero-tras-las-sombras-de-los-crimenes-en-barrio.jpg\"\/><span class=\"epigraphe\">La casa de Susana Garc\u00eda, a quien Santoro conoc\u00eda desde chico porque le llevaba el caj\u00f3n de la verdura una vez por semana. Foto: Clar\u00edn.<\/span><span class=\"bkg\"\/><span class=\"picture-open\"><button class=\"open-image\" aria-label=\"Open Image\"\/><\/span><\/picture><\/div>\n<div class=\"sc-80531b6b-0 chRIGJ container-text text-embed\">\n<p>En diciembre de 2013, <strong>Mart\u00edn Roberto Santoro<\/strong>, &#8220;el verdulero homicida&#8221; de Rosario, fue condenado a <strong>prisi\u00f3n perpetua <\/strong>por el asesinato de tres ancianos entre febrero y mayo de 2010.<\/p>\n<\/div>\n<div class=\"sc-80531b6b-0 chRIGJ container-text text-embed\">\n<p>Aprovechando la confianza con las v\u00edctimas, el homicida hab\u00eda atacado en sus domicilios a Concepci\u00f3n Lavore y Susana Garc\u00eda, del barrio Parque, y Jos\u00e9 Savini, de Zavalla. Luego <strong>les rob\u00f3 dinero, joyas y otros objetos de valor<\/strong>. El tribunal de Segunda Instancia de Rosario determin\u00f3 que los cr\u00edmenes fueron cometidos para ocultar los robos, enmarc\u00e1ndolos como homicidios &#8220;criminis causa&#8221;.<\/p>\n<\/div>\n<div class=\"sc-80531b6b-0 chRIGJ container-text text-embed\">\n<p>El caso de <strong>Susana Garc\u00eda<\/strong> fue clave para descubrir el <strong>patr\u00f3n criminal <\/strong>de Santoro. Asesinada en mayo de 2010, su cuerpo fue hallado tres meses m\u00e1s tarde atada a la puerta de la cocina con se\u00f1ales de asfixia y un golpe en la cabeza. Detalles como<strong> un nudo deslizante en un cable y una bolsa de verduras<\/strong> similares a los encontrados en la escena del crimen de Concepci\u00f3n Lavore, ocurrido en febrero de ese mismo a\u00f1o, permitieron a los investigadores conectar ambos casos.<\/p>\n<\/div>\n<div class=\"sc-198be8ec-0 cynXbu image-embed  image-embed \"><picture class=\"sc-198be8ec-1 kOjRiQ\"><source media=\"(min-width: 975px)\" width=\"720\" height=\"480\" \/><img alt=\"En poder de &quot;el verdulero homicida&quot; de Rosario encontraron distintos objetos de los tres ancianos.\" loading=\"lazy\" width=\"720\" height=\"480\" decoding=\"async\" data-nimg=\"1\" style=\"color:transparent\" src=\"https:\/\/13.com.ar\/wp-content\/uploads\/2025\/02\/1738841435_529_El-verdulero-tras-las-sombras-de-los-crimenes-en-barrio.jpg\"\/><span class=\"epigraphe\">En poder de &#8220;el verdulero homicida&#8221; de Rosario encontraron distintos objetos de los tres ancianos.<\/span><span class=\"bkg\"\/><span class=\"picture-open\"><button class=\"open-image\" aria-label=\"Open Image\"\/><\/span><\/picture><\/div>\n<div class=\"sc-80531b6b-0 chRIGJ container-text text-embed\">\n<p>El <strong>tel\u00e9fono celular<\/strong> de Garc\u00eda en manos de Santoro al ser detenido, reforz\u00f3 las pruebas. Y tambi\u00e9n fueron decisivos algunos testimonios, como el de un conocido del homicida que confes\u00f3 que el verdulero le hab\u00eda propuesto participar en actos delictivos.<\/p>\n<\/div>\n<div class=\"sc-80531b6b-0 chRIGJ container-text text-embed\">\n<p>El <strong>crimen del locutor Jos\u00e9 Savini<\/strong>, cometido tambi\u00e9n en mayo de 2010 en su casa de Dorrego al 2300, de Zavalla, hab\u00eda mostrado el <strong>mismo modus operandi:<\/strong> confianza previa, violencia y saqueo de bienes. Al momento de su arresto, adem\u00e1s, Santoro transportaba objetos robados del locutor en su camioneta, una Sprinter blanca con un choque, que coincid\u00eda con la descripci\u00f3n de testigos que aseguraron haber visto ese veh\u00edculo el d\u00eda del crimen frente a la casa de Savini.<\/p>\n<\/div>\n<div class=\"sc-80531b6b-0 chRIGJ container-text text-embed\">\n<p>Las pericias que vincularon una huella en la escena del crimen con zapatillas usadas por el acusado, cerraron el caso. Las pruebas contundentes y el an\u00e1lisis de los jueces dejaron en claro que Santoro no solo planific\u00f3 y ejecut\u00f3 los cr\u00edmenes, sino que los llev\u00f3 a cabo con una <strong>estrategia calculada y despiadada<\/strong>.<\/p>\n<\/div>\n<\/div>\n<p><br \/>\n<br \/><a href=\"https:\/\/www.clarin.com\/informacion-general\/verdulero-sombras-crimenes-barrio-parque_0_IvFpwHsxO7.html\">Fuente Clarin.com <\/a><\/p>\n","protected":false},"excerpt":{"rendered":"<p>A mediados de 2010, la detenci\u00f3n de tres hermanos supuestamente vinculados a una serie de cr\u00edmenes cometidos en el tranquilo barrio Parque, en Rosario, Provincia de Santa Fe, conmovi\u00f3 a los vecinos. Hijos del due\u00f1o de una tradicional verduler\u00eda de la zona, en un principio los j\u00f3venes fueron investigados por su presunta participaci\u00f3n en los [&hellip;]<\/p>\n","protected":false},"author":1,"featured_media":2498,"comment_status":"open","ping_status":"open","sticky":false,"template":"","format":"standard","meta":{"footnotes":""},"categories":[2],"tags":[4456,3391,48,28,787,4455,312,4454],"class_list":["post-2497","post","type-post","status-publish","format-standard","has-post-thumbnail","hentry","category-ultimas-noticias","tag-barrio","tag-crimenes","tag-las","tag-los","tag-parque","tag-sombras","tag-tras","tag-verdulero"],"_links":{"self":[{"href":"https:\/\/13.com.ar\/index.php\/wp-json\/wp\/v2\/posts\/2497","targetHints":{"allow":["GET"]}}],"collection":[{"href":"https:\/\/13.com.ar\/index.php\/wp-json\/wp\/v2\/posts"}],"about":[{"href":"https:\/\/13.com.ar\/index.php\/wp-json\/wp\/v2\/types\/post"}],"author":[{"embeddable":true,"href":"https:\/\/13.com.ar\/index.php\/wp-json\/wp\/v2\/users\/1"}],"replies":[{"embeddable":true,"href":"https:\/\/13.com.ar\/index.php\/wp-json\/wp\/v2\/comments?post=2497"}],"version-history":[{"count":0,"href":"https:\/\/13.com.ar\/index.php\/wp-json\/wp\/v2\/posts\/2497\/revisions"}],"wp:featuredmedia":[{"embeddable":true,"href":"https:\/\/13.com.ar\/index.php\/wp-json\/wp\/v2\/media\/2498"}],"wp:attachment":[{"href":"https:\/\/13.com.ar\/index.php\/wp-json\/wp\/v2\/media?parent=2497"}],"wp:term":[{"taxonomy":"category","embeddable":true,"href":"https:\/\/13.com.ar\/index.php\/wp-json\/wp\/v2\/categories?post=2497"},{"taxonomy":"post_tag","embeddable":true,"href":"https:\/\/13.com.ar\/index.php\/wp-json\/wp\/v2\/tags?post=2497"}],"curies":[{"name":"wp","href":"https:\/\/api.w.org\/{rel}","templated":true}]}}