{"id":2492,"date":"2025-02-06T07:53:49","date_gmt":"2025-02-06T10:53:49","guid":{"rendered":"https:\/\/13.com.ar\/index.php\/jamas-imagine-que-podria-volver-a-competir\/"},"modified":"2025-02-06T07:53:49","modified_gmt":"2025-02-06T10:53:49","slug":"jamas-imagine-que-podria-volver-a-competir","status":"publish","type":"post","link":"https:\/\/13.com.ar\/index.php\/jamas-imagine-que-podria-volver-a-competir\/","title":{"rendered":"Jam\u00e1s imagin\u00e9 que podr\u00eda volver a competir"},"content":{"rendered":"<p> <br \/>\n<\/p>\n<div id=\"cuerpo\">\n<div class=\"sc-80531b6b-0 chRIGJ container-text text-embed\">\n<p>Siempre me han gustado los desaf\u00edos. Mi regreso a la competencia en el esqu\u00ed ha estado marcado por el amor por el deporte, por la velocidad y por la adrenalina que s\u00f3lo las pistas pueden darme. Cortina, en Italia, es un lugar especial para m\u00ed: <strong>fue all\u00ed donde me di cuenta de que ten\u00eda potencial para ganar<\/strong>. En cuanto llego a esas monta\u00f1as, me siento en casa. A un a\u00f1o de los <strong>Juegos Ol\u00edmpicos de Invierno<\/strong> que se disputar\u00e1n entre Cortina y Mil\u00e1n, espero con emoci\u00f3n la oportunidad de volver a competir en la m\u00e1xima cita deportiva, m\u00e1s a\u00fan cuando se celebran en un lugar al que le tengo tanto cari\u00f1o.<\/p>\n<\/div>\n<div class=\"sc-80531b6b-0 chRIGJ container-text text-embed\">\n<p>Mi motivaci\u00f3n es hoy la misma que cuando era ni\u00f1a: <strong>adoro esquiar, la velocidad y la competici\u00f3n<\/strong>. Por eso me enamor\u00e9 de este deporte. Gracias al esqu\u00ed he tenido la suerte de construir una vida incre\u00edble y, aunque crear mi Fundaci\u00f3n y mis negocios han sido experiencias muy gratificantes, la alegr\u00eda que siento en las pistas no tiene parang\u00f3n.<\/p>\n<\/div>\n<div class=\"sc-80531b6b-0 chRIGJ container-text text-embed\">\n<p>Dej\u00e9 de competir en contra de mi voluntad, pero no hab\u00eda otra alternativa. Hab\u00eda acumulado demasiadas lesiones, el cuerpo ya no se portaba como deb\u00eda y<strong> ten\u00eda la rodilla derecha destrozada<\/strong>. Abandonar el deporte que tanto quer\u00eda fue dur\u00edsimo, pero sab\u00eda que era imperativo si quer\u00eda proteger mi bienestar f\u00edsico. <\/p>\n<\/div>\n<div class=\"sc-80531b6b-0 chRIGJ container-text text-embed\">\n<p>Me colocaron una pr\u00f3tesis de rodilla para que pudiera seguir explorando, movi\u00e9ndome, jugando al tenis y persiguiendo todas las aventuras que siempre hab\u00eda imaginado. <strong>Jam\u00e1s imagin\u00e9 que podr\u00eda volver a competir.<\/strong> <\/p>\n<\/div>\n<div class=\"sc-80531b6b-0 chRIGJ container-text text-embed\">\n<p>Cuando me di cuenta de lo bien que funcionaba esa nueva rodilla, comenc\u00e9 a pensar hasta d\u00f3nde ser\u00eda capaz de llegar. Despu\u00e9s de una valoraci\u00f3n detenida y el visto bueno de mi equipo m\u00e9dico, me lanc\u00e9. Me lanc\u00e9 con pocas expectativas pero con mucha alegr\u00eda y cada paso adelante me sorprende gratamente.<strong> Lo m\u00e1s importante es que me divierto como nunca.<\/strong><\/p>\n<\/div>\n<div class=\"sc-198be8ec-0 cynXbu image-embed  image-embed \"><picture class=\"sc-198be8ec-1 kOjRiQ\"><source media=\"(min-width: 975px)\" width=\"720\" height=\"480\" \/><img alt=\"La esquiadora estadounidense Lindsay Vonn, de vuelta a las pistas tras m\u00e1s de cinco a\u00f1os retirada.&#10;Foto EFE\" loading=\"lazy\" width=\"720\" height=\"480\" decoding=\"async\" data-nimg=\"1\" style=\"color:transparent\" src=\"https:\/\/www.clarin.com\/img\/2025\/02\/04\/AiHFLOQHT_720x0__1.jpg\"\/><span class=\"epigraphe\">La esquiadora estadounidense Lindsay Vonn, de vuelta a las pistas tras m\u00e1s de cinco a\u00f1os retirada.<br \/>\nFoto EFE<\/span><span class=\"bkg\"\/><span class=\"picture-open\"><button class=\"open-image\" aria-label=\"Open Image\"\/><\/span><\/picture><\/div>\n<div class=\"sc-80531b6b-0 chRIGJ container-text text-embed\">\n<p>Las carreras de esqu\u00ed siguen siendo un deporte peligroso. Aunque tengas 20, 30 o 40 a\u00f1os, una rodilla o una pr\u00f3tesis, <strong>el riesgo es ineludible<\/strong>. Cuando te lanzas en unos esqu\u00eds a 130 km\/h por una monta\u00f1a, sabes a lo que te enfrentas. Sin embargo, hoy me siento m\u00e1s sana y fuerte que al final de mi carrera.<\/p>\n<\/div>\n<div class=\"sc-80531b6b-0 chRIGJ container-text text-embed\">\n<p>Teniendo en cuenta lo bien que ha ido la temporada y c\u00f3mo me siento, estoy lo suficientemente alentada para afirmar que quiero competir en Milano-Cortina 2026 el a\u00f1o que viene.<\/p>\n<\/div>\n<div class=\"sc-80531b6b-0 chRIGJ container-text text-embed\">\n<p>Cortina es un lugar muy significativo para m\u00ed: all\u00ed aprend\u00ed a aprovechar al m\u00e1ximo una carrera, subir a un podio y darme cuenta de que pod\u00eda ganar. Mi enfoque no ha cambiado mucho desde mi primer podio en 2004. Siempre he sentido un v\u00ednculo especial con esa monta\u00f1a, como si pudiese ver la trayectoria perfecta, entender sus exigencias y hacer lo necesario para ganar. Tengo infinitos recuerdos de Cortina.<\/p>\n<\/div>\n<div class=\"sc-80531b6b-0 chRIGJ container-text text-embed\">\n<p>Tambi\u00e9n es uno de los lugares m\u00e1s bellos que he visitado. Est\u00e1 claro que ser\u00e1 una sede ol\u00edmpica de primera. El a\u00f1o pasado Par\u00eds reaviv\u00f3 la pasi\u00f3n de todo el planeta por los Juegos Ol\u00edmpicos, atrayendo al p\u00fablico con un soplo de aire fresco. Estoy convencida de que Cortina retomar\u00e1 la posta de Par\u00eds y <strong>despertar\u00e1 un nuevo entusiasmo por los deportes de invierno<\/strong>.<\/p>\n<\/div>\n<div class=\"sc-198be8ec-0 cynXbu image-embed  image-embed \"><picture class=\"sc-198be8ec-1 kOjRiQ\"><source media=\"(min-width: 975px)\" width=\"720\" height=\"480\" \/><img alt=\"La esquiadora Lindsay Vonn apuesta a volver en los Juegos Ol\u00edmpicos de Invierno de 2026.&#10;Foto COI\" loading=\"lazy\" width=\"720\" height=\"480\" decoding=\"async\" data-nimg=\"1\" style=\"color:transparent\" src=\"https:\/\/www.clarin.com\/img\/2025\/02\/04\/GzA6Hri5O_720x0__1.jpg\"\/><span class=\"epigraphe\">La esquiadora Lindsay Vonn apuesta a volver en los Juegos Ol\u00edmpicos de Invierno de 2026.<br \/>\nFoto COI<\/span><span class=\"bkg\"\/><span class=\"picture-open\"><button class=\"open-image\" aria-label=\"Open Image\"\/><\/span><\/picture><\/div>\n<div class=\"sc-80531b6b-0 chRIGJ container-text text-embed\">\n<p>Tambi\u00e9n tengo grandes expectativas para Milano-Cortina 2026 porque <strong>ser\u00e1 un momento decisivo para las mujeres<\/strong>, pues ser\u00e1 la edici\u00f3n con m\u00e1s competidoras en la historia de los Juegos Ol\u00edmpicos de Invierno: por lo que he o\u00eddo, un 47 %. <\/p>\n<\/div>\n<div class=\"sc-80531b6b-0 chRIGJ container-text text-embed\">\n<p>Los Juegos Ol\u00edmpicos pueden ser una plataforma para promover muchas ideas avanzadas, impulsar cambios y definir c\u00f3mo enfocar\u00e1 el resto del mundo la cuesti\u00f3n de la igualdad. Todo el planeta los considera un faro de unidad, esperanza, orgullo e inspiraci\u00f3n, as\u00ed que el hecho de que sea una competici\u00f3n pr\u00e1cticamente igualitaria en g\u00e9nero transmite un mensaje significativo. <\/p>\n<\/div>\n<div class=\"sc-80531b6b-0 chRIGJ container-text text-embed\">\n<p>Los Juegos Ol\u00edmpicos tienen la capacidad de promover cambios y cambiar paradigmas. Los ni\u00f1os ver\u00e1n a los deportistas y, gracias a ellas y ellos, se ilusionar\u00e1n como nunca.<\/p>\n<\/div>\n<div class=\"sc-80531b6b-0 chRIGJ container-text text-embed\">\n<p>Creo que Milano-Cortina 2026 es una edici\u00f3n que juega con ventaja. Aunque Mil\u00e1n no est\u00e1 especialmente cerca de Cortina, las instalaciones har\u00e1n que el viaje valga la pena. Los deportistas residiremos all\u00ed donde competiremos, as\u00ed que para nosotros no ser\u00e1 un problema. Espero que el p\u00fablico disfrute de estos territorios tan diversos y que se maraville con los imponentes Dolomitas y todo lo que Cortina y los Juegos van a ofrecernos.<\/p>\n<\/div>\n<\/div>\n<p><br \/>\n<br \/><a href=\"https:\/\/www.clarin.com\/deportes\/ano-juegos-olimpicos-invierno-2026-lindsay-vonn-palpita-regreso-jamas-imagine-podria-volver-competir_0_5c9St4PiRJ.html\">Fuente Clarin.com <\/a><\/p>\n","protected":false},"excerpt":{"rendered":"<p>Siempre me han gustado los desaf\u00edos. Mi regreso a la competencia en el esqu\u00ed ha estado marcado por el amor por el deporte, por la velocidad y por la adrenalina que s\u00f3lo las pistas pueden darme. Cortina, en Italia, es un lugar especial para m\u00ed: fue all\u00ed donde me di cuenta de que ten\u00eda potencial [&hellip;]<\/p>\n","protected":false},"author":1,"featured_media":0,"comment_status":"open","ping_status":"open","sticky":false,"template":"","format":"standard","meta":{"footnotes":""},"categories":[2],"tags":[4356,3029,4446,1563,1928],"class_list":["post-2492","post","type-post","status-publish","format-standard","hentry","category-ultimas-noticias","tag-competir","tag-imagine","tag-jamas","tag-podria","tag-volver"],"_links":{"self":[{"href":"https:\/\/13.com.ar\/index.php\/wp-json\/wp\/v2\/posts\/2492","targetHints":{"allow":["GET"]}}],"collection":[{"href":"https:\/\/13.com.ar\/index.php\/wp-json\/wp\/v2\/posts"}],"about":[{"href":"https:\/\/13.com.ar\/index.php\/wp-json\/wp\/v2\/types\/post"}],"author":[{"embeddable":true,"href":"https:\/\/13.com.ar\/index.php\/wp-json\/wp\/v2\/users\/1"}],"replies":[{"embeddable":true,"href":"https:\/\/13.com.ar\/index.php\/wp-json\/wp\/v2\/comments?post=2492"}],"version-history":[{"count":0,"href":"https:\/\/13.com.ar\/index.php\/wp-json\/wp\/v2\/posts\/2492\/revisions"}],"wp:attachment":[{"href":"https:\/\/13.com.ar\/index.php\/wp-json\/wp\/v2\/media?parent=2492"}],"wp:term":[{"taxonomy":"category","embeddable":true,"href":"https:\/\/13.com.ar\/index.php\/wp-json\/wp\/v2\/categories?post=2492"},{"taxonomy":"post_tag","embeddable":true,"href":"https:\/\/13.com.ar\/index.php\/wp-json\/wp\/v2\/tags?post=2492"}],"curies":[{"name":"wp","href":"https:\/\/api.w.org\/{rel}","templated":true}]}}