{"id":24917,"date":"2025-05-13T14:48:29","date_gmt":"2025-05-13T17:48:29","guid":{"rendered":"https:\/\/13.com.ar\/index.php\/luciana-elbusto-se-canso-y-conto-toda-su-verdad-del-vinculo-con-diego-brancatelli\/"},"modified":"2025-05-13T14:48:29","modified_gmt":"2025-05-13T17:48:29","slug":"luciana-elbusto-se-canso-y-conto-toda-su-verdad-del-vinculo-con-diego-brancatelli","status":"publish","type":"post","link":"https:\/\/13.com.ar\/index.php\/luciana-elbusto-se-canso-y-conto-toda-su-verdad-del-vinculo-con-diego-brancatelli\/","title":{"rendered":"Luciana Elbusto se cans\u00f3 y cont\u00f3 toda su verdad del v\u00ednculo con Diego Brancatelli"},"content":{"rendered":"<p> <br \/>\n<br \/><img decoding=\"async\" src=\"https:\/\/13.com.ar\/wp-content\/uploads\/2025\/05\/Hablo-la-mujer-senalada-como-la-supuesta-amante-de-Diego.jpg\" \/><\/p>\n<div id=\"element-body-0\">\n<p>Cansada de los rumores, <strong>Luciana Elbusto<\/strong> decidi\u00f3 romper el silencio y contar detalles del verdadero v\u00ednculo que la une con <strong>Diego Brancatelli.<\/strong><\/p>\n<\/div>\n<div id=\"element-body-1\">\n<p>Durante una entrevista, la periodista revel\u00f3 c\u00f3mo atraviesa este momento turbulento cargado de rumores y acusaciones que <strong>la vinculan sentimentalmente con su colega.<\/strong> <\/p>\n<\/div>\n<div id=\"element-body-2\">\n<p>Luciana tambi\u00e9n revel\u00f3 que mantuvo una charla simult\u00e1nea con Brancatelli y su esposa, <strong>Cecilia Insinga<\/strong>, y les pidi\u00f3 disculpas por adelantado por hacer declaraciones p\u00fablicas al respecto. <\/p>\n<\/div>\n<div id=\"element-body-3\">\n<p><strong>&#8220;Pido perd\u00f3n desde ya si esto est\u00e1 afectando a alguien<\/strong>, pero hoy elijo cuidarme yo tambi\u00e9n&#8221;, comenz\u00f3 diciendo Elbusto.<\/p>\n<\/div>\n<div id=\"element-body-4\">\n<p>En ese sentido, Luciana confes\u00f3 que con Insinga hablaron sobre las capturas de los supuestos chats subidos de tono entre ella y su marido. <\/p>\n<\/div>\n<div id=\"element-body-5\">\n<p>&#8220;<strong>Cecilia me dijo que estaba convencida de que ni yo ni Diego hab\u00edamos filtrado mensajes de ese nivel<\/strong>, con ese contenido&#8221;, revel\u00f3 la periodista sobre lo que le habr\u00eda dicho Cecilia.<\/p>\n<\/div>\n<p><br \/>\n<br \/><a href=\"https:\/\/www.clarin.com\/fama\/luciana-elbusto-canso-conto-toda-verdad-vinculo-diego-brancatelli_0_AanitidxmT.html\">Fuente Clarin.com <\/a><\/p>\n","protected":false},"excerpt":{"rendered":"<p>Cansada de los rumores, Luciana Elbusto decidi\u00f3 romper el silencio y contar detalles del verdadero v\u00ednculo que la une con Diego Brancatelli. Durante una entrevista, la periodista revel\u00f3 c\u00f3mo atraviesa este momento turbulento cargado de rumores y acusaciones que la vinculan sentimentalmente con su colega. Luciana tambi\u00e9n revel\u00f3 que mantuvo una charla simult\u00e1nea con Brancatelli [&hellip;]<\/p>\n","protected":false},"author":1,"featured_media":22803,"comment_status":"open","ping_status":"open","sticky":false,"template":"","format":"standard","meta":{"footnotes":""},"categories":[2],"tags":[16653,6590,18,506,100,880,17205,7900,3773,5389,2449],"class_list":["post-24917","post","type-post","status-publish","format-standard","has-post-thumbnail","hentry","category-ultimas-noticias","tag-brancatelli","tag-canso","tag-con","tag-conto","tag-del","tag-diego","tag-elbusto","tag-luciana","tag-toda","tag-verdad","tag-vinculo"],"_links":{"self":[{"href":"https:\/\/13.com.ar\/index.php\/wp-json\/wp\/v2\/posts\/24917","targetHints":{"allow":["GET"]}}],"collection":[{"href":"https:\/\/13.com.ar\/index.php\/wp-json\/wp\/v2\/posts"}],"about":[{"href":"https:\/\/13.com.ar\/index.php\/wp-json\/wp\/v2\/types\/post"}],"author":[{"embeddable":true,"href":"https:\/\/13.com.ar\/index.php\/wp-json\/wp\/v2\/users\/1"}],"replies":[{"embeddable":true,"href":"https:\/\/13.com.ar\/index.php\/wp-json\/wp\/v2\/comments?post=24917"}],"version-history":[{"count":0,"href":"https:\/\/13.com.ar\/index.php\/wp-json\/wp\/v2\/posts\/24917\/revisions"}],"wp:featuredmedia":[{"embeddable":true,"href":"https:\/\/13.com.ar\/index.php\/wp-json\/wp\/v2\/media\/22803"}],"wp:attachment":[{"href":"https:\/\/13.com.ar\/index.php\/wp-json\/wp\/v2\/media?parent=24917"}],"wp:term":[{"taxonomy":"category","embeddable":true,"href":"https:\/\/13.com.ar\/index.php\/wp-json\/wp\/v2\/categories?post=24917"},{"taxonomy":"post_tag","embeddable":true,"href":"https:\/\/13.com.ar\/index.php\/wp-json\/wp\/v2\/tags?post=24917"}],"curies":[{"name":"wp","href":"https:\/\/api.w.org\/{rel}","templated":true}]}}