{"id":24912,"date":"2025-05-13T14:24:32","date_gmt":"2025-05-13T17:24:32","guid":{"rendered":"https:\/\/13.com.ar\/index.php\/gabriela-la-primera-brasilena-de-gran-hermano-en-la-argentina-explica-por-que-fallo-su-juego-y-habla-de-como-cambio-su-cuerpo-dentro-de-la-casa\/"},"modified":"2025-05-13T14:24:32","modified_gmt":"2025-05-13T17:24:32","slug":"gabriela-la-primera-brasilena-de-gran-hermano-en-la-argentina-explica-por-que-fallo-su-juego-y-habla-de-como-cambio-su-cuerpo-dentro-de-la-casa","status":"publish","type":"post","link":"https:\/\/13.com.ar\/index.php\/gabriela-la-primera-brasilena-de-gran-hermano-en-la-argentina-explica-por-que-fallo-su-juego-y-habla-de-como-cambio-su-cuerpo-dentro-de-la-casa\/","title":{"rendered":"Gabriela, la primera brasile\u00f1a de Gran Hermano en la Argentina, explica por qu\u00e9 fall\u00f3 su juego y habla de c\u00f3mo cambi\u00f3 su cuerpo dentro de la casa"},"content":{"rendered":"<p> <br \/>\n<\/p>\n<div id=\"cuerpo\">\n<div class=\"sc-45461e9c-0 eqiBeF container-text text-embed \" id=\"element-body-0\">\n<p>Ya es parte de la TV argentina y, sin embargo, no tiene reparos en admitir que <strong>&#8220;no ve\u00eda nada de tele, soy un desastre con eso<\/strong>. Me la pasaba estudiando y dando clases 24\/7&#8243;. La voz de <strong>Gabriela Gianatassio<\/strong>, la primera brasile\u00f1a en participar de la versi\u00f3n local de <strong>Gran hermano<\/strong> (a las 22.15, por Telefe), combina emoci\u00f3n, alegr\u00eda y sorpresa. Eliminada del juego hace menos de 48 horas, ahora le confiesa a <strong>Clar\u00edn<\/strong> que <strong>&#8220;no puedo creer que tengo fans. Es una locura<\/strong>. Me dejaron ver reci\u00e9n un ratito el celular y tengo clubes de fan\u00e1ticos&#8221;.<\/p>\n<\/div>\n<div class=\"sc-45461e9c-0 eqiBeF container-text text-embed \" id=\"element-body-1\">\n<p>Gabriela -a la que <strong>Santiago del Moro nombra estirando la ele como si fueran dos eles<\/strong>&#8211; integraba el grupo de <em>&#8220;Los nuevos&#8221;<\/em>, el contingente que entr\u00f3 a la casa con el juego ya empezado. Y estuvo encerrada tres meses: <strong>&#8220;En mi mejor fantas\u00eda pensaba que no iba a durar m\u00e1s de 15 d\u00edas<\/strong>, pero me pude adaptar. Y desde que sal\u00ed estoy muy feliz&#8221;.<\/p>\n<\/div>\n<div class=\"sc-45461e9c-0 eqiBeF container-text text-embed \" id=\"element-body-2\">\n<p>La jugadora brasile\u00f1a qued\u00f3 afuera en medio de una placa positiva, integrada por diez participantes. Y ella no s\u00f3lo fue la que menos votos recibi\u00f3, sino que, <strong>al salir, no hab\u00eda nadie de su familia esper\u00e1ndola en el estudio<\/strong>: &#8220;Es que ellos vinieron al pa\u00eds varias veces porque estuve en placa muchos domingos y pod\u00eda llegar a salir, pero <strong>pensaban que esta vez me quedaba<\/strong>. Cuesta mucho viajar&#8221;.<\/p>\n<\/div>\n<div class=\"sc-45461e9c-0 eqiBeF container-text text-embed \" id=\"element-body-4\">\n<p>-Yo <strong>tambi\u00e9n pensaba que segu\u00eda en competencia<\/strong>, pero cuando Santi dijo que hab\u00eda un sobre rojo con el nombre de quien se iba y uno naranja tambi\u00e9n con pocos votos<strong> imagin\u00e9 que uno de los dos era el m\u00edo<\/strong>. En otras placas hab\u00eda estado ansiosa, pero<strong> esta vez me puse verdaderamente nerviosa<\/strong>.<\/p>\n<\/div>\n<div class=\"sc-98b114a2-0 bkqiHH image-embed  image-embed \" id=\"element-body-5\"><picture class=\"sc-98b114a2-1 jRUlDm\"><source media=\"(min-width: 975px)\" width=\"720\" height=\"480\" \/><img alt=\"Gabriela Gianatassio confiesa que no ve\u00eda televisi\u00f3n antes de entrar a &quot;GH&quot;.\" loading=\"lazy\" width=\"720\" height=\"480\" decoding=\"async\" data-nimg=\"1\" style=\"color:transparent\" src=\"https:\/\/13.com.ar\/wp-content\/uploads\/2025\/05\/Gabriela-la-primera-brasilena-de-Gran-Hermano-en-la-Argentina.jpg\"\/><span class=\"epigraphe\">Gabriela Gianatassio confiesa que no ve\u00eda televisi\u00f3n antes de entrar a &#8220;GH&#8221;.<\/span><span class=\"picture-open\"><button class=\"open-image\" aria-label=\"Open Image\"\/><\/span><\/picture><\/div>\n<div class=\"sc-45461e9c-0 eqiBeF container-text text-embed \" id=\"element-body-6\">\n<p><strong>-\u00bfPor qu\u00e9 cre\u00e9s que no te votaron masivamente?<\/strong><\/p>\n<\/div>\n<div class=\"sc-45461e9c-0 eqiBeF container-text text-embed \" id=\"element-body-7\">\n<p>-Se <strong>me empez\u00f3 a ver muy cansada. En los \u00faltimos d\u00edas ya estaba como apagada<\/strong>. Las peleas en ese encierro te desgastan mucho, y adem\u00e1s no estaba durmiendo bien y estaba comiendo de una manera poco saludable.<strong> Com\u00ed tanto dulce de leche como nunca<\/strong> en mi vida.<\/p>\n<\/div>\n<div class=\"sc-45461e9c-0 eqiBeF container-text text-embed \" id=\"element-body-9\">\n<p>-No me preocupaba lo del dulce de leche, pero <strong>s\u00ed el modo ansioso de comer. Com\u00eda a cada rato y cosas que no com\u00eda habitualmente afuera de la casa<\/strong>. Y eso <strong>me hizo engordar un mont\u00f3n y no me estaba gustando mi imagen<\/strong>, para nada. Adem\u00e1s no me estaba entrando la ropa&#8230; por eso estaba siempre con las mismas tres prendas locas.<\/p>\n<\/div>\n<p><h2>Futura cirujana pl\u00e1stica<\/h2>\n<\/p>\n<div class=\"sc-45461e9c-0 eqiBeF container-text text-embed \" id=\"element-body-11\">\n<p><strong>-\u00bfSos de estar pendiente del espejo?<\/strong><\/p>\n<\/div>\n<div class=\"sc-45461e9c-0 eqiBeF container-text text-embed \" id=\"element-body-12\">\n<p>-Bueno, como casi todas las mujeres, por m\u00e1s que no todas lo digan. <strong>El mundo de hoy sigue teniendo un patr\u00f3n de belleza y una queda medio presa de eso<\/strong>, por m\u00e1s que no quiera. Pero, m\u00e1s all\u00e1 de eso, no me estaba haciendo bien comer de esa manera, a toda hora y cualquier cosa.<\/p>\n<\/div>\n<div class=\"sc-45461e9c-0 eqiBeF container-text text-embed \" id=\"element-body-13\">\n<p>Mientras toda<strong> su familia vive en Torres, en Brasil, ella lleva 8 a\u00f1os instalada en Buenos Aires, donde estudia medicina<\/strong>. Le falta un a\u00f1o para recibirse en la UBA y, paralelamente, daba clases de anatom\u00eda.<\/p>\n<\/div>\n<div class=\"sc-98b114a2-0 bkqiHH image-embed  image-embed \" id=\"element-body-14\"><picture class=\"sc-98b114a2-1 jRUlDm\"><source media=\"(min-width: 975px)\" width=\"720\" height=\"480\" \/><img alt=\"El duelo del domingo entre Gabriela y Luc\u00eda, las dos menos votadas.\" loading=\"lazy\" width=\"720\" height=\"480\" decoding=\"async\" data-nimg=\"1\" style=\"color:transparent\" src=\"https:\/\/13.com.ar\/wp-content\/uploads\/2025\/05\/1747157072_7_Gabriela-la-primera-brasilena-de-Gran-Hermano-en-la-Argentina.jpg\"\/><span class=\"epigraphe\">El duelo del domingo entre Gabriela y Luc\u00eda, las dos menos votadas.<\/span><span class=\"picture-open\"><button class=\"open-image\" aria-label=\"Open Image\"\/><\/span><\/picture><\/div>\n<div class=\"sc-45461e9c-0 eqiBeF container-text text-embed \" id=\"element-body-15\">\n<p><strong>-\u00bfDesde chica quer\u00edas ser m\u00e9dica?<\/strong><\/p>\n<\/div>\n<div class=\"sc-45461e9c-0 eqiBeF container-text text-embed \" id=\"element-body-16\">\n<p>-No, la verdad es que<strong> me anot\u00e9 en medicina para darle el gusto a mi padre, pero una vez que empec\u00e9 me fascin\u00f3<\/strong>. Mi sue\u00f1o, desde los 6 a\u00f1os, <strong>era ser modelo<\/strong>. Por eso mi idea es estar abierta a todo lo que vaya surgiendo en este tiempo post <strong>Gran hermano<\/strong>, si es en modelaje mejor, pero aceptar\u00eda cualquier papel en los medios si me lo ofrecieran. Y el a\u00f1o que viene, tal vez, me enfocar\u00eda en terminar la carrera.<\/p>\n<\/div>\n<div class=\"sc-45461e9c-0 eqiBeF container-text text-embed \" id=\"element-body-17\">\n<p><strong>-\u00bfYa hablaste con tu pap\u00e1 sobre este parate en el estudio?<\/strong><\/p>\n<\/div>\n<div class=\"sc-45461e9c-0 eqiBeF container-text text-embed \" id=\"element-body-18\">\n<p>-S\u00ed, habl\u00e9 con \u00e9l, con mi mam\u00e1, mi hermano y con mi abuela. Hace un rato hicimos una videollamada y est\u00e1n todos muy felices con c\u00f3mo me est\u00e1 yendo. Todos conf\u00edan en m\u00ed.<\/p>\n<\/div>\n<div class=\"sc-45461e9c-0 eqiBeF container-text text-embed \" id=\"element-body-19\">\n<p>Cuenta que<strong> su abuela Lucy, de 80 a\u00f1os, estaba todo el d\u00eda pegada a la pantalla<\/strong> de DirecTV Go para ver a su nieta.<\/p>\n<\/div>\n<div class=\"sc-98b114a2-0 bkqiHH image-embed  image-embed \" id=\"element-body-20\"><picture class=\"sc-98b114a2-1 jRUlDm\"><source media=\"(min-width: 975px)\" width=\"720\" height=\"480\" \/><img alt=\"Ella integraba el grupo de &quot;los nuevos&quot;, banda en la que est\u00e1 Selva (la rubia de abajo), una de sus candidatas.\" loading=\"lazy\" width=\"720\" height=\"480\" decoding=\"async\" data-nimg=\"1\" style=\"color:transparent\" src=\"https:\/\/13.com.ar\/wp-content\/uploads\/2025\/02\/\u00bfComo-le-fue-a-Gran-Hermano-con-la-llegada-de.jpg\"\/><span class=\"epigraphe\">Ella integraba el grupo de &#8220;los nuevos&#8221;, banda en la que est\u00e1 Selva (la rubia de abajo), una de sus candidatas.<\/span><span class=\"picture-open\"><button class=\"open-image\" aria-label=\"Open Image\"\/><\/span><\/picture><\/div>\n<div class=\"sc-45461e9c-0 eqiBeF container-text text-embed \" id=\"element-body-21\">\n<p>La futura cirujana pl\u00e1stica colg\u00f3 el delantal y los res\u00famenes por un tiempo y est\u00e1 con la mira en la casa, donde todav\u00eda quedan diez participantes. <strong>\u00bfSu p\u00e1lpito para la final?<\/strong>: &#8220;Mi coraz\u00f3n est\u00e1 dividido, porque<strong> quiero mucho a Ulises, pero sinceramente me gustar\u00eda que ganara una mujer<\/strong>. Y entre ellas elijo a <strong>Selva<\/strong>, que es intensa pero una gran jugadora, muy divertida, o a <strong>Lul\u00fa<\/strong> (Lourdes).<\/p>\n<\/div>\n<div class=\"sc-45461e9c-0 eqiBeF container-text text-embed \" id=\"element-body-22\">\n<p><strong>-Cuando saliste de la casa, m\u00e1s de uno imagin\u00f3 que al entrar al estudio te ibas a besar con Papucho&#8230;<\/strong><\/p>\n<\/div>\n<div class=\"sc-45461e9c-0 eqiBeF container-text text-embed \" id=\"element-body-23\">\n<p>-Ay, no, ya me contaron eso. \u00bfDe d\u00f3nde sali\u00f3? No, es un buen compa\u00f1ero, pero <strong>Papucho no me gusta<\/strong>. \u00bfQui\u00e9n invent\u00f3 eso?<\/p>\n<\/div>\n<div class=\"sc-45461e9c-0 eqiBeF container-text text-embed \" id=\"element-body-24\">\n<p><strong>-Surgi\u00f3 a partir de la simp\u00e1tica declaraci\u00f3n que \u00e9l te hizo en una fiesta de los viernes.<\/strong><\/p>\n<\/div>\n<div class=\"sc-45461e9c-0 eqiBeF container-text text-embed \" id=\"element-body-25\">\n<p>-Ah, pero <strong>me dijo que le gustaba y yo me re\u00ed, pero no, no est\u00e1 en mis planes salir con \u00e9l<\/strong>. Est\u00e1 claro que todo lo que pasa en la casa se potencia mucho. Estoy bajando de a poco.<\/p>\n<\/div>\n<\/div>\n<p><br \/>\n<br \/><a href=\"https:\/\/www.clarin.com\/espectaculos\/gabriela-primera-brasilena-gran-hermano-argentina-explica-fallo-juego-habla-cambio-cuerpo-dentro-casa_0_6cEm38nl2d.html\">Fuente Clarin.com <\/a><\/p>\n","protected":false},"excerpt":{"rendered":"<p>Ya es parte de la TV argentina y, sin embargo, no tiene reparos en admitir que &#8220;no ve\u00eda nada de tele, soy un desastre con eso. Me la pasaba estudiando y dando clases 24\/7&#8243;. La voz de Gabriela Gianatassio, la primera brasile\u00f1a en participar de la versi\u00f3n local de Gran hermano (a las 22.15, por [&hellip;]<\/p>\n","protected":false},"author":1,"featured_media":24913,"comment_status":"open","ping_status":"open","sticky":false,"template":"","format":"standard","meta":{"footnotes":""},"categories":[2],"tags":[288,5095,809,108,66,2902,107,6845,1969,13882,925,4563,926,4994,142,89,286],"class_list":["post-24912","post","type-post","status-publish","format-standard","has-post-thumbnail","hentry","category-ultimas-noticias","tag-argentina","tag-brasilena","tag-cambio","tag-casa","tag-como","tag-cuerpo","tag-dentro","tag-explica","tag-fallo","tag-gabriela","tag-gran","tag-habla","tag-hermano","tag-juego","tag-por","tag-primera","tag-que"],"_links":{"self":[{"href":"https:\/\/13.com.ar\/index.php\/wp-json\/wp\/v2\/posts\/24912","targetHints":{"allow":["GET"]}}],"collection":[{"href":"https:\/\/13.com.ar\/index.php\/wp-json\/wp\/v2\/posts"}],"about":[{"href":"https:\/\/13.com.ar\/index.php\/wp-json\/wp\/v2\/types\/post"}],"author":[{"embeddable":true,"href":"https:\/\/13.com.ar\/index.php\/wp-json\/wp\/v2\/users\/1"}],"replies":[{"embeddable":true,"href":"https:\/\/13.com.ar\/index.php\/wp-json\/wp\/v2\/comments?post=24912"}],"version-history":[{"count":0,"href":"https:\/\/13.com.ar\/index.php\/wp-json\/wp\/v2\/posts\/24912\/revisions"}],"wp:featuredmedia":[{"embeddable":true,"href":"https:\/\/13.com.ar\/index.php\/wp-json\/wp\/v2\/media\/24913"}],"wp:attachment":[{"href":"https:\/\/13.com.ar\/index.php\/wp-json\/wp\/v2\/media?parent=24912"}],"wp:term":[{"taxonomy":"category","embeddable":true,"href":"https:\/\/13.com.ar\/index.php\/wp-json\/wp\/v2\/categories?post=24912"},{"taxonomy":"post_tag","embeddable":true,"href":"https:\/\/13.com.ar\/index.php\/wp-json\/wp\/v2\/tags?post=24912"}],"curies":[{"name":"wp","href":"https:\/\/api.w.org\/{rel}","templated":true}]}}