{"id":24908,"date":"2025-05-13T14:18:31","date_gmt":"2025-05-13T17:18:31","guid":{"rendered":"https:\/\/13.com.ar\/index.php\/quien-es-el-santo-patrono-de-las-deudas\/"},"modified":"2025-05-13T14:18:31","modified_gmt":"2025-05-13T17:18:31","slug":"quien-es-el-santo-patrono-de-las-deudas","status":"publish","type":"post","link":"https:\/\/13.com.ar\/index.php\/quien-es-el-santo-patrono-de-las-deudas\/","title":{"rendered":"Qui\u00e9n es el santo patrono de las deudas"},"content":{"rendered":"<p> <br \/>\n<br \/><img decoding=\"async\" src=\"https:\/\/13.com.ar\/wp-content\/uploads\/2025\/05\/Quien-es-el-santo-patrono-de-las-deudas.jpg\" \/><\/p>\n<div id=\"element-body-0\">\n<p>Conocido como el <strong>santo patrono de las causas imposibles<\/strong>, tuvo alg\u00fan protagonismo durante la \u00daltima Cena, pero poco y nada se sabe de su vida luego de la Ascensi\u00f3n y de la venida del Esp\u00edritu Santo.<\/p>\n<\/div>\n<div id=\"element-body-1\">\n<p>La devoci\u00f3n a este santo, en realidad, est\u00e1 relacionada con un episodio narrado por <strong>Santa Br\u00edgida<\/strong> en sus Revelaciones (1492).<\/p>\n<\/div>\n<div id=\"element-body-2\">\n<p>Seg\u00fan Santa Br\u00edgida, Dios le recomend\u00f3 que, cuando deseara pedir ciertos favores, recurriera a este intercesor tan especial. Hoy, millones de personas <strong>le rezan al santo para resolver sus problemas, sobre todo, financieros<\/strong>.<\/p>\n<\/div>\n<div id=\"element-body-3\">\n<p>Celebrado cada <strong>28 de octubre<\/strong>, este Ap\u00f3stol de Cristo aparece en los evangelios como el \u201chermano de Santiago\u201d.<\/p>\n<\/div>\n<div id=\"element-body-6\">\n<p>\u201cEn los Evangelios de Mateo y Marcos se le llama <strong>Tadeo<\/strong> a secas, mientras que Lucas, tanto en su Evangelio como en los Hechos de los Ap\u00f3stoles, lo llama Judas de Santiago\u201d, explica el sitio cat\u00f3lico <em>ACI Prensa<\/em>.<\/p>\n<\/div>\n<div id=\"element-body-7\">\n<p>Agrega que \u201cesta denominaci\u00f3n se debe a que <strong>Judas Tadeo<\/strong> era hermano de Santiago el Menor y primo de Jes\u00fas. Se le atribuye la ep\u00edstola que lleva su nombre, en la que se presenta a s\u00ed mismo como \u201cservidor de Jesucristo y hermano de Santiago\u201d (Jds 1,1)\u201d.<\/p>\n<\/div>\n<div id=\"element-body-8\">\n<p>De acuerdo al Martirologio romano, San Judas Tadeo, tras dejar Judea luego de Pentecost\u00e9s, predic\u00f3 en Mesopotamia y luego en Persia, donde <strong>sufri\u00f3 el martirio junto al Ap\u00f3stol Sim\u00f3n<\/strong>, en Suanis. No hay que confundirlo con Judas, porque Judas Tadeo, a diferencia de aquel, permaneci\u00f3 fiel a Jesucristo.<\/p>\n<\/div>\n<div id=\"element-body-9\">\n<p>\u201cUna antigua tradici\u00f3n cuenta que, en el momento previo a ser ejecutado, San Judas le dijo a San Sim\u00f3n que pod\u00eda ver al Se\u00f1or llam\u00e1ndolos a su lado. Judas y Sim\u00f3n <strong>murieron por resistirse a adorar a los \u00eddolos<\/strong>\u201d, agrega <em>ACI Prensa<\/em>.<\/p>\n<\/div>\n<div id=\"element-body-10\">\n<p>Suele ser representado <strong>con una imagen de Cristo en el pecho<\/strong>, como s\u00edmbolo de su parentesco con el Se\u00f1or y su parecido f\u00edsico con El. Tambi\u00e9n aparece un mazo, instrumento con el que fue ejecutado de un golpe en la cabeza, antes de que \u00e9sta fuera cortada con un hacha.<\/p>\n<\/div>\n<div id=\"element-body-11\">\n<p>Santa Br\u00edgida de Suecia cuenta en sus Revelaciones que <strong>Jes\u00fas la exhort\u00f3 a que le pidiese favores y gracias a trav\u00e9s de San Judas Tadeo<\/strong>. Quiz\u00e1s esta sea la raz\u00f3n principal por la que la devoci\u00f3n a este santo ha calado tan profundo en la piedad popular cristiana.<\/p>\n<\/div>\n<div id=\"element-body-13\">\n<p>Una de las <strong>oraciones m\u00e1s conocidas<\/strong> para pedir la intercesi\u00f3n de San Judas Tadeo dice as\u00ed:<\/p>\n<\/div>\n<div id=\"element-body-14\">\n<p>Ap\u00f3stol glorios\u00edsimo de Nuestro Se\u00f1or Jesucristo, aclamado por los fieles con el dulce t\u00edtulo de Abogado de los Casos Desesperados, hazme sentir tu poderosa intercesi\u00f3n <strong>aliviando la grav\u00edsima necesidad en la que me encuentro<\/strong>.<\/p>\n<\/div>\n<div id=\"element-body-15\">\n<p>Por el estrecho parentesco que te hace primo hermano de Nuestro Se\u00f1or Jesucristo, <strong>por las privaciones y fatigas que por El sufriste<\/strong>, por el heroico martirio que aceptaste gustoso por su amor, por la promesa que el divino Salvador hizo a Santa Br\u00edgida de consolar a los fieles que acudiesen a tu poderosa intercesi\u00f3n, obtenme del Dios de las misericordias y de su Madre Sant\u00edsima la gracia que con ilimitada confianza te pido a Ti, Padre m\u00edo bondados\u00edsimo, seguro que me la obtendr\u00e1s siempre que convenga a la gloria de Dios y bien de mi alma. As\u00ed sea.<\/p>\n<\/div>\n<div id=\"element-body-16\">\n<p>Glorioso Ap\u00f3stol San Judas Tadeo, <strong>ruega por nosotros<\/strong> (repetir tres veces).<\/p>\n<\/div>\n<div id=\"element-body-17\">\n<p>En el nombre del Padre, y del Hijo, y del Esp\u00edritu Santo. Am\u00e9n.<\/p>\n<\/div>\n<p><br \/>\n<br \/><a href=\"https:\/\/www.clarin.com\/informacion-general\/santo-patrono-deudas_0_2Gqj7Qxm4F.html\">Fuente Clarin.com <\/a><\/p>\n","protected":false},"excerpt":{"rendered":"<p>Conocido como el santo patrono de las causas imposibles, tuvo alg\u00fan protagonismo durante la \u00daltima Cena, pero poco y nada se sabe de su vida luego de la Ascensi\u00f3n y de la venida del Esp\u00edritu Santo. La devoci\u00f3n a este santo, en realidad, est\u00e1 relacionada con un episodio narrado por Santa Br\u00edgida en sus Revelaciones [&hellip;]<\/p>\n","protected":false},"author":1,"featured_media":24909,"comment_status":"open","ping_status":"open","sticky":false,"template":"","format":"standard","meta":{"footnotes":""},"categories":[2],"tags":[8923,48,8730,3,15145],"class_list":["post-24908","post","type-post","status-publish","format-standard","has-post-thumbnail","hentry","category-ultimas-noticias","tag-deudas","tag-las","tag-patrono","tag-quien","tag-santo"],"_links":{"self":[{"href":"https:\/\/13.com.ar\/index.php\/wp-json\/wp\/v2\/posts\/24908","targetHints":{"allow":["GET"]}}],"collection":[{"href":"https:\/\/13.com.ar\/index.php\/wp-json\/wp\/v2\/posts"}],"about":[{"href":"https:\/\/13.com.ar\/index.php\/wp-json\/wp\/v2\/types\/post"}],"author":[{"embeddable":true,"href":"https:\/\/13.com.ar\/index.php\/wp-json\/wp\/v2\/users\/1"}],"replies":[{"embeddable":true,"href":"https:\/\/13.com.ar\/index.php\/wp-json\/wp\/v2\/comments?post=24908"}],"version-history":[{"count":0,"href":"https:\/\/13.com.ar\/index.php\/wp-json\/wp\/v2\/posts\/24908\/revisions"}],"wp:featuredmedia":[{"embeddable":true,"href":"https:\/\/13.com.ar\/index.php\/wp-json\/wp\/v2\/media\/24909"}],"wp:attachment":[{"href":"https:\/\/13.com.ar\/index.php\/wp-json\/wp\/v2\/media?parent=24908"}],"wp:term":[{"taxonomy":"category","embeddable":true,"href":"https:\/\/13.com.ar\/index.php\/wp-json\/wp\/v2\/categories?post=24908"},{"taxonomy":"post_tag","embeddable":true,"href":"https:\/\/13.com.ar\/index.php\/wp-json\/wp\/v2\/tags?post=24908"}],"curies":[{"name":"wp","href":"https:\/\/api.w.org\/{rel}","templated":true}]}}