{"id":24906,"date":"2025-05-13T14:15:29","date_gmt":"2025-05-13T17:15:29","guid":{"rendered":"https:\/\/13.com.ar\/index.php\/condenaron-a-sabag-montiel-el-acusado-por-el-atentado-a-cristina-kirchner-por-tenencia-y-distribucion-de-pornografia-infantil\/"},"modified":"2025-05-13T14:15:29","modified_gmt":"2025-05-13T17:15:29","slug":"condenaron-a-sabag-montiel-el-acusado-por-el-atentado-a-cristina-kirchner-por-tenencia-y-distribucion-de-pornografia-infantil","status":"publish","type":"post","link":"https:\/\/13.com.ar\/index.php\/condenaron-a-sabag-montiel-el-acusado-por-el-atentado-a-cristina-kirchner-por-tenencia-y-distribucion-de-pornografia-infantil\/","title":{"rendered":"Condenaron a Sabag Montiel, el acusado por el atentado a Cristina Kirchner, por tenencia y distribuci\u00f3n de pornograf\u00eda infantil"},"content":{"rendered":"<p> <br \/>\n<br \/><img decoding=\"async\" src=\"https:\/\/13.com.ar\/wp-content\/uploads\/2025\/05\/Condenaron-a-Sabag-Montiel-el-acusado-por-el-atentado-a.jpg\" \/><\/p>\n<div id=\"element-body-0\">\n<p>Fernando Sabag Montiel, vinculado con el intento de asesinato de Cristina Fern\u00e1ndez de Kirchner perpetrado en septiembre de 2022, fue condenado a 4 a\u00f1os y 3 meses de prisi\u00f3n luego de ser hallado culpable de otro delito, el de tenencia y distribuci\u00f3n de pornograf\u00eda infantil. <\/p>\n<\/div>\n<div id=\"element-body-1\">\n<p>La Unidad Fiscal Especializada en Delitos y Contravenciones Inform\u00e1ticas (UFEDyCI) logr\u00f3 en un juicio abreviado dicha condena que debe ser con prisi\u00f3n efectiva.<\/p>\n<\/div>\n<div id=\"element-body-2\">\n<p>Sabag Montiel fue detenido y est\u00e1 siendo juzgado en paralelo tras haber confesado ser el autor del fallido intento de ataque contra la expresidenta de la Naci\u00f3n, ocurrido en el 2022, en la puerta del domicilio de CFK en el barrio de Recoleta. <\/p>\n<\/div>\n<div id=\"element-body-3\">\n<p>Tras investigarlo por el atentado, la UFEDyCl encontr\u00f3 que ten\u00eda una tarjeta de memoria con 17 archivos de imagen y 102 archivos de video con contenido de explotaci\u00f3n sexual de ni\u00f1os, ni\u00f1as y adolescentes menores de 13 a\u00f1os.<\/p>\n<\/div>\n<div id=\"element-body-4\">\n<p>\u201cEn la Ciudad de Buenos Aires, no hay margen para la impunidad en delitos que atentan contra la integridad de ni\u00f1os y adolescentes\u201d, enfatiz\u00f3 el Fiscal General Juan Bautista Mahiques tras conocerse el resultado de la Justicia.<\/p>\n<\/div>\n<div id=\"element-body-5\">\n<p>\u201cEste fallo demuestra que el sistema de justicia de la Ciudad est\u00e1 preparado para investigar delitos complejos. Este fue un resultado del trabajo riguroso y comprometido de la fiscal Daniela Dupuy y su equipo, que logr\u00f3 reunir pruebas contundentes en un caso de enorme gravedad\u201d, explic\u00f3 Mahiques.<\/p>\n<\/div>\n<div id=\"element-body-6\">\n<p>Durante la investigaci\u00f3n se pudo establecer que el imputado, al momento de ser detenido en septiembre de 2022, ten\u00eda en su poder una tarjeta de memoria con 17 fotos y 102 videos con contenido de explotaci\u00f3n sexual de ni\u00f1os, ni\u00f1as y adolescentes.<\/p>\n<\/div>\n<div id=\"element-body-7\">\n<p>Adem\u00e1s, la fiscal\u00eda pudo probar que el imputado envi\u00f3 videos con contenido expl\u00edcito de abuso sexual de ni\u00f1os, ni\u00f1as y adolescentes a trav\u00e9s de la red social Instagram en tres ocasiones.<\/p>\n<\/div>\n<div id=\"element-body-8\">\n<p>Adem\u00e1s, la fiscal\u00eda pudo probar que el imputado envi\u00f3 videos con contenido expl\u00edcito de abuso sexual de ni\u00f1os, ni\u00f1as y adolescentes a trav\u00e9s de la red social Instagram en tres ocasiones.<\/p>\n<\/div>\n<div id=\"element-body-9\">\n<p>Tras reconocer los hechos la magistrada Julia Correa, titular del Juzgado PCyF 28, dict\u00f3 la condena de 4 a\u00f1os y 3 meses de prisi\u00f3n de efectivo cumplimiento, que contempla los hechos investigados por la UFEDyCI.<\/p>\n<\/div>\n<div id=\"element-body-10\">\n<p>A esto hay que agregarle  una condena previa de un a\u00f1o de prisi\u00f3n en suspenso que registraba Sabag, por el delito de tenencia ileg\u00edtima de documento nacional de identidad ajeno.<\/p>\n<\/div>\n<p><br \/>\n<br \/><a href=\"https:\/\/www.clarin.com\/politica\/condenaron-sabag-montiel-acusado-atentado-cristina-kirchner-tenencia-distribucion-pornografia-infantil_0_yAuQcIG9cj.html\">Fuente Clarin.com <\/a><\/p>\n","protected":false},"excerpt":{"rendered":"<p>Fernando Sabag Montiel, vinculado con el intento de asesinato de Cristina Fern\u00e1ndez de Kirchner perpetrado en septiembre de 2022, fue condenado a 4 a\u00f1os y 3 meses de prisi\u00f3n luego de ser hallado culpable de otro delito, el de tenencia y distribuci\u00f3n de pornograf\u00eda infantil. La Unidad Fiscal Especializada en Delitos y Contravenciones Inform\u00e1ticas (UFEDyCI) [&hellip;]<\/p>\n","protected":false},"author":1,"featured_media":24907,"comment_status":"open","ping_status":"open","sticky":false,"template":"","format":"standard","meta":{"footnotes":""},"categories":[2],"tags":[4895,3616,6470,497,2234,7519,1381,5680,142,10970,15265,18030],"class_list":["post-24906","post","type-post","status-publish","format-standard","has-post-thumbnail","hentry","category-ultimas-noticias","tag-acusado","tag-atentado","tag-condenaron","tag-cristina","tag-distribucion","tag-infantil","tag-kirchner","tag-montiel","tag-por","tag-pornografia","tag-sabag","tag-tenencia"],"_links":{"self":[{"href":"https:\/\/13.com.ar\/index.php\/wp-json\/wp\/v2\/posts\/24906","targetHints":{"allow":["GET"]}}],"collection":[{"href":"https:\/\/13.com.ar\/index.php\/wp-json\/wp\/v2\/posts"}],"about":[{"href":"https:\/\/13.com.ar\/index.php\/wp-json\/wp\/v2\/types\/post"}],"author":[{"embeddable":true,"href":"https:\/\/13.com.ar\/index.php\/wp-json\/wp\/v2\/users\/1"}],"replies":[{"embeddable":true,"href":"https:\/\/13.com.ar\/index.php\/wp-json\/wp\/v2\/comments?post=24906"}],"version-history":[{"count":0,"href":"https:\/\/13.com.ar\/index.php\/wp-json\/wp\/v2\/posts\/24906\/revisions"}],"wp:featuredmedia":[{"embeddable":true,"href":"https:\/\/13.com.ar\/index.php\/wp-json\/wp\/v2\/media\/24907"}],"wp:attachment":[{"href":"https:\/\/13.com.ar\/index.php\/wp-json\/wp\/v2\/media?parent=24906"}],"wp:term":[{"taxonomy":"category","embeddable":true,"href":"https:\/\/13.com.ar\/index.php\/wp-json\/wp\/v2\/categories?post=24906"},{"taxonomy":"post_tag","embeddable":true,"href":"https:\/\/13.com.ar\/index.php\/wp-json\/wp\/v2\/tags?post=24906"}],"curies":[{"name":"wp","href":"https:\/\/api.w.org\/{rel}","templated":true}]}}