{"id":24903,"date":"2025-05-13T14:06:29","date_gmt":"2025-05-13T17:06:29","guid":{"rendered":"https:\/\/13.com.ar\/index.php\/la-baja-de-aranceles-a-los-celulares-pone-en-alerta-a-los-fabricantes-de-tierra-del-fuego-y-festejan-los-importadores\/"},"modified":"2025-05-13T14:06:29","modified_gmt":"2025-05-13T17:06:29","slug":"la-baja-de-aranceles-a-los-celulares-pone-en-alerta-a-los-fabricantes-de-tierra-del-fuego-y-festejan-los-importadores","status":"publish","type":"post","link":"https:\/\/13.com.ar\/index.php\/la-baja-de-aranceles-a-los-celulares-pone-en-alerta-a-los-fabricantes-de-tierra-del-fuego-y-festejan-los-importadores\/","title":{"rendered":"La baja de aranceles a los celulares pone en alerta a los fabricantes de Tierra del Fuego y festejan los importadores"},"content":{"rendered":"<p> <br \/>\n<br \/><img decoding=\"async\" src=\"https:\/\/13.com.ar\/wp-content\/uploads\/2025\/05\/La-baja-de-aranceles-a-los-celulares-pone-en-alerta.jpg\" \/><\/p>\n<div id=\"element-body-0\">\n<p><strong>La baja de aranceles a los celulares ya pone en alerta a los fabricantes de Tierra del Fuego<\/strong>, mientras que <strong>los importadores festejan la medida<\/strong> que anunci\u00f3 el vocero presidencial, Manuel Adorni, este martes.<\/p>\n<\/div>\n<div id=\"element-body-1\">\n<p>Si bien la rebaja impositiva est\u00e1 contemplada, de distintas maneras,<strong> tanto para la industria nacional como para los importadores, <\/strong>en el sector apuntan que la misma <strong>no ser\u00e1 equitativa para ambas partes<\/strong>.<\/p>\n<\/div>\n<div id=\"element-body-2\">\n<p><strong>En los equipos importados, los aranceles bajar\u00e1n en dos tramos<\/strong>: con la publicaci\u00f3n del decreto en el Bolet\u00edn Oficial prevista para antes de que termine la semana, <strong>pasar\u00e1n de 16% a 8%<\/strong>; mientras que a partir del 15 de enero de 2026 <strong>se reducir\u00e1n de 8% a 0%<\/strong>.<\/p>\n<\/div>\n<div id=\"element-body-3\">\n<p>En tanto, en los fabricados localmente, los impuestos internos disminuir\u00e1n de 19% a 9,5%, mientras que en <strong>los que se hacen en Tierra del Fuego lo har\u00e1n de 9,5% a 0%<\/strong>. Suceder\u00e1 a partir de enero.<\/p>\n<\/div>\n<div id=\"element-body-4\">\n<p>Pero el sector apunta que <strong>se suman impuestos nacionales, provinciales, tasas y tributos municipales<\/strong> que gravan la actividad y que el consumidor termina pagando en el precio final. Esperan la letra chica de la norma para entender el alcance, pero<strong> ya anticipan un impacto.<\/strong><\/p>\n<\/div>\n<div id=\"element-body-5\">\n<p>\u201c<strong>Nos genera profunda preocupaci\u00f3n <\/strong>el anuncio del Gobierno Nacional de eliminar los aranceles a la importaci\u00f3n de celulares y reducir los impuestos internos sobre televisores y aires acondicionados, una medida que <strong>representa un golpe muy duro para la industria de Tierra del Fuego\u201d, <\/strong>advirti\u00f3 el gobernador de la isla, Gustavo Melella.<\/p>\n<\/div>\n<div id=\"element-body-6\">\n<p>El gobernador dijo que la industria fueguina representa &#8220;un <strong>desarrollo tecnol\u00f3gico de alta calidad que no existe en ninguna otra parte del pa\u00eds&#8221;.<\/strong> Y que van a &#8220;redoblar <strong>los esfuerzos en defensa de nuestra industria ante este nuevo embate\u201d,<\/strong><\/p>\n<\/div>\n<div id=\"element-body-7\">\n<p>En tanto, <strong>Mirgor<\/strong>, que fabrica celulares de Samsung en Tierra del Fuego, se\u00f1al\u00f3: \u201c<strong>Nos preocupa el impacto social y laboral que pudiera derivarse de las nuevas condiciones<\/strong>\u201d. Afirmaron que est\u00e1n aguardando los detalles &#8220;para evaluar su impacto en el negocio\u201d.<\/p>\n<\/div>\n<div id=\"element-body-8\">\n<p>\u201cNo obstante, el Grupo ha mantenido siempre una constante actitud de competitividad y productividad en todos sus negocios. Desde hace 10 a\u00f1os, <strong>trabaja en su diversificaci\u00f3n productiva y territorial a nivel nacional e internacional a fin de adaptarse<\/strong> a diferentes\u00a0escenarios\u201d, aclar\u00f3. <\/p>\n<\/div>\n<div id=\"element-body-9\">\n<p>Por su parte, <strong>los importadores celebraron la baja de aranceles e impuestos internos. <\/strong>En el sector, explican que, por los beneficios fiscales con los que cuenta Tierra del Fuego y los aranceles a la importaci\u00f3n que rigen actualmente, <strong>no resultaba tan competitivo traer celulares de afuera como s\u00ed notebooks.<\/strong><\/p>\n<\/div>\n<div id=\"element-body-10\">\n<p>\u201c<strong>Todo anuncio de baja en los aranceles de importaci\u00f3n e impuestos internos son buenas noticias para el consumidor <\/strong>porque, en un escenario de competencia, <strong>ese mejoramiento se traslada al precio <\/strong>de venta&#8221;, destac\u00f3 la <strong>C\u00e1mara de Importadores de a Rep\u00fablica Argentina (CIRA).<\/strong><\/p>\n<\/div>\n<div id=\"element-body-11\">\n<p>Y agreg\u00f3 que \u201c<strong>los aranceles de importaci\u00f3n tienen un impacto directo sobre el costo de nacionalizaci\u00f3n de las mercader\u00edas<\/strong>, puesto que forman parte de la base imponible sobre las cuales las empresas pagan doble IVA (las importaciones sufren de este \u201cdoble\u201d cargo), anticipan impuestos a las Ganancias e Ingresos Brutos\u201d. <\/p>\n<\/div>\n<div id=\"element-body-12\">\n<p>\u201cDe la misma manera, <strong>los impuestos internos, aunque con efectos diferentes, son sumamente distorsivos para la conformaci\u00f3n de precios de venta<\/strong> porque es un costo que se agrega de forma directa, m\u00e1s all\u00e1 de su complejidad en la forma de c\u00e1lculo\u201d, apunt\u00f3 sobre la mejora para los fabricantes. <\/p>\n<\/div>\n<div id=\"element-body-13\">\n<p>\u201cLas medidas anunciadas sobre la baja de aranceles e impuestos internos en productos tecnol\u00f3gicos <strong>son positivas para el negocio y sumamente convenientes para el consumidor final, <\/strong>que va a tener <strong>m\u00e1s oportunidades de acceder a precios internacionales<\/strong>. La reducci\u00f3n de la presi\u00f3n fiscal es fundamental para el crecimiento\u201d, coment\u00f3 Positivo Argentina, uno de los nuevos jugadores que comenz\u00f3 a importar dispositivos inteligentes este a\u00f1o y vende los celulares de la marca <strong>Quantum<\/strong> en el pa\u00eds.  <\/p>\n<\/div>\n<p><br \/>\n<br \/><a href=\"https:\/\/www.clarin.com\/economia\/baja-aranceles-celulares-pone-alerta-fabricantes-tierra-fuego-festejan-importadores_0_I4zRBZdBha.html\">Fuente Clarin.com <\/a><\/p>\n","protected":false},"excerpt":{"rendered":"<p>La baja de aranceles a los celulares ya pone en alerta a los fabricantes de Tierra del Fuego, mientras que los importadores festejan la medida que anunci\u00f3 el vocero presidencial, Manuel Adorni, este martes. Si bien la rebaja impositiva est\u00e1 contemplada, de distintas maneras, tanto para la industria nacional como para los importadores, en el [&hellip;]<\/p>\n","protected":false},"author":1,"featured_media":24904,"comment_status":"open","ping_status":"open","sticky":false,"template":"","format":"standard","meta":{"footnotes":""},"categories":[2],"tags":[985,1051,524,6771,100,6964,5118,853,5489,28,455,1564],"class_list":["post-24903","post","type-post","status-publish","format-standard","has-post-thumbnail","hentry","category-ultimas-noticias","tag-alerta","tag-aranceles","tag-baja","tag-celulares","tag-del","tag-fabricantes","tag-festejan","tag-fuego","tag-importadores","tag-los","tag-pone","tag-tierra"],"_links":{"self":[{"href":"https:\/\/13.com.ar\/index.php\/wp-json\/wp\/v2\/posts\/24903","targetHints":{"allow":["GET"]}}],"collection":[{"href":"https:\/\/13.com.ar\/index.php\/wp-json\/wp\/v2\/posts"}],"about":[{"href":"https:\/\/13.com.ar\/index.php\/wp-json\/wp\/v2\/types\/post"}],"author":[{"embeddable":true,"href":"https:\/\/13.com.ar\/index.php\/wp-json\/wp\/v2\/users\/1"}],"replies":[{"embeddable":true,"href":"https:\/\/13.com.ar\/index.php\/wp-json\/wp\/v2\/comments?post=24903"}],"version-history":[{"count":0,"href":"https:\/\/13.com.ar\/index.php\/wp-json\/wp\/v2\/posts\/24903\/revisions"}],"wp:featuredmedia":[{"embeddable":true,"href":"https:\/\/13.com.ar\/index.php\/wp-json\/wp\/v2\/media\/24904"}],"wp:attachment":[{"href":"https:\/\/13.com.ar\/index.php\/wp-json\/wp\/v2\/media?parent=24903"}],"wp:term":[{"taxonomy":"category","embeddable":true,"href":"https:\/\/13.com.ar\/index.php\/wp-json\/wp\/v2\/categories?post=24903"},{"taxonomy":"post_tag","embeddable":true,"href":"https:\/\/13.com.ar\/index.php\/wp-json\/wp\/v2\/tags?post=24903"}],"curies":[{"name":"wp","href":"https:\/\/api.w.org\/{rel}","templated":true}]}}