{"id":24901,"date":"2025-05-13T14:03:28","date_gmt":"2025-05-13T17:03:28","guid":{"rendered":"https:\/\/13.com.ar\/index.php\/identificaron-a-los-cuatro-muertos-por-el-choque-entre-un-micro-y-un-camion-en-la-ruta-3\/"},"modified":"2025-05-13T14:03:28","modified_gmt":"2025-05-13T17:03:28","slug":"identificaron-a-los-cuatro-muertos-por-el-choque-entre-un-micro-y-un-camion-en-la-ruta-3","status":"publish","type":"post","link":"https:\/\/13.com.ar\/index.php\/identificaron-a-los-cuatro-muertos-por-el-choque-entre-un-micro-y-un-camion-en-la-ruta-3\/","title":{"rendered":"Identificaron a los cuatro muertos por el choque entre un micro y un cami\u00f3n en la ruta 3"},"content":{"rendered":"<p> <br \/>\n<br \/><img decoding=\"async\" src=\"https:\/\/13.com.ar\/wp-content\/uploads\/2025\/05\/Identificaron-a-los-cuatro-muertos-por-el-choque-entre-un.jpg\" \/><\/p>\n<div id=\"element-body-0\">\n<p>El tr\u00e1gico choque en <strong>la ruta nacional 3<\/strong>, cerca de <strong>San Miguel del Monte<\/strong>, entre un micro y un cami\u00f3n, dej\u00f3 al menos cuatro muertos y 15 heridos.<\/p>\n<\/div>\n<div id=\"element-body-1\">\n<p>Seg\u00fan pudo saber <strong>Clar\u00edn<\/strong>, falleci\u00f3 <strong>Elio Daniel Amarilla (38)<\/strong>, uno de los choferes del \u00f3mnibus de El C\u00f3ndor-La Estrella que hab\u00eda partido a las 22.10 de Necochea, con destino a Retiro.<\/p>\n<\/div>\n<div id=\"element-body-2\">\n<p>Tambi\u00e9n perdi\u00f3 la vida el conductor del cami\u00f3n de encomiendas, <strong>Carlos Alberto Almir\u00f3n (54)<\/strong>, quien viv\u00eda en Quilmes.<\/p>\n<\/div>\n<div id=\"element-body-3\">\n<p>Adem\u00e1s, fallecieron dos pasajeros: <strong>Mart\u00edn Cruz Garc\u00eda (52)<\/strong>, de la Ciudad de Buenos Aires, y <strong>Silvia M\u00f3nica Contreras (60)<\/strong>, de Azul.<\/p>\n<\/div>\n<div id=\"element-body-5\">\n<p>En el micro <strong>viajaban 10 polic\u00edas bonaerenses<\/strong>, que ayudaron al resto de los ocupantes del veh\u00edculo a salir tras el brutal impacto en el kil\u00f3metro 132 de la carretera, a las 4 de la madrugada, justo a la salida de una curva, cerca del puente que cruza el R\u00edo Salado, en medio de la niebla.<\/p>\n<\/div>\n<div id=\"element-body-6\">\n<p>Dos de los agentes sufrieron lesiones graves que no pon\u00edan en peligro sus vidas, dijeron las fuentes consultadas por este diario.<\/p>\n<\/div>\n<div id=\"element-body-7\">\n<p>El hospital Zen\u00f3n Videla Dorna, de Monte, recibi\u00f3 15 heridos. Durante la ma\u00f1ana inform\u00f3 que uno de los afectados tiene politraumatismos graves y fue derivado al hospital Cuenca Alta N\u00e9stor Kirchner, de Ca\u00f1uelas.<\/p>\n<\/div>\n<div id=\"element-body-8\">\n<p>Otro cuatro sufrieron traumatismos encef\u00e1licos y fracturas en las piernas, por lo que fueron derivados por las ART y obras sociales. Los dem\u00e1s tienen heridas m\u00e1s leves.<\/p>\n<\/div>\n<div id=\"element-body-10\">\n<p>&#8220;Al momento de llegar hab\u00eda una niebla muy espesa. La causales no las sabemos hasta hacer las pericias, pero puedo calcular que fue por eso&#8221;, sostuvo Francisco Guti\u00e9rrez, jefe de bomberos de San Miguel. &#8220;Cuando llegamos hab\u00eda gente que sali\u00f3 del micro por sus medios&#8221;, agreg\u00f3.<\/p>\n<\/div>\n<div id=\"element-body-11\">\n<p>De acuerdo a testigos, el chofer del cami\u00f3n hizo una mala maniobra y caus\u00f3 el choque frontal, aunque todo se corroborar\u00e1 mediante las pericias accidentol\u00f3gicas.<\/p>\n<\/div>\n<p><br \/>\n<br \/><a href=\"https:\/\/www.clarin.com\/sociedad\/identificaron-muertos-choque-micro-camion-ruta-3_0_nzBIu06Tpx.html\">Fuente Clarin.com <\/a><\/p>\n","protected":false},"excerpt":{"rendered":"<p>El tr\u00e1gico choque en la ruta nacional 3, cerca de San Miguel del Monte, entre un micro y un cami\u00f3n, dej\u00f3 al menos cuatro muertos y 15 heridos. Seg\u00fan pudo saber Clar\u00edn, falleci\u00f3 Elio Daniel Amarilla (38), uno de los choferes del \u00f3mnibus de El C\u00f3ndor-La Estrella que hab\u00eda partido a las 22.10 de Necochea, [&hellip;]<\/p>\n","protected":false},"author":1,"featured_media":24902,"comment_status":"open","ping_status":"open","sticky":false,"template":"","format":"standard","meta":{"footnotes":""},"categories":[2],"tags":[431,428,1932,351,531,28,10712,435,142,493],"class_list":["post-24901","post","type-post","status-publish","format-standard","has-post-thumbnail","hentry","category-ultimas-noticias","tag-camion","tag-choque","tag-cuatro","tag-entre","tag-identificaron","tag-los","tag-micro","tag-muertos","tag-por","tag-ruta"],"_links":{"self":[{"href":"https:\/\/13.com.ar\/index.php\/wp-json\/wp\/v2\/posts\/24901","targetHints":{"allow":["GET"]}}],"collection":[{"href":"https:\/\/13.com.ar\/index.php\/wp-json\/wp\/v2\/posts"}],"about":[{"href":"https:\/\/13.com.ar\/index.php\/wp-json\/wp\/v2\/types\/post"}],"author":[{"embeddable":true,"href":"https:\/\/13.com.ar\/index.php\/wp-json\/wp\/v2\/users\/1"}],"replies":[{"embeddable":true,"href":"https:\/\/13.com.ar\/index.php\/wp-json\/wp\/v2\/comments?post=24901"}],"version-history":[{"count":0,"href":"https:\/\/13.com.ar\/index.php\/wp-json\/wp\/v2\/posts\/24901\/revisions"}],"wp:featuredmedia":[{"embeddable":true,"href":"https:\/\/13.com.ar\/index.php\/wp-json\/wp\/v2\/media\/24902"}],"wp:attachment":[{"href":"https:\/\/13.com.ar\/index.php\/wp-json\/wp\/v2\/media?parent=24901"}],"wp:term":[{"taxonomy":"category","embeddable":true,"href":"https:\/\/13.com.ar\/index.php\/wp-json\/wp\/v2\/categories?post=24901"},{"taxonomy":"post_tag","embeddable":true,"href":"https:\/\/13.com.ar\/index.php\/wp-json\/wp\/v2\/tags?post=24901"}],"curies":[{"name":"wp","href":"https:\/\/api.w.org\/{rel}","templated":true}]}}