{"id":2490,"date":"2025-02-06T07:30:16","date_gmt":"2025-02-06T10:30:16","guid":{"rendered":"https:\/\/13.com.ar\/index.php\/el-infame-craneo-del-horror-en-la-argentina\/"},"modified":"2025-02-06T07:30:16","modified_gmt":"2025-02-06T10:30:16","slug":"el-infame-craneo-del-horror-en-la-argentina","status":"publish","type":"post","link":"https:\/\/13.com.ar\/index.php\/el-infame-craneo-del-horror-en-la-argentina\/","title":{"rendered":"el infame cr\u00e1neo del horror en la Argentina"},"content":{"rendered":"<p> <br \/>\n<\/p>\n<div id=\"cuerpo\">\n<div class=\"sc-80531b6b-0 chRIGJ container-text text-embed\">\n<p>En 2015, <em>la pel\u00edcula El Clan, de Pablo Trapero<\/em>, bati\u00f3 r\u00e9cords de taquilla. A pesar de algunas licencias dram\u00e1ticas, relata una historia real, casi incre\u00edble: <strong>la obra criminal de Arqu\u00edmedes Puccio, su familia y sus c\u00f3mplices.<\/strong><\/p>\n<\/div>\n<div class=\"sc-80531b6b-0 chRIGJ container-text text-embed\">\n<p>Relacionado con grupos anticomunistas y nacionalistas del peronismo, miembro de la SIDE, contador y abogado, Arqu\u00edmedes organiz\u00f3 una banda que secuestr\u00f3 y asesin\u00f3 a tres empresarios (Ricardo Manoukian, Eduardo Aulet y Emilio Naum) y que tuvo secuestrada y encadenada en la casa familiar de San Isidro durante 32 d\u00edas a la empresaria N\u00e9lida Bollini de Prado, por qui\u00e9n estaban por cobrar un rescate, cuando la polic\u00eda los detuvo, liberando a la mujer en cautiverio.<\/p>\n<\/div>\n<div class=\"sc-80531b6b-0 chRIGJ container-text text-embed\">\n<p>Los Puccio viv\u00edan en la casa de Mart\u00edn y Omar 544, San Isidro, y hac\u00edan una vida normal, que <strong>no levantaba la menor sospecha<\/strong>. Los hijos de Arqu\u00edmedes jugaban al rugby y su esposa y su hija eran profesoras de colegios de la zona.<\/p>\n<\/div>\n<div class=\"sc-80531b6b-0 chRIGJ container-text text-embed\">\n<p>Sin embargo, detr\u00e1s de esa fachada, los Puccio usaban la casa <strong>para mantener cautivos a los empresarios<\/strong>. Para ello recurrieron a un ba\u00f1o, a un armario y luego construyeron una celda en el s\u00f3tano.<\/p>\n<\/div>\n<div class=\"sc-198be8ec-0 cynXbu image-embed  image-embed \"><picture class=\"sc-198be8ec-1 kOjRiQ\"><source media=\"(min-width: 975px)\" width=\"720\" height=\"480\" \/><img alt=\"La casa del horror. Mart\u00edn y Omar 544, San Isidro. La casa familiar de los Puccio. All\u00ed estuvieron secuestrados los empresarios Ricardo Manoukian, Eduardo Aulet y  N\u00e9lida Bollini de Prado.&#10;casa de martin y omar puccio&#10;&#10;&#10;16 07 14&#10;policiales&#10;29 a\u00f1os de la causa puccio&#10;casa de los puccio. martin y omar 544 y 25 de mayo, san isidro&#10;fotos diego waldmann la plata  casa de la banda de secuestradores los puccio historia secuestros secuestradores homicidios asesinatos\" loading=\"lazy\" width=\"720\" height=\"480\" decoding=\"async\" data-nimg=\"1\" style=\"color:transparent\" src=\"https:\/\/13.com.ar\/wp-content\/uploads\/2025\/02\/el-infame-craneo-del-horror-en-la-Argentina.jpg\"\/><span class=\"epigraphe\">La casa del horror. Mart\u00edn y Omar 544, San Isidro. La casa familiar de los Puccio. All\u00ed estuvieron secuestrados los empresarios Ricardo Manoukian, Eduardo Aulet y  N\u00e9lida Bollini de Prado.<br \/>\ncasa de martin y omar puccio<\/p>\n<p>16 07 14<br \/>\npoliciales<br \/>\n29 a\u00f1os de la causa puccio<br \/>\ncasa de los puccio. martin y omar 544 y 25 de mayo, san isidro<br \/>\nfotos diego waldmann la plata  casa de la banda de secuestradores los puccio historia secuestros secuestradores homicidios asesinatos<\/span><span class=\"bkg\"\/><span class=\"picture-open\"><button class=\"open-image\" aria-label=\"Open Image\"\/><\/span><\/picture><\/div>\n<p><h2>Arqu\u00edmedes Puccio: el infame cr\u00e1neo del horror en la Argentina<\/h2>\n<\/p>\n<div class=\"sc-80531b6b-0 chRIGJ container-text text-embed\">\n<p><strong>Arqu\u00edmedes Puccio<\/strong> estaba casado con la profesora Epifan\u00eda Calvo y ten\u00eda cinco hijos. <strong>Alejandro, Guillermo y Daniel jugaban al rugby<\/strong>, Silvia era profesora de arte y Adriana era una adolescente al ocurrir los secuestros.<\/p>\n<\/div>\n<div class=\"sc-198be8ec-0 cynXbu image-embed  image-embed \"><picture class=\"sc-198be8ec-1 kOjRiQ\"><source media=\"(min-width: 975px)\" width=\"720\" height=\"480\" \/><img alt=\"La familia Puccio, en pleno: Alejandro, Silvia, Daniel &quot;Maguila&quot;, Guillermo, Epifan\u00eda Calvo, Arqu\u00edmedes y Adriana.\" loading=\"lazy\" width=\"720\" height=\"480\" decoding=\"async\" data-nimg=\"1\" style=\"color:transparent\" src=\"https:\/\/13.com.ar\/wp-content\/uploads\/2025\/02\/1738837815_598_el-infame-craneo-del-horror-en-la-Argentina.jpg\"\/><span class=\"epigraphe\">La familia Puccio, en pleno: Alejandro, Silvia, Daniel &#8220;Maguila&#8221;, Guillermo, Epifan\u00eda Calvo, Arqu\u00edmedes y Adriana.<\/span><span class=\"bkg\"\/><span class=\"picture-open\"><button class=\"open-image\" aria-label=\"Open Image\"\/><\/span><\/picture><\/div>\n<div class=\"sc-80531b6b-0 chRIGJ container-text text-embed\">\n<p>Puccio era contador y ejerci\u00f3 como vicec\u00f3nsul entre 1957 y 1964. Vinculado con el peronismo, en 1973 fue subsecretario de Deportes de la Municipalidad de Buenos Aires. Tambi\u00e9n <strong>estuvo relacionado con los servicios de inteligencia<\/strong>.<\/p>\n<\/div>\n<div class=\"sc-80531b6b-0 chRIGJ container-text text-embed\">\n<p>Acusado de haber secuestrado a un ejecutivo de Bonafide, Enrique Pels, en 1973, <strong>form\u00f3 la banda con Guillermo Fern\u00e1ndez Laborda<\/strong>, el coronel Rodolfo Franco, Gustavo Contepomi y Roberto D\u00edaz (luego se sumar\u00eda el alba\u00f1il Herculiano Vilca).<\/p>\n<\/div>\n<div class=\"sc-198be8ec-0 cynXbu image-embed  image-embed \"><picture class=\"sc-198be8ec-1 kOjRiQ\"><source media=\"(min-width: 975px)\" width=\"720\" height=\"480\" \/><img alt=\"N\u00e9lida Bollini de Prado fue liberada del s\u00f3tano de la casa de San Isidro cuando llevaba 32 d\u00edas encadenada. Principio del fin de una banda asesina. Los Puccio. \" loading=\"lazy\" width=\"720\" height=\"480\" decoding=\"async\" data-nimg=\"1\" style=\"color:transparent\" src=\"https:\/\/13.com.ar\/wp-content\/uploads\/2025\/02\/1738837815_982_el-infame-craneo-del-horror-en-la-Argentina.jpg\"\/><span class=\"epigraphe\">N\u00e9lida Bollini de Prado fue liberada del s\u00f3tano de la casa de San Isidro cuando llevaba 32 d\u00edas encadenada. Principio del fin de una banda asesina. Los Puccio. <\/span><span class=\"bkg\"\/><span class=\"picture-open\"><button class=\"open-image\" aria-label=\"Open Image\"\/><\/span><\/picture><\/div>\n<div class=\"sc-80531b6b-0 chRIGJ container-text text-embed\">\n<p>Ellos planearon secuestrar a una decena de personas, seg\u00fan una lista encontrada en la <strong>casa de San Isidro<\/strong> por la polic\u00eda.<\/p>\n<\/div>\n<p><h2>Secuestros a conocidos y muerte cruenta<\/h2>\n<\/p>\n<div class=\"sc-198be8ec-0 cynXbu image-embed  image-embed \"><picture class=\"sc-198be8ec-1 kOjRiQ\"><source media=\"(min-width: 975px)\" width=\"720\" height=\"480\" \/><img alt=\"Alejandro Puccio era en 1985 tryman y figura del Club Atl\u00e9tico de San Isidro. Se vali\u00f3 de su amistad con Manoukian para secuestrarlo.\" loading=\"lazy\" width=\"720\" height=\"480\" decoding=\"async\" data-nimg=\"1\" style=\"color:transparent\" src=\"https:\/\/13.com.ar\/wp-content\/uploads\/2025\/02\/1738837815_660_el-infame-craneo-del-horror-en-la-Argentina.jpg\"\/><span class=\"epigraphe\">Alejandro Puccio era en 1985 tryman y figura del Club Atl\u00e9tico de San Isidro. Se vali\u00f3 de su amistad con Manoukian para secuestrarlo.<\/span><span class=\"bkg\"\/><span class=\"picture-open\"><button class=\"open-image\" aria-label=\"Open Image\"\/><\/span><\/picture><\/div>\n<div class=\"sc-80531b6b-0 chRIGJ container-text text-embed\">\n<p>El primer hecho ocurri\u00f3 el 22 de julio de 1982, cuando, <strong>Ricardo Manoukian<\/strong>, de 23 a\u00f1os, y amigo de Alejandro cay\u00f3 en una trampa tendida por este.<\/p>\n<\/div>\n<div class=\"sc-80531b6b-0 chRIGJ container-text text-embed\">\n<p>Lo mantuvieron<strong> nueve d\u00edas atado y encapuchado<\/strong> en la ba\u00f1era del ba\u00f1o. Su familia, due\u00f1a de los supermercados Tanti, pag\u00f3 un rescate de US$ 500.000, pero igual fue asesinado de tres disparos en la cabeza. Arrojaron su cuerpo al r\u00edo cerca de Escobar.<\/p>\n<\/div>\n<div class=\"sc-198be8ec-0 cynXbu image-embed  image-embed \"><picture class=\"sc-198be8ec-1 kOjRiQ\"><source media=\"(min-width: 975px)\" width=\"300\" height=\"450\" \/><img alt=\"Ricardo Manoukian, de 23 a\u00f1os, era un empresario amigo de Alejandro Puccio. Lo tuvieron 9 d\u00edas secuestrado y atado en el ba\u00f1o de la casa de San Isidro. Tiraron su cuerpo al r\u00edo cerca de Escobar. \" loading=\"lazy\" width=\"300\" height=\"450\" decoding=\"async\" data-nimg=\"1\" style=\"color:transparent\" src=\"https:\/\/13.com.ar\/wp-content\/uploads\/2025\/02\/el-infame-craneo-del-horror-en-la-Argentina.jpg#1737624908163.jpeg\"\/><span class=\"epigraphe\">Ricardo Manoukian, de 23 a\u00f1os, era un empresario amigo de Alejandro Puccio. Lo tuvieron 9 d\u00edas secuestrado y atado en el ba\u00f1o de la casa de San Isidro. Tiraron su cuerpo al r\u00edo cerca de Escobar. <\/span><span class=\"bkg\"\/><span class=\"picture-open\"><button class=\"open-image\" aria-label=\"Open Image\"\/><\/span><\/picture><\/div>\n<div class=\"sc-80531b6b-0 chRIGJ container-text text-embed\">\n<p>El 5 de mayo de 1983 fue el turno de <strong>Eduardo Aulet<\/strong>, 25 a\u00f1os, un ingeniero industrial, quien fue capturado cuando se dirig\u00eda a su trabajo. <\/p>\n<\/div>\n<div class=\"sc-80531b6b-0 chRIGJ container-text text-embed\">\n<p>El entregador fue Contepomi, relacionado indirectamente con el <strong>padre de la v\u00edctima.<\/strong><\/p>\n<\/div>\n<div class=\"sc-198be8ec-0 cynXbu image-embed  image-embed \"><picture class=\"sc-198be8ec-1 kOjRiQ\"><source media=\"(min-width: 975px)\" width=\"720\" height=\"480\" \/><img alt=\"Eduardo Aulet, empresario de 25 a\u00f1os, fue secuestrado en la casa familiar. Lo asesinaron luego de cobrar el rescate. Su cuerpo apareci\u00f3 cuatro a\u00f1os m\u00e1s tarde.  \" loading=\"lazy\" width=\"720\" height=\"480\" decoding=\"async\" data-nimg=\"1\" style=\"color:transparent\" src=\"https:\/\/13.com.ar\/wp-content\/uploads\/2025\/02\/1738837816_60_el-infame-craneo-del-horror-en-la-Argentina.jpg\"\/><span class=\"epigraphe\">Eduardo Aulet, empresario de 25 a\u00f1os, fue secuestrado en la casa familiar. Lo asesinaron luego de cobrar el rescate. Su cuerpo apareci\u00f3 cuatro a\u00f1os m\u00e1s tarde.  <\/span><span class=\"bkg\"\/><span class=\"picture-open\"><button class=\"open-image\" aria-label=\"Open Image\"\/><\/span><\/picture><\/div>\n<div class=\"sc-80531b6b-0 chRIGJ container-text text-embed\">\n<p>La familia pag\u00f3 US$ 150.000 como rescate, pero Aulet fue asesinado en General Rodr\u00edguez. Su cuerpo aparecer\u00eda cuatro a\u00f1os m\u00e1s tarde.<\/p>\n<\/div>\n<div class=\"sc-80531b6b-0 chRIGJ container-text text-embed\">\n<p>La tercera v\u00edctima era <strong>Emilio Naum<\/strong>, 38 a\u00f1os, due\u00f1o de las tiendas McTaylor y entregado por el propio Arqu\u00edmedes. El 22 de junio de 1984, lo interceptaron cuando iba en su auto. Pero Naum se resisti\u00f3 y uno de los secuaces de Puccio lo mat\u00f3 de un disparo.<\/p>\n<\/div>\n<div class=\"sc-198be8ec-0 cynXbu image-embed  image-embed \"><picture class=\"sc-198be8ec-1 kOjRiQ\"><source media=\"(min-width: 975px)\" width=\"720\" height=\"480\" \/><img alt=\"Emilio Naum, due\u00f1o de las tiendas McTaylor, se resisti\u00f3 al asalto del Clan Puccio en las calles de Palermo. Lo mataron de un tiro en el pecho.\" loading=\"lazy\" width=\"720\" height=\"480\" decoding=\"async\" data-nimg=\"1\" style=\"color:transparent\" src=\"https:\/\/13.com.ar\/wp-content\/uploads\/2025\/02\/1738837816_25_el-infame-craneo-del-horror-en-la-Argentina.jpg\"\/><span class=\"epigraphe\">Emilio Naum, due\u00f1o de las tiendas McTaylor, se resisti\u00f3 al asalto del Clan Puccio en las calles de Palermo. Lo mataron de un tiro en el pecho.<\/span><span class=\"bkg\"\/><span class=\"picture-open\"><button class=\"open-image\" aria-label=\"Open Image\"\/><\/span><\/picture><\/div>\n<div class=\"sc-80531b6b-0 chRIGJ container-text text-embed\">\n<p>El siguiente secuestro ocurri\u00f3 en julio de 1985, cuando la banda captur\u00f3 a otra empresaria, <strong>N\u00e9lida Bollini de Prado<\/strong>, de 58 a\u00f1os. La retuvieron en la celda construida en el s\u00f3tano durante 32 d\u00edas. En tanto, su familia denunci\u00f3 el hecho y la Polic\u00eda, gracias a la intercepci\u00f3n de llamadas, dio con los Puccio.<\/p>\n<\/div>\n<p><h2>La ca\u00edda de la impunidad familiar de los Puccio<\/h2>\n<\/p>\n<div class=\"sc-80531b6b-0 chRIGJ container-text text-embed\">\n<p>El 23 de agosto de 1985 la polic\u00eda allan\u00f3 la casa de los Puccio y <strong>detuvo a la mayor\u00eda de la banda<\/strong>, incluyendo a Arqu\u00edmedes y Daniel, mientras negociaban la entrega de US$ 200.000. Al llegar a la casa, encontr\u00f3 a Alejandro y a su novia y, poco despu\u00e9s, a Epifan\u00eda.<\/p>\n<\/div>\n<div class=\"sc-198be8ec-0 cynXbu image-embed  image-embed \"><picture class=\"sc-198be8ec-1 kOjRiQ\"><source media=\"(min-width: 975px)\" width=\"720\" height=\"480\" \/><img alt=\"Incre\u00edblemente, Daniel Maguila Puccio solo pas\u00f3 30 meses preso, aunque fue condenado a 13 a\u00f1os.\/ ARCHIVO CLARIN.\" loading=\"lazy\" width=\"720\" height=\"480\" decoding=\"async\" data-nimg=\"1\" style=\"color:transparent\" src=\"https:\/\/13.com.ar\/wp-content\/uploads\/2025\/02\/1738837816_583_el-infame-craneo-del-horror-en-la-Argentina.jpg\"\/><span class=\"epigraphe\">Incre\u00edblemente, Daniel Maguila Puccio solo pas\u00f3 30 meses preso, aunque fue condenado a 13 a\u00f1os.\/ ARCHIVO CLARIN.<\/span><span class=\"bkg\"\/><span class=\"picture-open\"><button class=\"open-image\" aria-label=\"Open Image\"\/><\/span><\/picture><\/div>\n<div class=\"sc-80531b6b-0 chRIGJ container-text text-embed\">\n<p>Fue un hecho conmocionante en aquella joven, recuperada democracia Argentina surgida en diciembre de 1983. Pocos hechos reflejar\u00edan con tanta exactitud los a\u00f1os impunes y sangrientos de la dictadura militar de los a\u00f1os previos. La televisi\u00f3n estall\u00f3 con una noticia que nadie pod\u00eda creer del todo.<\/p>\n<\/div>\n<div class=\"sc-80531b6b-0 chRIGJ container-text text-embed\">\n<p>Encima, el hijo mayor, Alejandro Puccio, era entonces tryman y figura del Club Atl\u00e9tico de San Isidro, campe\u00f3n en ese 1985. Y era muy reconocido porque hab\u00eda integrado el hist\u00f3rico equipo denominado Sudam\u00e9rica XV que, con 15 argentinos, hab\u00eda vencido como visitante en 1982 a los Springboks sudafricanos.<\/p>\n<\/div>\n<div class=\"sc-80531b6b-0 chRIGJ container-text text-embed\">\n<p>Llevado a juicio, <strong>Arqu\u00edmedes Puccio fue sentenciado a cadena perpetua. <\/strong>Trasladado a una c\u00e1rcel de r\u00e9gimen abierto en La Pampa, en 2008, all\u00ed qued\u00f3 en libertad. Muri\u00f3 de un ACV, en General Pico, en 2013.<\/p>\n<\/div>\n<div class=\"sc-198be8ec-0 cynXbu image-embed  image-embed \"><picture class=\"sc-198be8ec-1 kOjRiQ\"><source media=\"(min-width: 975px)\" width=\"720\" height=\"480\" \/><img alt=\"Guillermo Fern\u00e1ndez Laborda, integrante del clan Puccio, pas\u00f3 21 a\u00f1os preso.\" loading=\"lazy\" width=\"720\" height=\"480\" decoding=\"async\" data-nimg=\"1\" style=\"color:transparent\" src=\"https:\/\/13.com.ar\/wp-content\/uploads\/2025\/02\/1738837816_188_el-infame-craneo-del-horror-en-la-Argentina.jpg\"\/><span class=\"epigraphe\">Guillermo Fern\u00e1ndez Laborda, integrante del clan Puccio, pas\u00f3 21 a\u00f1os preso.<\/span><span class=\"bkg\"\/><span class=\"picture-open\"><button class=\"open-image\" aria-label=\"Open Image\"\/><\/span><\/picture><\/div>\n<div class=\"sc-80531b6b-0 chRIGJ container-text text-embed\">\n<p><strong>Tambi\u00e9n fue condenado a perpetua Alejandro Puccio<\/strong>, quien trat\u00f3 de suicidarse varias veces, qued\u00f3 libre y muri\u00f3 en 2008.<\/p>\n<\/div>\n<div class=\"sc-80531b6b-0 chRIGJ container-text text-embed\">\n<p>En tanto, <strong>Daniel Maguila Puccio<\/strong>, que hab\u00eda llegado del exterior para participar solo del \u00faltimo secuestro, solo estuvo poco m\u00e1s de dos a\u00f1os preso: desde mediados del 85 hasta febrero de 1988. Su abogado, reclamando el Pacto de San Jos\u00e9 de Costa Rica, logr\u00f3 que esperara el fallo en libertad.<\/p>\n<\/div>\n<div class=\"sc-80531b6b-0 chRIGJ container-text text-embed\">\n<p>Reci\u00e9n ser\u00eda condenado en 1998, pero para esa \u00e9poca, Daniel Puccio se fugado y nunca se puso demasiado empe\u00f1o en buscarlo donde viv\u00eda, en Brasil. En 2011, la Justicia declar\u00f3 la extinci\u00f3n de la causa. En 2019 Daniel Puccio fue detenido en Brasil con un pasaporte falso.<\/p>\n<\/div>\n<div class=\"sc-198be8ec-0 cynXbu image-embed  image-embed \"><picture class=\"sc-198be8ec-1 kOjRiQ\"><source media=\"(min-width: 975px)\" width=\"720\" height=\"480\" \/><img alt=\"Epifan\u00eda Calvo, viuda de Arqu\u00edmedes Puccio. Estuvo solo dos a\u00f1os presa. No encontraon pruebas suficientes. \" loading=\"lazy\" width=\"720\" height=\"480\" decoding=\"async\" data-nimg=\"1\" style=\"color:transparent\" src=\"https:\/\/13.com.ar\/wp-content\/uploads\/2025\/02\/1738837816_711_el-infame-craneo-del-horror-en-la-Argentina.jpg\"\/><span class=\"epigraphe\">Epifan\u00eda Calvo, viuda de Arqu\u00edmedes Puccio. Estuvo solo dos a\u00f1os presa. No encontraon pruebas suficientes. <\/span><span class=\"bkg\"\/><span class=\"picture-open\"><button class=\"open-image\" aria-label=\"Open Image\"\/><\/span><\/picture><\/div>\n<div class=\"sc-80531b6b-0 chRIGJ container-text text-embed\">\n<p>El otro var\u00f3n, <strong>Guillermo<\/strong>, nunca fue imputado por la Justicia por falta de pruebas, al igual que sus dos hermanas, <strong>Silvia In\u00e9s y Adriana.<\/strong><\/p>\n<\/div>\n<div class=\"sc-80531b6b-0 chRIGJ container-text text-embed\">\n<p>En tanto <strong>Epifan\u00eda Calvo<\/strong>, esposa de Arqu\u00edmedes Puccio, estuvo dos a\u00f1os presa en la C\u00e1rcel de Mujeres de Ezeiza, entre 1985 y 1987. Pero luego fue liberada por falta de pruebas para condenarla.<\/p>\n<\/div>\n<div class=\"sc-198be8ec-0 cynXbu image-embed  image-embed \"><picture class=\"sc-198be8ec-1 kOjRiQ\"><source media=\"(min-width: 975px)\" width=\"720\" height=\"480\" \/><img alt=\"En 2008, luego de 23 a\u00f1os en la c\u00e1rcel, Arqu\u00edmedes Puccio fue trasladado a una c\u00e1rcel de r\u00e9gimen abierto en General Pico, La Pampa. Muri\u00f3 en 2013 de un ACV.\/ Foto: Hern\u00e1n Rojas.\" loading=\"lazy\" width=\"720\" height=\"480\" decoding=\"async\" data-nimg=\"1\" style=\"color:transparent\" src=\"https:\/\/13.com.ar\/wp-content\/uploads\/2025\/02\/1738837816_517_el-infame-craneo-del-horror-en-la-Argentina.jpg\"\/><span class=\"epigraphe\">En 2008, luego de 23 a\u00f1os en la c\u00e1rcel, Arqu\u00edmedes Puccio fue trasladado a una c\u00e1rcel de r\u00e9gimen abierto en General Pico, La Pampa. Muri\u00f3 en 2013 de un ACV.\/ Foto: Hern\u00e1n Rojas.<\/span><span class=\"bkg\"\/><span class=\"picture-open\"><button class=\"open-image\" aria-label=\"Open Image\"\/><\/span><\/picture><\/div>\n<div class=\"sc-80531b6b-0 chRIGJ container-text text-embed\">\n<p>En cuanto a los c\u00f3mplices, <strong>D\u00edaz estuvo 21 a\u00f1os preso<\/strong>; <strong>Contepomi muri\u00f3 en la c\u00e1rcel en 1994<\/strong>; <strong>Fern\u00e1ndez Laborda estuvo preso 21 a\u00f1os<\/strong> y luego fue condenado por estafa; <strong>Francos pas\u00f3 13 a\u00f1os preso<\/strong> y <strong>Vilca, 7.a\u00f1os preso.<\/strong><\/p>\n<\/div>\n<\/div>\n<p><br \/>\n<br \/><a href=\"https:\/\/www.clarin.com\/informacion-general\/arquimedes-puccio-infame-craneo-horror-argentina_0_9HI32jcm9d.html\">Fuente Clarin.com <\/a><\/p>\n","protected":false},"excerpt":{"rendered":"<p>En 2015, la pel\u00edcula El Clan, de Pablo Trapero, bati\u00f3 r\u00e9cords de taquilla. A pesar de algunas licencias dram\u00e1ticas, relata una historia real, casi incre\u00edble: la obra criminal de Arqu\u00edmedes Puccio, su familia y sus c\u00f3mplices. Relacionado con grupos anticomunistas y nacionalistas del peronismo, miembro de la SIDE, contador y abogado, Arqu\u00edmedes organiz\u00f3 una banda [&hellip;]<\/p>\n","protected":false},"author":1,"featured_media":2491,"comment_status":"open","ping_status":"open","sticky":false,"template":"","format":"standard","meta":{"footnotes":""},"categories":[2],"tags":[288,4444,100,4445,4388],"class_list":["post-2490","post","type-post","status-publish","format-standard","has-post-thumbnail","hentry","category-ultimas-noticias","tag-argentina","tag-craneo","tag-del","tag-horror","tag-infame"],"_links":{"self":[{"href":"https:\/\/13.com.ar\/index.php\/wp-json\/wp\/v2\/posts\/2490","targetHints":{"allow":["GET"]}}],"collection":[{"href":"https:\/\/13.com.ar\/index.php\/wp-json\/wp\/v2\/posts"}],"about":[{"href":"https:\/\/13.com.ar\/index.php\/wp-json\/wp\/v2\/types\/post"}],"author":[{"embeddable":true,"href":"https:\/\/13.com.ar\/index.php\/wp-json\/wp\/v2\/users\/1"}],"replies":[{"embeddable":true,"href":"https:\/\/13.com.ar\/index.php\/wp-json\/wp\/v2\/comments?post=2490"}],"version-history":[{"count":0,"href":"https:\/\/13.com.ar\/index.php\/wp-json\/wp\/v2\/posts\/2490\/revisions"}],"wp:featuredmedia":[{"embeddable":true,"href":"https:\/\/13.com.ar\/index.php\/wp-json\/wp\/v2\/media\/2491"}],"wp:attachment":[{"href":"https:\/\/13.com.ar\/index.php\/wp-json\/wp\/v2\/media?parent=2490"}],"wp:term":[{"taxonomy":"category","embeddable":true,"href":"https:\/\/13.com.ar\/index.php\/wp-json\/wp\/v2\/categories?post=2490"},{"taxonomy":"post_tag","embeddable":true,"href":"https:\/\/13.com.ar\/index.php\/wp-json\/wp\/v2\/tags?post=2490"}],"curies":[{"name":"wp","href":"https:\/\/api.w.org\/{rel}","templated":true}]}}