{"id":24897,"date":"2025-05-13T13:45:29","date_gmt":"2025-05-13T16:45:29","guid":{"rendered":"https:\/\/13.com.ar\/index.php\/lula-da-silva-ve-un-error-de-diagnostico-en-la-contratacion-de-carlo-ancelotti-como-tecnico-de-la-seleccion-brasilera\/"},"modified":"2025-05-13T13:45:29","modified_gmt":"2025-05-13T16:45:29","slug":"lula-da-silva-ve-un-error-de-diagnostico-en-la-contratacion-de-carlo-ancelotti-como-tecnico-de-la-seleccion-brasilera","status":"publish","type":"post","link":"https:\/\/13.com.ar\/index.php\/lula-da-silva-ve-un-error-de-diagnostico-en-la-contratacion-de-carlo-ancelotti-como-tecnico-de-la-seleccion-brasilera\/","title":{"rendered":"Lula da Silva ve un error de diagn\u00f3stico en la contrataci\u00f3n de Carlo Ancelotti como t\u00e9cnico de la Selecci\u00f3n brasilera"},"content":{"rendered":"<p> <br \/>\n<br \/><img decoding=\"async\" src=\"https:\/\/13.com.ar\/wp-content\/uploads\/2025\/05\/Lula-da-Silva-ve-un-error-de-diagnostico-en-la.jpg\" \/><\/p>\n<div id=\"element-body-0\">\n<p>Luego de negociar durante varios a\u00f1os, la CBF<strong> <\/strong>logr\u00f3 que Carlo Ancelotti acepte ser el nuevo entrenador de la Verdeamarela. Sin embargo, horas despu\u00e9s de haberse hecho oficial la contrataci\u00f3n, Lula da Silva cuestion\u00f3 la elecci\u00f3n de las autoridades.<\/p>\n<\/div>\n<div id=\"element-body-1\">\n<p>&#8220;No tengo nada en contra de que un extranjero est\u00e9 al mando de la selecci\u00f3n nacional, pero <strong>hay entrenadores en Brasil que podr\u00edan dirigir al equipo<\/strong>&#8220;, asegur\u00f3 el presidente en di\u00e1logo con O Globo.<\/p>\n<\/div>\n<div id=\"element-body-3\">\n<p>Luego, el m\u00e1ximo mandatario del pa\u00eds lim\u00edtrofe tambi\u00e9n se refiri\u00f3 a las dificultades con las que se encontrar\u00e1 el italiano una vez que tome las riendas del plantel. &#8220;Si analizamos la biograf\u00eda de Ancelotti, es un gran entrenador. Era un buen jugador y es un buen entrenador, pero<strong> el problema en Brasil es que tenemos escasez de jugadores<\/strong>.<strong> <\/strong>No es lo mismo que ten\u00edamos antes&#8221;, lanz\u00f3. <\/p>\n<\/div>\n<div id=\"element-body-4\">\n<p>Segundos despu\u00e9s, record\u00f3: &#8220;<strong>Si comparamos esta camada con las de 58, 62, 70, 82, 86, 2002 y 2006, esta es m\u00e1s fr\u00e1gil<\/strong>. S\u00f3lo hay que recordar nuestros delanteros de 2002 y 2006 para ver que estamos lejos de eso&#8221;.<\/p>\n<\/div>\n<div id=\"element-body-5\">\n<p>A su vez, reconoci\u00f3: &#8220;Ya se lo dije al presidente de la CBF. <strong>Me gustar\u00eda intentar un experimento convocando a los mejores jugadores que terminan el Campeonato Brasile\u00f1o<\/strong>. El Campeonato Brasile\u00f1o ha terminado, hagamos una selecci\u00f3n de los 22 mejores jugadores para ver qu\u00e9 pasa. Creo que ser\u00eda lo mismo o mejor que llamar desde cualquier parte del mundo&#8221;.<\/p>\n<\/div>\n<div id=\"element-body-7\">\n<p>Sus dos primeros compromisos como entrenador de Brasil<strong> <\/strong>los tendr\u00e1 en la doble fecha de Eliminatorias Sudamericanas de junio, donde enfrentar\u00e1 a <strong>Ecuador <\/strong>y <strong>Paraguay<\/strong>.<\/p>\n<\/div>\n<div id=\"element-body-8\">\n<p>Aunque no tiene asegurada la clasificaci\u00f3n al Mundial 2026, la Verdeamarela est\u00e1 cuarta en la tabla de posiciones con 21 puntos en 14 partidos disputados. Por lo tanto, en caso de ganarle a la Tri de visitante y a la Albirroja de local, se acercar\u00e1 matem\u00e1ticamente al objetivo<\/p>\n<\/div>\n<div id=\"element-body-12\">\n<p>Aunque todav\u00eda tiene que dirigir otros tres partidos en el Merengue, el entrenador se refiri\u00f3 brevemente al nuevo desaf\u00edo que tendr\u00e1 en la Verdeamarela. &#8220;<strong>Desde el d\u00eda 26 ser\u00e9 entrenador de Brasil, que es un reto<\/strong>&#8220;, asegur\u00f3 en conferencia de prensa. <\/p>\n<\/div>\n<div id=\"element-body-13\">\n<p>Sin embargo, inmediatamente destac\u00f3: &#8220;Hasta entonces soy entrenador del Real Madrid y quiero terminarlo de la mejor manera posible. Estoy centrado en el \u00faltimo tramo de esta aventura espectacular&#8221;.<\/p>\n<\/div>\n<p><br \/>\n<br \/><a href=\"https:\/\/www.clarin.com\/deportes\/lula-carlo-ancelotti-brasil-cbf_0_5pPK5tSIi8.html\">Fuente Clarin.com <\/a><\/p>\n","protected":false},"excerpt":{"rendered":"<p>Luego de negociar durante varios a\u00f1os, la CBF logr\u00f3 que Carlo Ancelotti acepte ser el nuevo entrenador de la Verdeamarela. Sin embargo, horas despu\u00e9s de haberse hecho oficial la contrataci\u00f3n, Lula da Silva cuestion\u00f3 la elecci\u00f3n de las autoridades. &#8220;No tengo nada en contra de que un extranjero est\u00e9 al mando de la selecci\u00f3n nacional, [&hellip;]<\/p>\n","protected":false},"author":1,"featured_media":24898,"comment_status":"open","ping_status":"open","sticky":false,"template":"","format":"standard","meta":{"footnotes":""},"categories":[2],"tags":[13753,18029,14012,66,18028,12657,1578,3533,2703,8187,12732],"class_list":["post-24897","post","type-post","status-publish","format-standard","has-post-thumbnail","hentry","category-ultimas-noticias","tag-ancelotti","tag-brasilera","tag-carlo","tag-como","tag-contratacion","tag-diagnostico","tag-error","tag-lula","tag-seleccion","tag-silva","tag-tecnico"],"_links":{"self":[{"href":"https:\/\/13.com.ar\/index.php\/wp-json\/wp\/v2\/posts\/24897","targetHints":{"allow":["GET"]}}],"collection":[{"href":"https:\/\/13.com.ar\/index.php\/wp-json\/wp\/v2\/posts"}],"about":[{"href":"https:\/\/13.com.ar\/index.php\/wp-json\/wp\/v2\/types\/post"}],"author":[{"embeddable":true,"href":"https:\/\/13.com.ar\/index.php\/wp-json\/wp\/v2\/users\/1"}],"replies":[{"embeddable":true,"href":"https:\/\/13.com.ar\/index.php\/wp-json\/wp\/v2\/comments?post=24897"}],"version-history":[{"count":0,"href":"https:\/\/13.com.ar\/index.php\/wp-json\/wp\/v2\/posts\/24897\/revisions"}],"wp:featuredmedia":[{"embeddable":true,"href":"https:\/\/13.com.ar\/index.php\/wp-json\/wp\/v2\/media\/24898"}],"wp:attachment":[{"href":"https:\/\/13.com.ar\/index.php\/wp-json\/wp\/v2\/media?parent=24897"}],"wp:term":[{"taxonomy":"category","embeddable":true,"href":"https:\/\/13.com.ar\/index.php\/wp-json\/wp\/v2\/categories?post=24897"},{"taxonomy":"post_tag","embeddable":true,"href":"https:\/\/13.com.ar\/index.php\/wp-json\/wp\/v2\/tags?post=24897"}],"curies":[{"name":"wp","href":"https:\/\/api.w.org\/{rel}","templated":true}]}}