{"id":24893,"date":"2025-05-13T13:36:37","date_gmt":"2025-05-13T16:36:37","guid":{"rendered":"https:\/\/13.com.ar\/index.php\/echan-a-una-monja-por-ser-demasiado-bonita-y-la-polemica-sacude-a-la-iglesia\/"},"modified":"2025-05-13T13:36:37","modified_gmt":"2025-05-13T16:36:37","slug":"echan-a-una-monja-por-ser-demasiado-bonita-y-la-polemica-sacude-a-la-iglesia","status":"publish","type":"post","link":"https:\/\/13.com.ar\/index.php\/echan-a-una-monja-por-ser-demasiado-bonita-y-la-polemica-sacude-a-la-iglesia\/","title":{"rendered":"echan a una monja por ser &#8220;demasiado bonita&#8221; y la pol\u00e9mica sacude a la Iglesia"},"content":{"rendered":"<p> <br \/>\n<br \/><img decoding=\"async\" src=\"https:\/\/13.com.ar\/wp-content\/uploads\/2025\/05\/echan-a-una-monja-por-ser-demasiado-bonita-y-la.jpg\" \/><\/p>\n<div id=\"element-body-0\">\n<p>Una monja de 41 a\u00f1os asegura haber sido expulsada de su congregaci\u00f3n por ser &#8220;demasiado linda&#8221;, lo que gener\u00f3 un esc\u00e1ndalo en la comunidad religiosa. Aline Pereira Ghammachi, una religiosa brasile\u00f1a, fue expulsada del monasterio cisterciense de clausura de los Santos Gervasio y Protasio de San Giacomo di Veglia, en Treviso, Italia. <\/p>\n<\/div>\n<div id=\"element-body-1\">\n<p>Se trata del mismo monasterio donde otro grupo de monjas huy\u00f3 y se refugi\u00f3 en un lugar secreto, en medio de pol\u00e9micas y denuncias.  <strong>La ex abadesa ahora reclama que el Vaticano revise su caso y repare el da\u00f1o que sufri\u00f3. <\/strong><\/p>\n<\/div>\n<div id=\"element-body-2\">\n<p>Seg\u00fan relat\u00f3 en entrevistas para medios brasile\u00f1os e italianos, sus superiores cuestionaban su apariencia f\u00edsica y su popularidad. \u201cMe dijeron que no encajaba con la imagen de una monja. <strong>Que era demasiado atractiva para representar a la Iglesia\u201d<\/strong>, se\u00f1ala.<\/p>\n<\/div>\n<div id=\"element-body-4\">\n<p>.&#8221;Me duele el coraz\u00f3n solo de pensar que todo esto pueda ser interrumpido por calumnias infundadas. La esperanza nunca debe faltar. Nos lo dijo muchas veces tambi\u00e9n el Papa Francisco. Lo que deseo junto con las hermanas es que se haga plena luz sobre el asunto y que la verdad prevalezca sobre la mentira. <strong>He sido atacada injustamente y quiero que toda la verdad salga a la luz<\/strong>. He dedicado toda mi vida a mi camino religioso y ahora lo veo destruido sin que haya pruebas en mi contra&#8221;.<\/p>\n<\/div>\n<div id=\"element-body-6\">\n<p>La religiosa considera que fue v\u00edctima de un prejuicio inadmisible dentro de la Iglesia y est\u00e1 decidida a llevar su caso a las m\u00e1s altas instancias del Vaticano. En declaraciones a la prensa, dijo sentirse herida pero fortalecida para luchar por su vocaci\u00f3n y por otras mujeres discriminadas por razones similares.<\/p>\n<\/div>\n<div id=\"element-body-8\">\n<p>En un comunicado, el monasterio indic\u00f3 que la ex abadesa ten\u00eda derecho a apelar el decreto si llevaba el caso al Dicasterio.<\/p>\n<\/div>\n<div id=\"element-body-9\">\n<p>&#8220;La exabadesa ten\u00eda derecho a apelar el decreto ante el Dicasterio. Ahora, afirma que prefiere presentar una demanda civil, <strong>pero no est\u00e1 claro contra qui\u00e9n ni por qu\u00e9 motivos, ya que todo se hizo conforme al derecho eclesi\u00e1stico, el \u00fanico autorizado para regular la vida mon\u00e1stica&#8221;<\/strong>, explic\u00f3 la Alianza Intermonast\u00e9rica el 3 de mayo.<\/p>\n<\/div>\n<div id=\"element-body-12\">\n<p>Nacida en Macap\u00e1, Brasil, Aline creci\u00f3 en una familia cat\u00f3lica, rodeada de amigos y con una vida social activa. \u201cVolv\u00eda a casa solo para dormir\u201d, recuerda entre risas. Su vocaci\u00f3n lleg\u00f3 joven, a los 15 a\u00f1os, pero decidi\u00f3 confirmarla despu\u00e9s de graduarse en Econom\u00eda y Comercio.<\/p>\n<\/div>\n<div id=\"element-body-13\">\n<p>Colabor\u00f3 con el peri\u00f3dico de su familia -el m\u00e1s importante de su ciudad- y particip\u00f3 en programas de radio y televisi\u00f3n donde explicaba la Palabra del d\u00eda.<\/p>\n<\/div>\n<div id=\"element-body-15\">\n<p><strong>En 2018, sorprendi\u00f3 al mundo eclesi\u00e1stico al convertirse en la regente m\u00e1s joven de un convento italiano<\/strong>: el monasterio cisterciense de clausura de los Santos Gervasio y Protasio, en San Giacomo di Veglia. Su carisma, su presencia medi\u00e1tica y su belleza -ojos azules intensos, sonrisa amplia- la convirtieron en una figura at\u00edpica dentro del mundo mon\u00e1stico.<\/p>\n<\/div>\n<div id=\"element-body-16\">\n<p>La destituci\u00f3n lleg\u00f3 y para ella es resultado de una campa\u00f1a de calumnias.<\/p>\n<\/div>\n<div id=\"element-body-17\">\n<p>\u201cCuatro hermanas escribieron al papa acus\u00e1ndome de maltrato. Es falso. Estoy lista para demandar\u201d, declar\u00f3 a medios italianos.<\/p>\n<\/div>\n<div id=\"element-body-19\">\n<p>Aline cree que el pedido vino de fray Mauro Giuseppe Leporia, abad principal de la orden que dirige el monasterio. &#8220;Dijo que era demasiado bonita para ser abadesa. <strong>Lo dijo en tono de broma, ri\u00e9ndose, pero me hizo quedar en rid\u00edculo&#8221;, <\/strong>explic\u00f3 la mujer, cuya historia se hizo viral.<\/p>\n<\/div>\n<div id=\"element-body-20\">\n<p>\u201cNo me gusta decir que mi vida antes era normal, porque parecer\u00eda que la de ahora es anormal. Tambi\u00e9n era feliz all\u00e1\u201d, cont\u00f3 Aline, sobre su vida en Brasil.<\/p>\n<\/div>\n<div id=\"element-body-22\">\n<p>La expulsi\u00f3n de la religiosa brasile\u00f1a abre interrogantes sobre la gesti\u00f3n de las comunidades religiosas y la salud mental de sus miembros. El esc\u00e1ndalo puso de relieve los problemas de liderazgo y comunicaci\u00f3n dentro del convento. Es esencial que las instituciones religiosas aborden estas cuestiones para garantizar un entorno pac\u00edfico y de apoyo para todos los miembros de la comunidad.<\/p>\n<\/div>\n<p><br \/>\n<br \/><a href=\"https:\/\/www.clarin.com\/internacional\/escandalo-religioso-echan-monja-demasiado-bonita-polemica-sacude-iglesia_0_47lR7bgksp.html\">Fuente Clarin.com <\/a><\/p>\n","protected":false},"excerpt":{"rendered":"<p>Una monja de 41 a\u00f1os asegura haber sido expulsada de su congregaci\u00f3n por ser &#8220;demasiado linda&#8221;, lo que gener\u00f3 un esc\u00e1ndalo en la comunidad religiosa. Aline Pereira Ghammachi, una religiosa brasile\u00f1a, fue expulsada del monasterio cisterciense de clausura de los Santos Gervasio y Protasio de San Giacomo di Veglia, en Treviso, Italia. Se trata del [&hellip;]<\/p>\n","protected":false},"author":1,"featured_media":24894,"comment_status":"open","ping_status":"open","sticky":false,"template":"","format":"standard","meta":{"footnotes":""},"categories":[2],"tags":[18027,2300,16660,4571,2004,814,142,2873,1234,73],"class_list":["post-24893","post","type-post","status-publish","format-standard","has-post-thumbnail","hentry","category-ultimas-noticias","tag-bonita","tag-demasiado","tag-echan","tag-iglesia","tag-monja","tag-polemica","tag-por","tag-sacude","tag-ser","tag-una"],"_links":{"self":[{"href":"https:\/\/13.com.ar\/index.php\/wp-json\/wp\/v2\/posts\/24893","targetHints":{"allow":["GET"]}}],"collection":[{"href":"https:\/\/13.com.ar\/index.php\/wp-json\/wp\/v2\/posts"}],"about":[{"href":"https:\/\/13.com.ar\/index.php\/wp-json\/wp\/v2\/types\/post"}],"author":[{"embeddable":true,"href":"https:\/\/13.com.ar\/index.php\/wp-json\/wp\/v2\/users\/1"}],"replies":[{"embeddable":true,"href":"https:\/\/13.com.ar\/index.php\/wp-json\/wp\/v2\/comments?post=24893"}],"version-history":[{"count":0,"href":"https:\/\/13.com.ar\/index.php\/wp-json\/wp\/v2\/posts\/24893\/revisions"}],"wp:featuredmedia":[{"embeddable":true,"href":"https:\/\/13.com.ar\/index.php\/wp-json\/wp\/v2\/media\/24894"}],"wp:attachment":[{"href":"https:\/\/13.com.ar\/index.php\/wp-json\/wp\/v2\/media?parent=24893"}],"wp:term":[{"taxonomy":"category","embeddable":true,"href":"https:\/\/13.com.ar\/index.php\/wp-json\/wp\/v2\/categories?post=24893"},{"taxonomy":"post_tag","embeddable":true,"href":"https:\/\/13.com.ar\/index.php\/wp-json\/wp\/v2\/tags?post=24893"}],"curies":[{"name":"wp","href":"https:\/\/api.w.org\/{rel}","templated":true}]}}