{"id":2489,"date":"2025-02-06T07:26:22","date_gmt":"2025-02-06T10:26:22","guid":{"rendered":"https:\/\/13.com.ar\/index.php\/como-observar-el-evento-astronomico-y-que-dia-de-febrero-sera\/"},"modified":"2025-02-06T07:26:22","modified_gmt":"2025-02-06T10:26:22","slug":"como-observar-el-evento-astronomico-y-que-dia-de-febrero-sera","status":"publish","type":"post","link":"https:\/\/13.com.ar\/index.php\/como-observar-el-evento-astronomico-y-que-dia-de-febrero-sera\/","title":{"rendered":"c\u00f3mo observar el evento astron\u00f3mico y qu\u00e9 d\u00eda de febrero ser\u00e1"},"content":{"rendered":"<p> <br \/>\n<br \/><img decoding=\"async\" src=\"https:\/\/www.clarin.com\/img\/2025\/02\/04\/U4gZQWjoo_1200x630__1.jpg\" \/><\/p>\n<div>\n<p>El<strong> cielo nocturno ofrecer\u00e1 uno de los eventos astron\u00f3micos m\u00e1s impactantes del a\u00f1o<\/strong>: siete planetas del <strong>sistema solar<\/strong> \u2014Marte, J\u00fapiter, Urano, Venus, Neptuno, Saturno y Mercurio\u2014<strong> se alinear\u00e1n <\/strong>en un fen\u00f3meno excepcional<strong> <\/strong>que <strong>no volver\u00e1 a ocurrir hasta el a\u00f1o 2492<\/strong>.<\/p>\n<\/div>\n<div>\n<p>Si bien las alineaciones planetarias no son inusuales, aquellas que agrupan a m\u00e1s de seis planetas al mismo tiempo son extremadamente raras. De acuerdo con el portal especializado<strong> Starwalk<\/strong>, <strong>este evento ser\u00e1 visible desde cualquier parte del mundo<\/strong> y podr\u00e1 apreciarse durante gran parte de la noche.<\/p>\n<\/div>\n<div>\n<p>El mejor momento para observar la alineaci\u00f3n ser\u00e1 poco<strong> antes del amanecer del 28 de febrero<\/strong>, aunque los<strong> planetas<\/strong> comenzar\u00e1n a ser visibles algunas noches antes y permanecer\u00e1n alineados en los d\u00edas posteriores.<strong> En Argentina<\/strong>, para una mejor experiencia de observaci\u00f3n, <strong>se recomienda elegir un lugar con cielos despejados y baja contaminaci\u00f3n lum\u00ednica<\/strong>.<\/p>\n<\/div>\n<div>\n<p>Para identificar los planetas en el cielo, es importante considerar tres aspectos clave:<\/p>\n<\/div>\n<div>\n<p>Para una observaci\u00f3n sin equipos especiales, se sugiere <strong>localizar primero a Venus y J\u00fapiter<\/strong>, los m\u00e1s brillantes, y luego seguir la ecl\u00edptica para encontrar los dem\u00e1s. En el caso de <strong>Neptuno y Urano<\/strong>, su baja magnitud requerir\u00e1 el uso de telescopios o binoculares de gran aumento.<\/p>\n<\/div>\n<div>\n<p>Previo a la gran alineaci\u00f3n de siete planetas, <strong>el 21 de enero ocurri\u00f3 otro evento astron\u00f3mico de gran relevancia<\/strong>. Seis planetas \u2014Marte, J\u00fapiter, Venus, Saturno, Urano y Neptuno\u2014 formaron una alineaci\u00f3n visible desde distintos puntos.<\/p>\n<\/div>\n<div>\n<p>Aunque esa fecha marc\u00f3 el punto m\u00e1ximo del fen\u00f3meno, los planetas permanecieron en posiciones similares durante varias noches.<\/p>\n<\/div>\n<div>\n<p><strong>Estos eventos generan gran expectativa entre astr\u00f3nomos y aficionados<\/strong>, ya que <strong>permiten observar varios planetas simult\u00e1neamente en una misma franja del cielo<\/strong>. Para quienes deseen aprovechar al m\u00e1ximo la experiencia, se recomienda utilizar aplicaciones de astronom\u00eda como <strong>SkyView<\/strong> o <strong>Stellarium<\/strong>, que facilitan la localizaci\u00f3n de los astros en tiempo real.<\/p>\n<\/div>\n<p><br \/>\n<br \/><a href=\"https:\/\/www.clarin.com\/informacion-general\/alineacion-planetaria-volvera-ver-400-anos-observar-evento-astronomico-dia-febrero_0_MjkUsbj5Aa.html\">Fuente Clarin.com <\/a><\/p>\n","protected":false},"excerpt":{"rendered":"<p>El cielo nocturno ofrecer\u00e1 uno de los eventos astron\u00f3micos m\u00e1s impactantes del a\u00f1o: siete planetas del sistema solar \u2014Marte, J\u00fapiter, Urano, Venus, Neptuno, Saturno y Mercurio\u2014 se alinear\u00e1n en un fen\u00f3meno excepcional que no volver\u00e1 a ocurrir hasta el a\u00f1o 2492. Si bien las alineaciones planetarias no son inusuales, aquellas que agrupan a m\u00e1s de [&hellip;]<\/p>\n","protected":false},"author":1,"featured_media":0,"comment_status":"open","ping_status":"open","sticky":false,"template":"","format":"standard","meta":{"footnotes":""},"categories":[2],"tags":[4443,66,1154,751,1823,4442,286,153],"class_list":["post-2489","post","type-post","status-publish","format-standard","hentry","category-ultimas-noticias","tag-astronomico","tag-como","tag-dia","tag-evento","tag-febrero","tag-observar","tag-que","tag-sera"],"_links":{"self":[{"href":"https:\/\/13.com.ar\/index.php\/wp-json\/wp\/v2\/posts\/2489","targetHints":{"allow":["GET"]}}],"collection":[{"href":"https:\/\/13.com.ar\/index.php\/wp-json\/wp\/v2\/posts"}],"about":[{"href":"https:\/\/13.com.ar\/index.php\/wp-json\/wp\/v2\/types\/post"}],"author":[{"embeddable":true,"href":"https:\/\/13.com.ar\/index.php\/wp-json\/wp\/v2\/users\/1"}],"replies":[{"embeddable":true,"href":"https:\/\/13.com.ar\/index.php\/wp-json\/wp\/v2\/comments?post=2489"}],"version-history":[{"count":0,"href":"https:\/\/13.com.ar\/index.php\/wp-json\/wp\/v2\/posts\/2489\/revisions"}],"wp:attachment":[{"href":"https:\/\/13.com.ar\/index.php\/wp-json\/wp\/v2\/media?parent=2489"}],"wp:term":[{"taxonomy":"category","embeddable":true,"href":"https:\/\/13.com.ar\/index.php\/wp-json\/wp\/v2\/categories?post=2489"},{"taxonomy":"post_tag","embeddable":true,"href":"https:\/\/13.com.ar\/index.php\/wp-json\/wp\/v2\/tags?post=2489"}],"curies":[{"name":"wp","href":"https:\/\/api.w.org\/{rel}","templated":true}]}}