{"id":24889,"date":"2025-05-13T13:27:33","date_gmt":"2025-05-13T16:27:33","guid":{"rendered":"https:\/\/13.com.ar\/index.php\/cual-es-la-historia-de-este-isla-en-el-pacifico\/"},"modified":"2025-05-13T13:27:33","modified_gmt":"2025-05-13T16:27:33","slug":"cual-es-la-historia-de-este-isla-en-el-pacifico","status":"publish","type":"post","link":"https:\/\/13.com.ar\/index.php\/cual-es-la-historia-de-este-isla-en-el-pacifico\/","title":{"rendered":"cu\u00e1l es la historia de este isla en el Pac\u00edfico"},"content":{"rendered":"<p> <br \/>\n<br \/><img decoding=\"async\" src=\"https:\/\/13.com.ar\/wp-content\/uploads\/2025\/05\/cual-es-la-historia-de-este-isla-en-el-Pacifico.jpg\" \/><\/p>\n<div id=\"element-body-0\">\n<p>En el <strong>oc\u00e9ano Pac\u00edfico<\/strong> hay una<strong> isla flotante que tiene el tama\u00f1o de 3 veces Francia<\/strong>, sin embargo, <strong>no es tierra firme, no posee fronteras ni habitantes.<\/strong> Su historia est\u00e1 asociada directamente con un <strong>da\u00f1o ambiental extremo<\/strong>, a nivel global.<\/p>\n<\/div>\n<div id=\"element-body-1\">\n<p>Se trata de una <strong>masa de residuos pl\u00e1sticos, que supera las dimensiones del pa\u00eds europeo<\/strong>, <strong>detectada<\/strong> en <strong>1997 <\/strong>por el ocean\u00f3grafo Charles Moore y confirmada luego por investigaciones como las de la BBC.<strong> Crece a grandes pasos <\/strong>y es uno de los casos m\u00e1s extremos de <strong>contaminaci\u00f3n marina<\/strong>.<\/p>\n<\/div>\n<div id=\"element-body-3\">\n<p>La<strong> gran mancha de basura del Pac\u00edfico<\/strong>, como se la conoce formalmente, <strong>se extiende por aproximadamente 1,6 millones de kil\u00f3metros cuadrados<\/strong>. <\/p>\n<\/div>\n<div id=\"element-body-4\">\n<p>A diferencia de una isla tradicional, no tiene base s\u00f3lida: <strong>est\u00e1 conformada por millones de fragmentos pl\u00e1sticos atrapados por los giros oce\u00e1nicos <\/strong>que act\u00faan como un embudo de residuos.<\/p>\n<\/div>\n<div id=\"element-body-5\">\n<p>Aunque muchos imaginan una masa compacta visible desde el aire, en realidad<strong> se trata de una acumulaci\u00f3n dispersa<\/strong>. Su densidad var\u00eda por zona, pero en conjunto representa una amenaza directa para la vida marina.<\/p>\n<\/div>\n<div id=\"element-body-7\">\n<p>Los <strong>materiales m\u00e1s presentes son: redes de pesca abandonadas, restos de envases, elementos industriales y micropl\u00e1sticos<\/strong>. Lo m\u00e1s alarmante es que buena parte de estos residuos proviene de d\u00e9cadas anteriores, lo que indica que su permanencia en el oc\u00e9ano se prolonga en el tiempo.<\/p>\n<\/div>\n<div id=\"element-body-8\">\n<p>La situaci\u00f3n no mejora: <strong>se identificaron al menos cuatro formaciones similares en otros puntos del planeta<\/strong>, todas con caracter\u00edsticas semejantes.<\/p>\n<\/div>\n<div id=\"element-body-10\">\n<p><strong>La historia<\/strong> de esta isla <strong>comenz\u00f3 con peque\u00f1as corrientes arrastrando basura desde zonas costeras hasta mar abierto<\/strong>. Sin intervenci\u00f3n humana directa pero como resultado de ella, los residuos flotantes fueron quedando atrapados en zonas donde las corrientes oce\u00e1nicas se cruzan, formando un remolino que los retiene.<\/p>\n<\/div>\n<div id=\"element-body-12\">\n<p>Este fen\u00f3meno <strong>cambi\u00f3 la percepci\u00f3n del pl\u00e1stico como residuo que la gente descarta<\/strong>, sin reutilizar. Las investigaciones m\u00e1s recientes confirman que el <strong>99,9% del contenido es pl\u00e1stico<\/strong>, <strong>en su mayor\u00eda proveniente de los a\u00f1os 80 y 90<\/strong>. M\u00e1s de la mitad son fragmentos mayores a cinco cent\u00edmetros.<\/p>\n<\/div>\n<div id=\"element-body-13\">\n<p>La<strong> falta de medidas globales eficaces para frenar este tipo de contaminaci\u00f3n<\/strong> deja a estas \u201cislas\u201d como una advertencia tangible de la acumulaci\u00f3n de desechos en los oc\u00e9anos.<\/p>\n<\/div>\n<p><br \/>\n<br \/><a href=\"https:\/\/www.clarin.com\/informacion-general\/tamano-3-francias-tierra-firme-historia-isla-pacifico_0_SDD43nyAu6.html\">Fuente Clarin.com <\/a><\/p>\n","protected":false},"excerpt":{"rendered":"<p>En el oc\u00e9ano Pac\u00edfico hay una isla flotante que tiene el tama\u00f1o de 3 veces Francia, sin embargo, no es tierra firme, no posee fronteras ni habitantes. Su historia est\u00e1 asociada directamente con un da\u00f1o ambiental extremo, a nivel global. Se trata de una masa de residuos pl\u00e1sticos, que supera las dimensiones del pa\u00eds europeo, [&hellip;]<\/p>\n","protected":false},"author":1,"featured_media":24890,"comment_status":"open","ping_status":"open","sticky":false,"template":"","format":"standard","meta":{"footnotes":""},"categories":[2],"tags":[373,139,1329,4154,10578],"class_list":["post-24889","post","type-post","status-publish","format-standard","has-post-thumbnail","hentry","category-ultimas-noticias","tag-cual","tag-este","tag-historia","tag-isla","tag-pacifico"],"_links":{"self":[{"href":"https:\/\/13.com.ar\/index.php\/wp-json\/wp\/v2\/posts\/24889","targetHints":{"allow":["GET"]}}],"collection":[{"href":"https:\/\/13.com.ar\/index.php\/wp-json\/wp\/v2\/posts"}],"about":[{"href":"https:\/\/13.com.ar\/index.php\/wp-json\/wp\/v2\/types\/post"}],"author":[{"embeddable":true,"href":"https:\/\/13.com.ar\/index.php\/wp-json\/wp\/v2\/users\/1"}],"replies":[{"embeddable":true,"href":"https:\/\/13.com.ar\/index.php\/wp-json\/wp\/v2\/comments?post=24889"}],"version-history":[{"count":0,"href":"https:\/\/13.com.ar\/index.php\/wp-json\/wp\/v2\/posts\/24889\/revisions"}],"wp:featuredmedia":[{"embeddable":true,"href":"https:\/\/13.com.ar\/index.php\/wp-json\/wp\/v2\/media\/24890"}],"wp:attachment":[{"href":"https:\/\/13.com.ar\/index.php\/wp-json\/wp\/v2\/media?parent=24889"}],"wp:term":[{"taxonomy":"category","embeddable":true,"href":"https:\/\/13.com.ar\/index.php\/wp-json\/wp\/v2\/categories?post=24889"},{"taxonomy":"post_tag","embeddable":true,"href":"https:\/\/13.com.ar\/index.php\/wp-json\/wp\/v2\/tags?post=24889"}],"curies":[{"name":"wp","href":"https:\/\/api.w.org\/{rel}","templated":true}]}}