{"id":2487,"date":"2025-02-06T07:22:42","date_gmt":"2025-02-06T10:22:42","guid":{"rendered":"https:\/\/13.com.ar\/index.php\/la-estranguladora-de-flores-que-acecho-a-la-sociedad\/"},"modified":"2025-02-06T07:22:42","modified_gmt":"2025-02-06T10:22:42","slug":"la-estranguladora-de-flores-que-acecho-a-la-sociedad","status":"publish","type":"post","link":"https:\/\/13.com.ar\/index.php\/la-estranguladora-de-flores-que-acecho-a-la-sociedad\/","title":{"rendered":"la estranguladora de Flores que acech\u00f3 a la sociedad"},"content":{"rendered":"<p> <br \/>\n<\/p>\n<div id=\"cuerpo\">\n<div class=\"sc-80531b6b-0 chRIGJ container-text text-embed\">\n<p>En marzo de 2015, <strong>Esther Acosta Cuba<\/strong>, de 34 a\u00f1os y nacionalidad <strong>paraguaya<\/strong>, fue detenida por el <strong>homicidio de su sobrina <\/strong>Emilia Beatriz Acosta L\u00f3pez, de 20 a\u00f1os, quien fue encontrada por su novio, Efra\u00edn Henrique Mamani, estrangulada y maniatada en su departamento del <strong>barrio porte\u00f1o de Flores<\/strong>.<\/p>\n<\/div>\n<div class=\"sc-80531b6b-0 chRIGJ container-text text-embed\">\n<p>Acosta Cuba, apodada la <strong>\u201cestranguladora de Flores\u201d<\/strong>, logr\u00f3 escapar y permaneci\u00f3 oculta en Ciudad del Este <strong>respaldada por redes criminales locales<\/strong>, hasta que en septiembre de 2020 <strong>fue<\/strong> <strong>recapturada<\/strong>.<\/p>\n<\/div>\n<div class=\"sc-80531b6b-0 chRIGJ container-text text-embed\">\n<p>Su prontuario criminal ya inclu\u00eda <strong>otros dos homicidios<\/strong> por los cuales hab\u00eda sido condenada, aunque no cumpli\u00f3 \u00edntegramente las penas.<\/p>\n<\/div>\n<div class=\"sc-80531b6b-0 chRIGJ container-text text-embed\">\n<p>Tambi\u00e9n hab\u00eda asesinado a un veterano de la Guerra del Chaco en un <strong>intento de robo<\/strong> en 2001, y en 2008 hab\u00eda sido declarada culpable por la muerte de un hombre en un <strong>accidente de tr\u00e1nsito<\/strong>.<\/p>\n<\/div>\n<p><h2>Esther Acosta: la estranguladora de Flores que acech\u00f3 a la sociedad<\/h2>\n<\/p>\n<div class=\"sc-198be8ec-0 cynXbu image-embed  image-embed \"><picture class=\"sc-198be8ec-1 kOjRiQ\"><source media=\"(min-width: 975px)\" width=\"720\" height=\"480\" \/><img alt=\"Emilia Acosta ten\u00eda 20 a\u00f1os. Las c\u00e1maras de seguridad del edificio permitieron resolver el crimen.\" loading=\"lazy\" width=\"720\" height=\"480\" decoding=\"async\" data-nimg=\"1\" style=\"color:transparent\" src=\"https:\/\/13.com.ar\/wp-content\/uploads\/2025\/02\/la-estranguladora-de-Flores-que-acecho-a-la-sociedad.jpg\"\/><span class=\"epigraphe\">Emilia Acosta ten\u00eda 20 a\u00f1os. Las c\u00e1maras de seguridad del edificio permitieron resolver el crimen.<\/span><span class=\"bkg\"\/><span class=\"picture-open\"><button class=\"open-image\" aria-label=\"Open Image\"\/><\/span><\/picture><\/div>\n<div class=\"sc-80531b6b-0 chRIGJ container-text text-embed\">\n<p>El nombre de Esther Acosta, la &#8220;estranguladora de Flores&#8221;, resuena en los pasillos de Tribunales y en los titulares de los medios por una serie de homicidios que dejan al descubierto su <strong>historial asesino<\/strong>.<\/p>\n<\/div>\n<div class=\"sc-80531b6b-0 chRIGJ container-text text-embed\">\n<p>Nacida en Paraguay, tuvo un inicio temprano en el mundo delictivo. En 2001, fue condenada por el asesinato de un veterano de la Guerra del Chaco durante un intento de robo en la localidad de San Lorenzo. Por este crimen, cumpli\u00f3 <strong>seis a\u00f1os de prisi\u00f3n <\/strong>en la c\u00e1rcel de mujeres &#8220;El Buen Pastor&#8221;, de Asunci\u00f3n, pero obtuvo la libertad condicional en 2006.<\/p>\n<\/div>\n<div class=\"sc-4306f4f9-0 bAPCpp\">\n<div class=\"inner-card-m\">\n<div class=\"related-content\">\n<p><span class=\"body-title\">Mir\u00e1 tambi\u00e9n<\/span><\/p>\n<h3>Vuelo 3142 de LAPA la tragedia a\u00e9rea que alter\u00f3 la historia de la Argentina<\/h3>\n<source media=\"(min-width: 975px)\" width=\"340\" height=\"340\" \/><img alt=\"Vuelo 3142 de LAPA la tragedia a\u00e9rea que alter\u00f3 la historia de la Argentina\" loading=\"lazy\" width=\"340\" height=\"340\" decoding=\"async\" data-nimg=\"1\" style=\"color:transparent\" src=\"https:\/\/13.com.ar\/wp-content\/uploads\/2025\/02\/1738644000_413_revelando-el-oscuro-mito-del-asesino-de-travestis-en-la.jpg\"\/><\/div>\n<\/div>\n<\/div>\n<div class=\"sc-80531b6b-0 chRIGJ container-text text-embed\">\n<p>Dos a\u00f1os m\u00e1s tarde, en 2008, se le atribuy\u00f3 la muerte de un hombre en un accidente de tr\u00e1nsito, aunque en este caso <strong>su pena de dos a\u00f1os fue suspendida<\/strong>.<\/p>\n<\/div>\n<div class=\"sc-80531b6b-0 chRIGJ container-text text-embed\">\n<p>La historia se volvi\u00f3 a\u00fan m\u00e1s siniestra en 2015, cuando fue <strong>acusada de estrangular <\/strong>Emilia Beatriz, su sobrina, hija de su hermano Jacinto Acosta Cuba.<\/p>\n<\/div>\n<div class=\"sc-80531b6b-0 chRIGJ container-text text-embed\">\n<p>Seg\u00fan las investigaciones, el asesinato habr\u00eda estado motivado por el <strong>hurto de dinero, alhajas y celulares<\/strong>. Las c\u00e1maras de seguridad del edificio donde viv\u00eda la v\u00edctima y las de un comercio aleda\u00f1o captaron a ambas ingresando juntas y, horas despu\u00e9s, a Acosta Cuba <strong>saliendo sola con un juego de llaves<\/strong>.<\/p>\n<\/div>\n<div class=\"sc-198be8ec-0 cynXbu image-embed  image-embed \"><picture class=\"sc-198be8ec-1 kOjRiQ\"><source media=\"(min-width: 975px)\" width=\"720\" height=\"480\" \/><img alt=\"El cuerpo de Emilia fue encontrado en su departamento de Flores por Efra\u00edn Henrique Mamani, su novio. &#10;\" loading=\"lazy\" width=\"720\" height=\"480\" decoding=\"async\" data-nimg=\"1\" style=\"color:transparent\" src=\"https:\/\/13.com.ar\/wp-content\/uploads\/2025\/02\/1738837362_166_la-estranguladora-de-Flores-que-acecho-a-la-sociedad.jpg\"\/><span class=\"epigraphe\">El cuerpo de Emilia fue encontrado en su departamento de Flores por Efra\u00edn Henrique Mamani, su novio.<br \/>\n<\/span><span class=\"bkg\"\/><span class=\"picture-open\"><button class=\"open-image\" aria-label=\"Open Image\"\/><\/span><\/picture><\/div>\n<div class=\"sc-80531b6b-0 chRIGJ container-text text-embed\">\n<p>Aunque la \u201cestranguladora de Flores\u201d fue detenida, logr\u00f3 escapar y se refugi\u00f3 en Paraguay, amparada por redes de narcotr\u00e1fico en Ciudad del Este. Finalmente, gracias al trabajo de Inteligencia del <em>Departamento de Investigaciones de la Polic\u00eda de Caazap\u00e1<\/em>, fue recapturada en 2020, <strong>en una de las visitas espor\u00e1dicas que le hac\u00eda a su madre<\/strong>, en la localidad de Sagrado Coraz\u00f3n de Jes\u00fas.<\/p>\n<\/div>\n<div class=\"sc-80531b6b-0 chRIGJ container-text text-embed\">\n<p>Acosta Cuba enfrenta ahora una <strong>posible condena a cadena perpetua<\/strong>. Su figura genera controversia y desconcierto, no solo por los cr\u00edmenes que se le adjudican, sino tambi\u00e9n por las inc\u00f3gnitas sobre su personalidad y las circunstancias que la llevaron a una vida plagada de violencia.<\/p>\n<\/div>\n<\/div>\n<p><br \/>\n<br \/><a href=\"https:\/\/www.clarin.com\/informacion-general\/esther-acosta-estranguladora-flores-acecho-sociedad_0_v8VQWLjRh0.html\">Fuente Clarin.com <\/a><\/p>\n","protected":false},"excerpt":{"rendered":"<p>En marzo de 2015, Esther Acosta Cuba, de 34 a\u00f1os y nacionalidad paraguaya, fue detenida por el homicidio de su sobrina Emilia Beatriz Acosta L\u00f3pez, de 20 a\u00f1os, quien fue encontrada por su novio, Efra\u00edn Henrique Mamani, estrangulada y maniatada en su departamento del barrio porte\u00f1o de Flores. Acosta Cuba, apodada la \u201cestranguladora de Flores\u201d, [&hellip;]<\/p>\n","protected":false},"author":1,"featured_media":2488,"comment_status":"open","ping_status":"open","sticky":false,"template":"","format":"standard","meta":{"footnotes":""},"categories":[2],"tags":[4441,4440,4095,2032],"class_list":["post-2487","post","type-post","status-publish","format-standard","has-post-thumbnail","hentry","category-ultimas-noticias","tag-acecho","tag-estranguladora","tag-flores","tag-sociedad"],"_links":{"self":[{"href":"https:\/\/13.com.ar\/index.php\/wp-json\/wp\/v2\/posts\/2487","targetHints":{"allow":["GET"]}}],"collection":[{"href":"https:\/\/13.com.ar\/index.php\/wp-json\/wp\/v2\/posts"}],"about":[{"href":"https:\/\/13.com.ar\/index.php\/wp-json\/wp\/v2\/types\/post"}],"author":[{"embeddable":true,"href":"https:\/\/13.com.ar\/index.php\/wp-json\/wp\/v2\/users\/1"}],"replies":[{"embeddable":true,"href":"https:\/\/13.com.ar\/index.php\/wp-json\/wp\/v2\/comments?post=2487"}],"version-history":[{"count":0,"href":"https:\/\/13.com.ar\/index.php\/wp-json\/wp\/v2\/posts\/2487\/revisions"}],"wp:featuredmedia":[{"embeddable":true,"href":"https:\/\/13.com.ar\/index.php\/wp-json\/wp\/v2\/media\/2488"}],"wp:attachment":[{"href":"https:\/\/13.com.ar\/index.php\/wp-json\/wp\/v2\/media?parent=2487"}],"wp:term":[{"taxonomy":"category","embeddable":true,"href":"https:\/\/13.com.ar\/index.php\/wp-json\/wp\/v2\/categories?post=2487"},{"taxonomy":"post_tag","embeddable":true,"href":"https:\/\/13.com.ar\/index.php\/wp-json\/wp\/v2\/tags?post=2487"}],"curies":[{"name":"wp","href":"https:\/\/api.w.org\/{rel}","templated":true}]}}