{"id":24863,"date":"2025-05-13T12:18:28","date_gmt":"2025-05-13T15:18:28","guid":{"rendered":"https:\/\/13.com.ar\/index.php\/peligro-muertes-y-la-eterna-promesa-de-la-obra-para-convertirla-en-autovia\/"},"modified":"2025-05-13T12:18:28","modified_gmt":"2025-05-13T15:18:28","slug":"peligro-muertes-y-la-eterna-promesa-de-la-obra-para-convertirla-en-autovia","status":"publish","type":"post","link":"https:\/\/13.com.ar\/index.php\/peligro-muertes-y-la-eterna-promesa-de-la-obra-para-convertirla-en-autovia\/","title":{"rendered":"peligro, muertes y la eterna promesa de la obra para convertirla en autov\u00eda"},"content":{"rendered":"<p> <br \/>\n<br \/><img decoding=\"async\" src=\"https:\/\/13.com.ar\/wp-content\/uploads\/2025\/05\/peligro-muertes-y-la-eterna-promesa-de-la-obra-para.jpg\" \/><\/p>\n<div id=\"element-body-0\">\n<p><strong>No es el primer choque frontal en esa zona de la ruta 3.<\/strong> Las im\u00e1genes del impacto entre un micro y un cami\u00f3n, tras la tragedia que caus\u00f3 al menos 4 muertos y 15 heridos, muestran la traza de asfalto y al lado tierra alisada para una obra vial. Son los trabajos para ensanchar el tramo que va de San Miguel del Monte hasta Gorchs, <strong>26 kil\u00f3metros que se anunciaron en 2022 y no est\u00e1n ni cerca de ser terminados.<\/strong><\/p>\n<\/div>\n<div id=\"element-body-1\">\n<p>En febrero de este a\u00f1o, Vialidad Nacional anunci\u00f3 el avance de los trabajos. Se comunicaron obras que incluyen la construcci\u00f3n de 5 distribuidores, 5 puentes, <strong>carriles m\u00e1s anchos y banquinas externas e internas.<\/strong><\/p>\n<\/div>\n<div id=\"element-body-2\">\n<p>Es la misma obra que <strong>en diciembre de 2022 hab\u00edan anunciado <\/strong>en conjunto el gobernador de la Provincia de Buenos Aires, <strong>Axel Kicillof,<\/strong> y el entonces ministro de Obras P\u00fablicas nacional, <strong>Gabriel Katopodis. <\/strong>En ese momento se dijo que por all\u00ed transitan m\u00e1s<strong> de 6.700 veh\u00edculos por d\u00eda.<\/strong><\/p>\n<\/div>\n<div id=\"element-body-3\">\n<p>&#8220;Traza de dos carriles, banquinas pavimentadas e internas, con iluminaci\u00f3n LED en todas las intersecciones&#8221;, complet\u00f3 al informaci\u00f3n del inicio de obras, con recorrida de funcionarios incluida. <\/p>\n<\/div>\n<div id=\"element-body-4\">\n<p><strong>Cambio de gobierno y suspensi\u00f3n de la obra p\u00fablica mediante<\/strong>, pasaron dos a\u00f1os para que la actual administraci\u00f3n anunciara avances en un <strong>tramo peligroso, con banquinas restringidas, pavimento gastado y baches<\/strong>. Y son apenas 26 kil\u00f3metros en una ruta clave para el pa\u00eds, con <strong>3.045 kil\u00f3metros de extensi\u00f3n y solo 175 que ya son autov\u00eda y autopista.<\/strong><\/p>\n<\/div>\n<div id=\"element-body-6\">\n<p>Antes, en 2019, la administraci\u00f3n de Mauricio Macri tambi\u00e9n hab\u00eda anunciado<strong> obras para resolver la vinculaci\u00f3n entre la autopista Ezeiza-Ca\u00f1uelas y la ruta 3<\/strong>, con el fin de evitar el cruce actual, que implica atravesar una v\u00eda y recorrer varios kil\u00f3metros en los que suele haber embotellamientos y demoras. Pero tampoco se termin\u00f3 ese proyecto.<\/p>\n<\/div>\n<div id=\"element-body-7\">\n<p>En la parte m\u00e1s transitada y complicada de la ruta 3 solo hay 35 kil\u00f3metros de autov\u00eda <strong>entre Ca\u00f1uelas y Monte<\/strong>, pero tambi\u00e9n se sufre la falta de una vinculaci\u00f3n m\u00e1s \u00e1gil y ordenada entre ese tramo y la autopista Ezeiza-Ca\u00f1uelas.<\/p>\n<\/div>\n<div id=\"element-body-8\">\n<p>El choque frontal de este martes fue en el kil\u00f3metro 132, en donde si se hubieran cumplido los plazos anunciados en 2022 ya deber\u00eda haber una autopista de doble mano, que tiene como prinicipal fin evitar los impactos como el actual, en el que murieron<strong> 4 personas y otras 15 tuvieron que ser trasladadas al hospital de Monte.<\/strong><\/p>\n<\/div>\n<div id=\"element-body-9\">\n<p>En 2011, a unos 20 kil\u00f3metros de all\u00ed, m\u00e1s cerca de las Flores, otro choque m\u00faltiple caus\u00f3 la muerte de 11 personas heridas en otras 21. En ese momento, como este martes,<strong> hab\u00eda niebla, y en la tragedia se vieron involucrados 7 autos, una combi y un cami\u00f3n.<\/strong><\/p>\n<\/div>\n<p><br \/>\n<br \/><a href=\"https:\/\/www.clarin.com\/sociedad\/tragedia-ruta-3-peligro-muertes-eterna-promesa-obra-convertirla-autovia_0_4zvuRYfahS.html\">Fuente Clarin.com <\/a><\/p>\n","protected":false},"excerpt":{"rendered":"<p>No es el primer choque frontal en esa zona de la ruta 3. Las im\u00e1genes del impacto entre un micro y un cami\u00f3n, tras la tragedia que caus\u00f3 al menos 4 muertos y 15 heridos, muestran la traza de asfalto y al lado tierra alisada para una obra vial. Son los trabajos para ensanchar el [&hellip;]<\/p>\n","protected":false},"author":1,"featured_media":24864,"comment_status":"open","ping_status":"open","sticky":false,"template":"","format":"standard","meta":{"footnotes":""},"categories":[2],"tags":[18019,16011,8409,3809,152,16,3025,2592],"class_list":["post-24863","post","type-post","status-publish","format-standard","has-post-thumbnail","hentry","category-ultimas-noticias","tag-autovia","tag-convertirla","tag-eterna","tag-muertes","tag-obra","tag-para","tag-peligro","tag-promesa"],"_links":{"self":[{"href":"https:\/\/13.com.ar\/index.php\/wp-json\/wp\/v2\/posts\/24863","targetHints":{"allow":["GET"]}}],"collection":[{"href":"https:\/\/13.com.ar\/index.php\/wp-json\/wp\/v2\/posts"}],"about":[{"href":"https:\/\/13.com.ar\/index.php\/wp-json\/wp\/v2\/types\/post"}],"author":[{"embeddable":true,"href":"https:\/\/13.com.ar\/index.php\/wp-json\/wp\/v2\/users\/1"}],"replies":[{"embeddable":true,"href":"https:\/\/13.com.ar\/index.php\/wp-json\/wp\/v2\/comments?post=24863"}],"version-history":[{"count":0,"href":"https:\/\/13.com.ar\/index.php\/wp-json\/wp\/v2\/posts\/24863\/revisions"}],"wp:featuredmedia":[{"embeddable":true,"href":"https:\/\/13.com.ar\/index.php\/wp-json\/wp\/v2\/media\/24864"}],"wp:attachment":[{"href":"https:\/\/13.com.ar\/index.php\/wp-json\/wp\/v2\/media?parent=24863"}],"wp:term":[{"taxonomy":"category","embeddable":true,"href":"https:\/\/13.com.ar\/index.php\/wp-json\/wp\/v2\/categories?post=24863"},{"taxonomy":"post_tag","embeddable":true,"href":"https:\/\/13.com.ar\/index.php\/wp-json\/wp\/v2\/tags?post=24863"}],"curies":[{"name":"wp","href":"https:\/\/api.w.org\/{rel}","templated":true}]}}