{"id":24859,"date":"2025-05-13T12:12:38","date_gmt":"2025-05-13T15:12:38","guid":{"rendered":"https:\/\/13.com.ar\/index.php\/volodimir-zelenski-se-planta-ante-rusia-y-dice-que-no-aceptara-dialogar-si-no-es-con-el-propio-vladimir-putin\/"},"modified":"2025-05-13T12:12:38","modified_gmt":"2025-05-13T15:12:38","slug":"volodimir-zelenski-se-planta-ante-rusia-y-dice-que-no-aceptara-dialogar-si-no-es-con-el-propio-vladimir-putin","status":"publish","type":"post","link":"https:\/\/13.com.ar\/index.php\/volodimir-zelenski-se-planta-ante-rusia-y-dice-que-no-aceptara-dialogar-si-no-es-con-el-propio-vladimir-putin\/","title":{"rendered":"Volodimir Zelenski se planta ante Rusia y dice que no aceptar\u00e1 dialogar si no es con el propio Vladimir Putin"},"content":{"rendered":"<p> <br \/>\n<br \/><img decoding=\"async\" src=\"https:\/\/13.com.ar\/wp-content\/uploads\/2025\/05\/Volodimir-Zelenski-se-planta-ante-Rusia-y-dice-que-no.jpg\" \/><\/p>\n<div id=\"element-body-0\">\n<p>El presidente ucraniano, <strong>Volodimir Zelenski<\/strong>, no aceptar\u00e1 reunirse el jueves en Turqu\u00eda con ning\u00fan otro representante ruso que no sea el l\u00edder del Kremlin, <strong>Vladimir Putin<\/strong>, seg\u00fan declar\u00f3 este martes en un programa de la televisi\u00f3n ucraniana el asesor de la oficina presidencial de Ucrania Mijailo Podoliak.<\/p>\n<\/div>\n<div id=\"element-body-1\">\n<p>\u0093No, por supuesto que no. \u00c9se no es el formato\u0094, dijo Podoliak al ser preguntado por la posibilidad de que el presidente ucraniano acepte verse con un dirigente ruso de menor rango, seg\u00fan informa la publicaci\u00f3n ucraniana Kyiv Independent.<\/p>\n<\/div>\n<div id=\"element-body-2\">\n<p>El l\u00edder del Kremlin no ha dado por el momento respuesta a la <strong>oferta de Zelenski de reunirse este 15 de mayo en Turqu\u00eda.<\/strong><\/p>\n<\/div>\n<div id=\"element-body-3\">\n<p>El Kremlin, sin embargo, se neg\u00f3 a comentar la propuesta. &#8220;La parte rusa sigue preparando las conversaciones previstas el jueves. Eso es todo lo que podemos decir en este momento. No vamos a hacer m\u00e1s comentarios por ahora&#8221;, dijo a la prensa el portavoz de la presidencia rusa, Dmitri Peskov.<\/p>\n<\/div>\n<div id=\"element-body-4\">\n<p>Zelenski anim\u00f3 a Putin a asistir en persona a esas conversaciones directas, y este martes volvi\u00f3 a insistir.<\/p>\n<\/div>\n<div id=\"element-body-6\">\n<p>&#8220;Si Vladimir Putin se niega a venir a Turqu\u00eda, ser\u00e1 la se\u00f1al definitiva de que Rusia no quiere poner fin a esta guerra, de que Rusia no quiere ni est\u00e1 preparada para ninguna negociaci\u00f3n&#8221;, dijo en un comunicado el jefe de la oficina presidencial ucraniana, Andrii Yermak.<\/p>\n<\/div>\n<div id=\"element-body-7\">\n<p>Pero Peskov <strong>no quiso decir este martes qui\u00e9n formar\u00e1 parte de la delegaci\u00f3n rusa <\/strong>presente en Estambul.<\/p>\n<\/div>\n<div id=\"element-body-9\">\n<p>Putin propuso el domingo que ambos bandos comiencen los contactos directos el jueves en Estambul sin necesidad de declarar antes el alto el fuego de 30 d\u00edas que le exigen Ucrania y sus principales socios europeos.<\/p>\n<\/div>\n<div id=\"element-body-10\">\n<p>Zelenski respondi\u00f3 a la oferta de Putin convoc\u00e1ndolo a Turqu\u00eda ese mismo jueves para la que <strong>ser\u00eda la primera reuni\u00f3n de ambos l\u00edderes desde el comienzo de la invasi\u00f3n<\/strong> a gran escala rusa hace m\u00e1s de tres a\u00f1os.<\/p>\n<\/div>\n<div id=\"element-body-11\">\n<p>El presidente de Estados Unidos, Donald Trump, ha celebrado la posibilidad de que se produzca la reuni\u00f3n y ha afirmado que se plantea viajar a Turqu\u00eda para estar presente si finalmente se realiza el encuentro.<\/p>\n<\/div>\n<div id=\"element-body-12\">\n<p>Zelenski ve con buenos ojos que Trump participe en la reuni\u00f3n y mantuvo el lunes contactos con el presidente turco, Recep Tayyip Erdogan, para preparar el posible encuentro.<\/p>\n<\/div>\n<div id=\"element-body-13\">\n<p>&#13;<br \/>\nEl presidente ucraniano ha declarado que esperar\u00e1 el jueves en Turqu\u00eda a Putin aunque Rusia no haya declarado el alto el fuego de un mes que Ucrania ped\u00eda hasta ahora como condici\u00f3n para empezar las negociaciones directas. <\/p>\n<\/div>\n<div id=\"element-body-14\">\n<p>Rusia sigue ganando lentamente terreno en el frente y se resiste de momento a bajar las armas. El Kremlin insiste en que para declarar un alto el fuego de varias semanas deben cumplirse antes ciertas condiciones, como que Ucrania deje de recibir armamento de sus aliados occidentales. <\/p>\n<\/div>\n<div id=\"element-body-17\">\n<p>En tanto, el canciller alem\u00e1n, Friedrich Merz, reiter\u00f3 este martes que si esta semana no se producen avances de cara a un alto el fuego duradero en Ucrania <strong>se impondr\u00e1n nuevas sanciones europeas contra Rusia <\/strong>y<strong> <\/strong>se mostr\u00f3 seguro de que ser\u00e1 posible contar con el apoyo de todos los Estados miembros para ello, incluida Hungr\u00eda.<\/p>\n<\/div>\n<div id=\"element-body-18\">\n<p>&#8220;Ahora la pelota est\u00e1 en el tejado de Rusia&#8221;, dijo en una rueda de prensa en Berl\u00edn con el primer ministro griego Kiriakos Mitsotakis.<\/p>\n<\/div>\n<div id=\"element-body-19\">\n<p>Merz celebr\u00f3 que el presidente ucraniano se haya declarado dispuesto a viajar el jueves a Turqu\u00eda para encontrarse personalmente con Putin, pese a que las fuerzas de Mosc\u00fa sigan bombardeando objetivos civiles en Ucrania.<\/p>\n<\/div>\n<div id=\"element-body-20\">\n<p>Zelenski est\u00e1 dispuesto a &#8220;hacer todo lo posible&#8221; para aprovechar esta oportunidad de establecer un alto el fuego y conversaciones de paz, dijo el canciller alem\u00e1n, que subray\u00f3 que a Ucrania no se le puede exigir mayor capacidad de compromiso.<\/p>\n<\/div>\n<div id=\"element-body-21\">\n<p>Merz record\u00f3 que el 17\u00b0 paquete de sanciones europeas ya ha sido formulado y est\u00e1 pendiente de ser aprobado en junio, mientras que Alemania y otros pa\u00edses <strong>defender\u00e1n medidas de castigo adicionales a Mosc\u00fa si no se producen avances <\/strong>esta semana.<\/p>\n<\/div>\n<div id=\"element-body-22\">\n<p>onvenceremos a los pa\u00edses que dudan de que es correcto. Esta guerra debe terminar&#8221;, afirm\u00f3, al ser preguntado por la necesidad de que Hungr\u00eda d\u00e9 su visto bueno.<\/p>\n<\/div>\n<p><br \/>\n<br \/><a href=\"https:\/\/www.clarin.com\/mundo\/volodimir-zelenski-planta-rusia-dice-aceptara-dialogar-propio-vladimir-putin_0_YbLNEUsUqE.html\">Fuente Clarin.com <\/a><\/p>\n","protected":false},"excerpt":{"rendered":"<p>El presidente ucraniano, Volodimir Zelenski, no aceptar\u00e1 reunirse el jueves en Turqu\u00eda con ning\u00fan otro representante ruso que no sea el l\u00edder del Kremlin, Vladimir Putin, seg\u00fan declar\u00f3 este martes en un programa de la televisi\u00f3n ucraniana el asesor de la oficina presidencial de Ucrania Mijailo Podoliak. \u0093No, por supuesto que no. \u00c9se no es [&hellip;]<\/p>\n","protected":false},"author":1,"featured_media":24860,"comment_status":"open","ping_status":"open","sticky":false,"template":"","format":"standard","meta":{"footnotes":""},"categories":[2],"tags":[7397,2759,18,18018,655,1889,843,5762,5761,6980,5331,5332],"class_list":["post-24859","post","type-post","status-publish","format-standard","has-post-thumbnail","hentry","category-ultimas-noticias","tag-aceptara","tag-ante","tag-con","tag-dialogar","tag-dice","tag-planta","tag-propio","tag-putin","tag-rusia","tag-vladimir","tag-volodimir","tag-zelenski"],"_links":{"self":[{"href":"https:\/\/13.com.ar\/index.php\/wp-json\/wp\/v2\/posts\/24859","targetHints":{"allow":["GET"]}}],"collection":[{"href":"https:\/\/13.com.ar\/index.php\/wp-json\/wp\/v2\/posts"}],"about":[{"href":"https:\/\/13.com.ar\/index.php\/wp-json\/wp\/v2\/types\/post"}],"author":[{"embeddable":true,"href":"https:\/\/13.com.ar\/index.php\/wp-json\/wp\/v2\/users\/1"}],"replies":[{"embeddable":true,"href":"https:\/\/13.com.ar\/index.php\/wp-json\/wp\/v2\/comments?post=24859"}],"version-history":[{"count":0,"href":"https:\/\/13.com.ar\/index.php\/wp-json\/wp\/v2\/posts\/24859\/revisions"}],"wp:featuredmedia":[{"embeddable":true,"href":"https:\/\/13.com.ar\/index.php\/wp-json\/wp\/v2\/media\/24860"}],"wp:attachment":[{"href":"https:\/\/13.com.ar\/index.php\/wp-json\/wp\/v2\/media?parent=24859"}],"wp:term":[{"taxonomy":"category","embeddable":true,"href":"https:\/\/13.com.ar\/index.php\/wp-json\/wp\/v2\/categories?post=24859"},{"taxonomy":"post_tag","embeddable":true,"href":"https:\/\/13.com.ar\/index.php\/wp-json\/wp\/v2\/tags?post=24859"}],"curies":[{"name":"wp","href":"https:\/\/api.w.org\/{rel}","templated":true}]}}