{"id":24856,"date":"2025-05-13T12:06:30","date_gmt":"2025-05-13T15:06:30","guid":{"rendered":"https:\/\/13.com.ar\/index.php\/el-gobierno-eliminara-aranceles-para-importar-celulares-y-bajara-impuestos-internos-sobre-televisores-y-aires-acondicionados\/"},"modified":"2025-05-13T12:06:30","modified_gmt":"2025-05-13T15:06:30","slug":"el-gobierno-eliminara-aranceles-para-importar-celulares-y-bajara-impuestos-internos-sobre-televisores-y-aires-acondicionados","status":"publish","type":"post","link":"https:\/\/13.com.ar\/index.php\/el-gobierno-eliminara-aranceles-para-importar-celulares-y-bajara-impuestos-internos-sobre-televisores-y-aires-acondicionados\/","title":{"rendered":"El Gobierno eliminar\u00e1 aranceles para importar celulares y bajar\u00e1 impuestos internos sobre televisores y aires acondicionados"},"content":{"rendered":"<p> <br \/>\n<br \/><img decoding=\"async\" src=\"https:\/\/13.com.ar\/wp-content\/uploads\/2025\/05\/El-Gobierno-eliminara-aranceles-para-importar-celulares-y-bajara-impuestos.jpg\" \/><\/p>\n<div id=\"element-body-0\">\n<p>El vocero presidencial <strong>Manuel Adorni<\/strong> inform\u00f3 este martes que el Gobierno <strong>eliminar\u00e1 los aranceles de importaci\u00f3n de celulares<\/strong>, que son actualmente del 16%. La medida entrar\u00e1 en vigencia a partir de un decreto que se va a publicar al cierre de la semana. El anuncio se da en <strong>el tramo final de la campa\u00f1a electoral porte\u00f1a<\/strong>, en la que el portavoz es el candidato de La Libertad Avanza.<\/p>\n<\/div>\n<div id=\"element-body-1\">\n<p>La reducci\u00f3n impositiva sobre los celulares importados se har\u00e1 en <strong>dos tramos: primero se bajar\u00e1 al 8%<\/strong> y tendr\u00e1 efecto inmediato a partir de la publicaci\u00f3n del DNU. Luego,<strong> a partir del 15 de enero de 2026, pasar\u00e1n a 0%.<\/strong><\/p>\n<\/div>\n<div id=\"element-body-2\">\n<p>Poco despu\u00e9s de terminada la conferencia, Adorni inform\u00f3 por redes sociales que tambi\u00e9n se reducir\u00e1n los aranceles para la <strong>importaci\u00f3n de consolas como Play Station o Xbox <\/strong>del 35% al 20%.<\/p>\n<\/div>\n<div id=\"element-body-3\">\n<blockquote class=\"twitter-tweet\">\n<p lang=\"es\" dir=\"ltr\">Se ha tomado la decisi\u00f3n de reducir los aranceles para la importaci\u00f3n de consolas como Playstation o Xbox del 35% al 20%.<\/p>\n<p>Wololo!<\/p>\n<p>Fin.<\/p>\n<p>\u2014 Manuel Adorni (@madorni) <a rel=\"nofollow\" target=\"_blank\" href=\"https:\/\/twitter.com\/madorni\/status\/1922301297794982266?ref_src=twsrc%5Etfw\">May 13, 2025<\/a><\/p><\/blockquote>\n<\/div>\n<div id=\"element-body-4\">\n<p>Adicionalmente, <strong>se bajar\u00e1n impuestos internos de celulares, televisores y aires acondicionados importados<\/strong>, cuya carga impositiva pasar\u00e1 del 19% a 9,5%. Y para producidos en Tierra del Fuego, bajar\u00e1n los impuestos del 9,5% al 0%.<\/p>\n<\/div>\n<div id=\"element-body-5\">\n<p><strong>&#8220;Hoy un celular en Argentina cuesta el doble que en Brasil y Estados Unidos&#8221;<\/strong>, marc\u00f3 Adorni y refiri\u00f3 que por la carga impositiva local &#8220;es m\u00e1s barato tomar un avi\u00f3n y comprar un celular en el exterior que en el pa\u00eds&#8221;.<\/p>\n<\/div>\n<div id=\"element-body-6\">\n<p>En ese sentido, el Vocero estim\u00f3 que &#8220;con el total de esta baja impositiva <strong>se estima que los productos electr\u00f3nicos importados van a bajar alrededor de 30% m\u00ednimo<\/strong>&#8221; y esto &#8220;va a equiparar a la Argentina con el resto de los pa\u00edses vecinos&#8221;.<\/p>\n<\/div>\n<div id=\"element-body-7\">\n<p>&#8220;Esto <strong>reduce tambi\u00e9n contrabando y robo de celulares<\/strong>&#8220;, destac\u00f3 el funcionario nacional e invit\u00f3 a las provincias a seguir el camino de la reducci\u00f3n de impuestos, por ejemplo, Ingresos Brutos. <\/p>\n<\/div>\n<div id=\"element-body-8\">\n<p>&#8220;La plata que se roba el Estado con impuestos debe volver al bolsillo de los argentinos. <strong>Hagan patria y bajen los impuestos<\/strong>&#8220;, exhort\u00f3.<\/p>\n<\/div>\n<div id=\"element-body-9\">\n<p>Asimismo, Adorni adelant\u00f3 que <strong>el jueves podr\u00eda haber anuncios econ\u00f3micos <\/strong>vinculados a la posibilidad de realizar compras con los <strong>d\u00f3lares que est\u00e1n &#8220;bajo el colch\u00f3n&#8221;<\/strong>. As\u00ed lo hab\u00eda adelantado el ministro de Econom\u00eda, Luis Caputo -quien se encontraba este martes en la conferencia de prensa-, en un foro econ\u00f3mico.<\/p>\n<\/div>\n<div id=\"element-body-10\">\n<p>Tambi\u00e9n indic\u00f3 que el viernes dar\u00e1 a conocer la <strong>agenda del presidente Javier Milei en el Vaticano<\/strong>, a donde estar\u00e1 viajando el mandatario para presenciar la entronizaci\u00f3n del Papa Le\u00f3n XIV el domingo 18 de mayo. <\/p>\n<\/div>\n<p><script async src=\"\/\/platform.twitter.com\/widgets.js\" charset=\"utf-8\"><\/script><br \/>\n<br \/><br \/>\n<br \/><a href=\"https:\/\/www.clarin.com\/politica\/gobierno-eliminara-aranceles-importar-celulares-bajara-impuestos-internos-televisores-aires-acondicionados_0_Y2hjZ8F5fb.html\">Fuente Clarin.com <\/a><\/p>\n","protected":false},"excerpt":{"rendered":"<p>El vocero presidencial Manuel Adorni inform\u00f3 este martes que el Gobierno eliminar\u00e1 los aranceles de importaci\u00f3n de celulares, que son actualmente del 16%. La medida entrar\u00e1 en vigencia a partir de un decreto que se va a publicar al cierre de la semana. El anuncio se da en el tramo final de la campa\u00f1a electoral [&hellip;]<\/p>\n","protected":false},"author":1,"featured_media":24857,"comment_status":"open","ping_status":"open","sticky":false,"template":"","format":"standard","meta":{"footnotes":""},"categories":[2],"tags":[18017,328,1051,14980,6771,18016,71,2319,51,7647,16,732,6142],"class_list":["post-24856","post","type-post","status-publish","format-standard","has-post-thumbnail","hentry","category-ultimas-noticias","tag-acondicionados","tag-aires","tag-aranceles","tag-bajara","tag-celulares","tag-eliminara","tag-gobierno","tag-importar","tag-impuestos","tag-internos","tag-para","tag-sobre","tag-televisores"],"_links":{"self":[{"href":"https:\/\/13.com.ar\/index.php\/wp-json\/wp\/v2\/posts\/24856","targetHints":{"allow":["GET"]}}],"collection":[{"href":"https:\/\/13.com.ar\/index.php\/wp-json\/wp\/v2\/posts"}],"about":[{"href":"https:\/\/13.com.ar\/index.php\/wp-json\/wp\/v2\/types\/post"}],"author":[{"embeddable":true,"href":"https:\/\/13.com.ar\/index.php\/wp-json\/wp\/v2\/users\/1"}],"replies":[{"embeddable":true,"href":"https:\/\/13.com.ar\/index.php\/wp-json\/wp\/v2\/comments?post=24856"}],"version-history":[{"count":0,"href":"https:\/\/13.com.ar\/index.php\/wp-json\/wp\/v2\/posts\/24856\/revisions"}],"wp:featuredmedia":[{"embeddable":true,"href":"https:\/\/13.com.ar\/index.php\/wp-json\/wp\/v2\/media\/24857"}],"wp:attachment":[{"href":"https:\/\/13.com.ar\/index.php\/wp-json\/wp\/v2\/media?parent=24856"}],"wp:term":[{"taxonomy":"category","embeddable":true,"href":"https:\/\/13.com.ar\/index.php\/wp-json\/wp\/v2\/categories?post=24856"},{"taxonomy":"post_tag","embeddable":true,"href":"https:\/\/13.com.ar\/index.php\/wp-json\/wp\/v2\/tags?post=24856"}],"curies":[{"name":"wp","href":"https:\/\/api.w.org\/{rel}","templated":true}]}}