{"id":24854,"date":"2025-05-13T12:03:37","date_gmt":"2025-05-13T15:03:37","guid":{"rendered":"https:\/\/13.com.ar\/index.php\/michael-jordan-regresa-a-la-nba-en-un-rol-que-no-habia-ocupado-hasta-ahora\/"},"modified":"2025-05-13T12:03:37","modified_gmt":"2025-05-13T15:03:37","slug":"michael-jordan-regresa-a-la-nba-en-un-rol-que-no-habia-ocupado-hasta-ahora","status":"publish","type":"post","link":"https:\/\/13.com.ar\/index.php\/michael-jordan-regresa-a-la-nba-en-un-rol-que-no-habia-ocupado-hasta-ahora\/","title":{"rendered":"Michael Jordan regresa a la NBA en un rol que no hab\u00eda ocupado hasta ahora"},"content":{"rendered":"<p> <br \/>\n<br \/><img decoding=\"async\" src=\"https:\/\/13.com.ar\/wp-content\/uploads\/2025\/05\/Michael-Jordan-regresa-a-la-NBA-en-un-rol-que.jpg\" \/><\/p>\n<div id=\"element-body-0\">\n<p><strong>Michael Jordan<\/strong>, para muchos el mejor jugador de b\u00e1squet de la historia, vuelve a la NBA. Obviamente, a los 62 a\u00f1os, Su Majestad no volver\u00e1 como jugador sino en un nuevo rol. \u00bfCu\u00e1l? Se unir\u00e1 al equipo de la cadena estadounidense NBC para la cobertura de la pr\u00f3xima temporada de la liga. El anuncio se realiz\u00f3 este lunes en el Radio City Music Hall de Nueva York.<\/p>\n<\/div>\n<div id=\"element-body-1\">\n<p>La leyenda del b\u00e1squet, obtuvo seis t\u00edtulos de la NBA, donde fue 6 veces MVP de las finales, cinco de la temporada, mejor defensor del a\u00f1o (1988) y mejor rookie (1985) con Chicago Bulls donde jug\u00f3 hasta su retiro en 1998. Tres a\u00f1os despu\u00e9s, regres\u00f3 al b\u00e1squet para completar dos temporadas con los Washington Wizards y fue propietario de los Charlotte Hornets entre 2010 y 2023. <\/p>\n<\/div>\n<div id=\"element-body-2\">\n<p>Como dijo en 1993 tras el breve impasse (&#8220;I&#8217;m back&#8221;) en el que se dedic\u00f3 a jugar al beisbol con los Chicago White Sox, ahora, ser\u00e1 comentarista.<\/p>\n<\/div>\n<div id=\"element-body-3\">\n<p>&#8220;\u00a1Una incorporaci\u00f3n legendaria a nuestro equipo! Estamos encantados de dar la bienvenida a Michael Jordan como colaborador especial de la cobertura de la NBA de NBC y Peacock&#8221;, escribi\u00f3 el grupo de radiodifusi\u00f3n en sus redes sociales.<\/p>\n<\/div>\n<div id=\"element-body-4\">\n<p>Es un cambio de h\u00e1bito para Jordan que se suma al recorrido de otros  excolegas como Shaquille O&#8217;Neal y por primera vez ocupar\u00e1 ese rol en una cadena de televisi\u00f3n. \u201cEstoy muy emocionado\u201d, afirm\u00f3 &#8220;Su Majestad&#8221; que trabajar\u00e1 por primera vez como comentarista de la NBA desde su retiro en 2003. \u201cLa NBA en NBC fue una parte significativa de mi carrera, y estoy emocionado de ser un colaborador especial para el proyecto\u201d, sigui\u00f3 MJ.<\/p>\n<\/div>\n<div id=\"element-body-6\">\n<p>Rick Cordella, presidente de la cadena, destac\u00f3 la importancia del acuerdo: \u201cEl legado de Michael, tanto dentro como fuera de la cancha, habla por s\u00ed solo. Estamos incre\u00edblemente orgullosos de tenerlo como parte de nuestra cobertura\u201d.<\/p>\n<\/div>\n<div id=\"element-body-7\">\n<p>Si bien nunca sali\u00f3 de la escena p\u00fablica, desde su retiro, las apariciones de Jordan fueron espor\u00e1dicas y tuvieron que ver con proyectos puntuales. El m\u00e1s resonante fue su participaci\u00f3n en The Last Dance, la serie de Netflix que repas\u00f3 a fondo sus a\u00f1os de oro en Chicago Bulls. Hace unos d\u00edas, volvi\u00f3 a ser noticia por la aparici\u00f3n de la m\u00edtica Ferrari que se cre\u00eda desaparecida. En 2020, fund\u00f3 el 23XI, un equipo de NASCAR junto al piloto Denny Hamlin.<\/p>\n<\/div>\n<div id=\"element-body-9\">\n<p>El a\u00f1o pasado, la NBC fue una de las cadenas que firm\u00f3 un contrato de retransmisi\u00f3n de la NBA que tendr\u00e1 una duraci\u00f3n de once a\u00f1os a partir de la pr\u00f3xima temporada a cambio de 76.000 millones de d\u00f3lares, seg\u00fan informaron varios medios. Tras su retirada en el a\u00f1o 2002, es un regreso triunfal a la liga de la cadena americana con el (para muchos) mejor jugador de la historia sentado en su sill\u00f3n de comentarista.<\/p>\n<\/div>\n<p><br \/>\n<br \/><a href=\"https:\/\/www.clarin.com\/deportes\/im-back-michael-jordan-regresa-nba-rol-ocupado-ahora_0_ku0SVY2KWw.html\">Fuente Clarin.com <\/a><\/p>\n","protected":false},"excerpt":{"rendered":"<p>Michael Jordan, para muchos el mejor jugador de b\u00e1squet de la historia, vuelve a la NBA. Obviamente, a los 62 a\u00f1os, Su Majestad no volver\u00e1 como jugador sino en un nuevo rol. \u00bfCu\u00e1l? Se unir\u00e1 al equipo de la cadena estadounidense NBC para la cobertura de la pr\u00f3xima temporada de la liga. El anuncio se [&hellip;]<\/p>\n","protected":false},"author":1,"featured_media":24855,"comment_status":"open","ping_status":"open","sticky":false,"template":"","format":"standard","meta":{"footnotes":""},"categories":[2],"tags":[1412,822,476,12768,12118,3174,18015,3502,664],"class_list":["post-24854","post","type-post","status-publish","format-standard","has-post-thumbnail","hentry","category-ultimas-noticias","tag-ahora","tag-habia","tag-hasta","tag-jordan","tag-michael","tag-nba","tag-ocupado","tag-regresa","tag-rol"],"_links":{"self":[{"href":"https:\/\/13.com.ar\/index.php\/wp-json\/wp\/v2\/posts\/24854","targetHints":{"allow":["GET"]}}],"collection":[{"href":"https:\/\/13.com.ar\/index.php\/wp-json\/wp\/v2\/posts"}],"about":[{"href":"https:\/\/13.com.ar\/index.php\/wp-json\/wp\/v2\/types\/post"}],"author":[{"embeddable":true,"href":"https:\/\/13.com.ar\/index.php\/wp-json\/wp\/v2\/users\/1"}],"replies":[{"embeddable":true,"href":"https:\/\/13.com.ar\/index.php\/wp-json\/wp\/v2\/comments?post=24854"}],"version-history":[{"count":0,"href":"https:\/\/13.com.ar\/index.php\/wp-json\/wp\/v2\/posts\/24854\/revisions"}],"wp:featuredmedia":[{"embeddable":true,"href":"https:\/\/13.com.ar\/index.php\/wp-json\/wp\/v2\/media\/24855"}],"wp:attachment":[{"href":"https:\/\/13.com.ar\/index.php\/wp-json\/wp\/v2\/media?parent=24854"}],"wp:term":[{"taxonomy":"category","embeddable":true,"href":"https:\/\/13.com.ar\/index.php\/wp-json\/wp\/v2\/categories?post=24854"},{"taxonomy":"post_tag","embeddable":true,"href":"https:\/\/13.com.ar\/index.php\/wp-json\/wp\/v2\/tags?post=24854"}],"curies":[{"name":"wp","href":"https:\/\/api.w.org\/{rel}","templated":true}]}}