{"id":24850,"date":"2025-05-13T11:57:28","date_gmt":"2025-05-13T14:57:28","guid":{"rendered":"https:\/\/13.com.ar\/index.php\/estaba-segura-de-que-iba-a-morir-y-me-iban-a-violar\/"},"modified":"2025-05-13T11:57:28","modified_gmt":"2025-05-13T14:57:28","slug":"estaba-segura-de-que-iba-a-morir-y-me-iban-a-violar","status":"publish","type":"post","link":"https:\/\/13.com.ar\/index.php\/estaba-segura-de-que-iba-a-morir-y-me-iban-a-violar\/","title":{"rendered":"Estaba segura de que iba a morir y me iban a violar"},"content":{"rendered":"<p> <br \/>\n<\/p>\n<div id=\"cuerpo\">\n<div class=\"sc-45461e9c-0 eqiBeF container-text text-embed \" id=\"element-body-0\">\n<p>La noche del <strong>3 de octubre de 2016<\/strong> qued\u00f3 grabada para siempre en la memoria de <strong>Kim Kardashian<\/strong>. Fue el d\u00eda que <strong>temi\u00f3 por su vida<\/strong> cuando un <strong>grupo comando<\/strong> irrumpi\u00f3 en el lujoso hotel del distrito 8 de Par\u00eds donde ella descansaba en medio de la Semana de la Moda, y los siguientes seis aterradores minutos califican como &#8220;el peor momento de su vida&#8221;.<\/p>\n<\/div>\n<div class=\"sc-45461e9c-0 eqiBeF container-text text-embed \" id=\"element-body-1\">\n<p>La reina de los <em>realitys shows<\/em> arrib\u00f3 al<strong> tribunal en el centro de Par\u00eds<\/strong>,<strong> <\/strong>vestida con un traje negro con hombreras y lentes de sol, acompa\u00f1ada de su madre,<strong> Kris Jenner<\/strong>.<strong> <\/strong><\/p>\n<\/div>\n<div class=\"sc-45461e9c-0 eqiBeF container-text text-embed \" id=\"element-body-2\">\n<p>Este martes 13 de mayo la empresaria declar\u00f3 ante el tribunal que juzga a los presuntos autores del violento atraco, el mismo que hace ocho a\u00f1os fue calificado por la prensa francesa como &#8220;el robo del siglo&#8221;.<\/p>\n<\/div>\n<div class=\"sc-98b114a2-0 bkqiHH image-embed  image-embed \" id=\"element-body-3\"><picture class=\"sc-98b114a2-1 jRUlDm\"><source media=\"(min-width: 975px)\" width=\"720\" height=\"480\" \/><img alt=\"Paris (France), 13\/05\/2025.- US celebrity Kim Kardashian (C-L) arrives at the Paris Courthouse to testify as part of the trial against suspects in the 2016 armed robbery against her, in Paris, France, 13 May 2025. US celebrity Kardashian is set to testify at Paris court in the trial against 10 suspects accused of stealing jewelry valued at millions during her stay at an apartment in the October 2016 Paris Fashion Week. (Moda, Francia) EFE\/EPA\/SADAK SOUICI\" loading=\"lazy\" width=\"720\" height=\"480\" decoding=\"async\" data-nimg=\"1\" style=\"color:transparent\" src=\"https:\/\/13.com.ar\/wp-content\/uploads\/2025\/05\/Estaba-segura-de-que-iba-a-morir-y-me-iban.jpg\"\/><span class=\"epigraphe\">Paris (France), 13\/05\/2025.- US celebrity Kim Kardashian (C-L) arrives at the Paris Courthouse to testify as part of the trial against suspects in the 2016 armed robbery against her, in Paris, France, 13 May 2025. US celebrity Kardashian is set to testify at Paris court in the trial against 10 suspects accused of stealing jewelry valued at millions during her stay at an apartment in the October 2016 Paris Fashion Week. (Moda, Francia) EFE\/EPA\/SADAK SOUICI<\/span><span class=\"picture-open\"><button class=\"open-image\" aria-label=\"Open Image\"\/><\/span><\/picture><\/div>\n<div class=\"sc-45461e9c-0 eqiBeF container-text text-embed \" id=\"element-body-4\">\n<p><strong>&#8220;Estaba segura de que iba a morir esa noche, absolutamente&#8221;,<\/strong> respondi\u00f3 entre l\u00e1grimas y sollozos, cuando el presidente del Tribunal de lo Criminal de Par\u00eds le pregunt\u00f3 <strong>si temi\u00f3 por su vida.<\/strong><\/p>\n<\/div>\n<div class=\"sc-45461e9c-0 eqiBeF container-text text-embed \" id=\"element-body-5\">\n<p>&#8220;Vine a Par\u00eds para la Semana de la Moda y porque siempre ha sido un lugar que me encanta&#8221;, declar\u00f3 Kardashian al relatar ante el tribunal los detalles de aquella estad\u00eda rel\u00e1mpago que se convirti\u00f3 en una pesadilla.<\/p>\n<\/div>\n<div class=\"sc-98b114a2-0 bkqiHH image-embed  image-embed \" id=\"element-body-6\"><picture class=\"sc-98b114a2-1 jRUlDm\"><source media=\"(min-width: 975px)\" width=\"0\" height=\"750\" \/><img alt=\"Kim Kardashian se present\u00f3 en el tribunal de Par\u00eds para testificar. (Foto: REUTERS)\" loading=\"lazy\" width=\"0\" height=\"750\" decoding=\"async\" data-nimg=\"1\" style=\"color:transparent\" src=\"https:\/\/13.com.ar\/wp-content\/uploads\/2025\/05\/1747148247_458_Estaba-segura-de-que-iba-a-morir-y-me-iban.jpg\"\/><span class=\"epigraphe\">Kim Kardashian se present\u00f3 en el tribunal de Par\u00eds para testificar. (Foto: REUTERS)<\/span><span class=\"picture-open\"><button class=\"open-image\" aria-label=\"Open Image\"\/><\/span><\/picture><\/div>\n<p><h2>El relato de Kim Kardashian: amordazada, a punta de pistola y desnuda<\/h2>\n<\/p>\n<div class=\"sc-45461e9c-0 eqiBeF container-text text-embed \" id=\"element-body-8\">\n<p>Kim estaba en su habitaci\u00f3n cuando escuch\u00f3 fuertes pisadas y vio entrar a varias personas, que pens\u00f3 que eran polic\u00edas, porque estaban uniformados. Cuando not\u00f3 que uno llevaba una m\u00e1scara su primera reacci\u00f3n fue agarrar el celular para pedir ayuda.<\/p>\n<\/div>\n<div class=\"sc-45461e9c-0 eqiBeF container-text text-embed \" id=\"element-body-9\">\n<p>En cuesti\u00f3n de segundos <strong>uno de ellos le apunt\u00f3 con una pistola<\/strong>, le quit\u00f3 el tel\u00e9fono, la agarr\u00f3 del brazo y la alej\u00f3 de la cama. &#8220;Estaba segura de que me iban a disparar, as\u00ed que rec\u00e9 por mi familia, y <strong>pens\u00e9 que me iba a violar cuando me ataron y amordazaron desnuda<\/strong>&#8220;, indic\u00f3, y record\u00f3 que en medio del forcejeo se le cay\u00f3 la bata que llevaba cuando los dos atracadores irrumpieron en la habitaci\u00f3n.<\/p>\n<\/div>\n<div class=\"sc-98b114a2-0 bkqiHH image-embed  image-embed \" id=\"element-body-10\"><picture class=\"sc-98b114a2-1 jRUlDm\"><source media=\"(min-width: 975px)\" width=\"720\" height=\"480\" \/><img alt=\"Hace ocho a\u00f1os Kim Kardashian hab\u00eda declarado a las autoridades, pero en Nueva York. (Foto: AP)\" loading=\"lazy\" width=\"720\" height=\"480\" decoding=\"async\" data-nimg=\"1\" style=\"color:transparent\" src=\"https:\/\/13.com.ar\/wp-content\/uploads\/2025\/05\/1747148247_766_Estaba-segura-de-que-iba-a-morir-y-me-iban.jpg\"\/><span class=\"epigraphe\">Hace ocho a\u00f1os Kim Kardashian hab\u00eda declarado a las autoridades, pero en Nueva York. (Foto: AP)<\/span><span class=\"picture-open\"><button class=\"open-image\" aria-label=\"Open Image\"\/><\/span><\/picture><\/div>\n<div class=\"sc-45461e9c-0 eqiBeF container-text text-embed \" id=\"element-body-11\">\n<p>Uno de los atracadores dijo varias veces la palabra &#8220;<strong><em>ring<\/em><\/strong>&#8220;, anillo en ingl\u00e9s, hablando con un fuerte acento franc\u00e9s. &#8220;Al principio no entend\u00ed que se refer\u00eda a mis joyas&#8221;, indic\u00f3, y explic\u00f3 que supo lo que quer\u00edan despu\u00e9s de que los asaltantes enmascarados encontraran el<strong> anillo de diamantes de 3,5 millones de euros que le regal\u00f3 el rapero Kanye West<\/strong>, su marido en ese entonces.<\/p>\n<\/div>\n<div class=\"sc-45461e9c-0 eqiBeF container-text text-embed \" id=\"element-body-12\">\n<p>&#8220;Les dije: <strong>&#8216;Pueden llevarse todo, pero tengo que poder volver a casa, tengo beb\u00e9s, por favor<\/strong>&#8216;&#8221;, revel\u00f3 entre l\u00e1grimas. &#8220;Quiero dar las gracias a todo el mundo, en especial a las autoridades francesas, por <strong>permitirme testificar y contar mi verdad&#8221;<\/strong>, agreg\u00f3 al inicio de su comparecencia.<\/p>\n<\/div>\n<div class=\"sc-45461e9c-0 eqiBeF container-text text-embed \" id=\"element-body-13\">\n<p>Su estilista, <strong>Simone Harouche<\/strong>, testific\u00f3 sobre los gritos de terror de Kardashian cuando finalmente los ladrones se fueron. \u201cEstaba fuera de s\u00ed; nunca la hab\u00eda visto as\u00ed. Gritaba y dec\u00eda \u2018Tenemos que salir de aqu\u00ed, \u00bfqu\u00e9 pasa si vuelven?, tenemos que saltar por la ventana del primer piso\u2019&#8221;, rememor\u00f3 sobre el shock postraum\u00e1tico que sufri\u00f3.<\/p>\n<\/div>\n<div class=\"sc-45461e9c-0 eqiBeF container-text text-embed \" id=\"element-body-14\">\n<p>Desde finales de abril, un total de diez sospechosos est\u00e1n siendo juzgados por el atraco a mano armada de<strong> joyas de la estrella, valoradas en 10 millones de d\u00f3lares.<\/strong><\/p>\n<\/div>\n<div class=\"sc-98b114a2-0 bkqiHH image-embed  image-embed \" id=\"element-body-15\"><picture class=\"sc-98b114a2-1 jRUlDm\"><source media=\"(min-width: 975px)\" width=\"720\" height=\"480\" \/><img alt=\"Kim Kardashian le agradeci\u00f3 a las autoridades francesas por dejarla contar su verdad. (Foto: Reuters)\" loading=\"lazy\" width=\"720\" height=\"480\" decoding=\"async\" data-nimg=\"1\" style=\"color:transparent\" src=\"https:\/\/13.com.ar\/wp-content\/uploads\/2025\/05\/1747148247_371_Estaba-segura-de-que-iba-a-morir-y-me-iban.jpg\"\/><span class=\"epigraphe\">Kim Kardashian le agradeci\u00f3 a las autoridades francesas por dejarla contar su verdad. (Foto: Reuters)<\/span><span class=\"picture-open\"><button class=\"open-image\" aria-label=\"Open Image\"\/><\/span><\/picture><\/div>\n<div class=\"sc-45461e9c-0 eqiBeF container-text text-embed \" id=\"element-body-16\">\n<p>Dentro del tribunal, ubicado en la Isla de la Cit\u00e9, colgaron un cartel que dec\u00eda: &#8220;Sala llena&#8221;, ya que asistieron alrededor de 500 periodistas, muchos de ellos extranjeros, acreditados para el juicio. <\/p>\n<\/div>\n<div class=\"sc-45461e9c-0 eqiBeF container-text text-embed \" id=\"element-body-17\">\n<p>En el banquillo de los acusados se sientan <strong>hombres de entre 60 y 70 a\u00f1os con antecedentes criminales<\/strong>, que responden a apodos como &#8220;El viejo Omar&#8221;, y &#8220;Ojos Azules&#8221;.<\/p>\n<\/div>\n<div class=\"sc-45461e9c-0 eqiBeF container-text text-embed \" id=\"element-body-18\">\n<p>&#8220;Son todo un equipo, pero cometieron algunos errores, como dejar rastros de ADN que permitieron su identificaci\u00f3n&#8221;, dijo el investigador Michel Malecot, quien tambi\u00e9n cont\u00f3 que un hombre llamado Gary Madar, el hermano del chofer de Kardashian en Par\u00eds, alert\u00f3 a los sospechosos de que la estrella se encontraba &#8220;en territorio franc\u00e9s&#8221;<strong>.<\/strong><\/p>\n<\/div>\n<div class=\"sc-98b114a2-0 bkqiHH image-embed  image-embed \" id=\"element-body-19\"><picture class=\"sc-98b114a2-1 jRUlDm\"><source media=\"(min-width: 975px)\" width=\"720\" height=\"480\" \/><img alt=\"Abderrahmane Ouatiki, conocido como &quot;el viejo Omar&quot; en su arribo a la corte de Par\u00eds. (Foto: REUTERS)\" loading=\"lazy\" width=\"720\" height=\"480\" decoding=\"async\" data-nimg=\"1\" style=\"color:transparent\" src=\"https:\/\/13.com.ar\/wp-content\/uploads\/2025\/05\/1747148248_706_Estaba-segura-de-que-iba-a-morir-y-me-iban.jpg\"\/><span class=\"epigraphe\">Abderrahmane Ouatiki, conocido como &#8220;el viejo Omar&#8221; en su arribo a la corte de Par\u00eds. (Foto: REUTERS)<\/span><span class=\"picture-open\"><button class=\"open-image\" aria-label=\"Open Image\"\/><\/span><\/picture><\/div>\n<div class=\"sc-45461e9c-0 eqiBeF container-text text-embed \" id=\"element-body-20\">\n<p>Mientras tanto, el abogado de ese sospechoso ridiculiz\u00f3 la acusaci\u00f3n y se\u00f1al\u00f3 que los 350 millones de seguidores de Instagram de Kardashian sab\u00edan perfectamente su paradero.<\/p>\n<\/div>\n<div class=\"sc-45461e9c-0 eqiBeF container-text text-embed \" id=\"element-body-21\">\n<p><strong>Aomar Ait Khedache<\/strong>, conocido como<strong> &#8220;el viejo Omar&#8221;, de 68 a\u00f1os, admiti\u00f3 haber atado a Kardashian<\/strong>, pero niega ser el cerebro detr\u00e1s del golpe. Mientras tanto, el proceso avanza, y se espera que el juicio por el robo culmine el 23 de mayo. <\/p>\n<\/div>\n<\/div>\n<p><br \/>\n<br \/><a href=\"https:\/\/www.clarin.com\/internacional\/kim-kardashian-testifico-millonario-robo-siglo-temio-vida-segura-iba-morir-iban-violar_0_8VBvdGfCGl.html\">Fuente Clarin.com <\/a><\/p>\n","protected":false},"excerpt":{"rendered":"<p>La noche del 3 de octubre de 2016 qued\u00f3 grabada para siempre en la memoria de Kim Kardashian. Fue el d\u00eda que temi\u00f3 por su vida cuando un grupo comando irrumpi\u00f3 en el lujoso hotel del distrito 8 de Par\u00eds donde ella descansaba en medio de la Semana de la Moda, y los siguientes seis [&hellip;]<\/p>\n","protected":false},"author":1,"featured_media":24851,"comment_status":"open","ping_status":"open","sticky":false,"template":"","format":"standard","meta":{"footnotes":""},"categories":[2],"tags":[627,3030,1099,5262,5771,1100],"class_list":["post-24850","post","type-post","status-publish","format-standard","has-post-thumbnail","hentry","category-ultimas-noticias","tag-estaba","tag-iba","tag-iban","tag-morir","tag-segura","tag-violar"],"_links":{"self":[{"href":"https:\/\/13.com.ar\/index.php\/wp-json\/wp\/v2\/posts\/24850","targetHints":{"allow":["GET"]}}],"collection":[{"href":"https:\/\/13.com.ar\/index.php\/wp-json\/wp\/v2\/posts"}],"about":[{"href":"https:\/\/13.com.ar\/index.php\/wp-json\/wp\/v2\/types\/post"}],"author":[{"embeddable":true,"href":"https:\/\/13.com.ar\/index.php\/wp-json\/wp\/v2\/users\/1"}],"replies":[{"embeddable":true,"href":"https:\/\/13.com.ar\/index.php\/wp-json\/wp\/v2\/comments?post=24850"}],"version-history":[{"count":0,"href":"https:\/\/13.com.ar\/index.php\/wp-json\/wp\/v2\/posts\/24850\/revisions"}],"wp:featuredmedia":[{"embeddable":true,"href":"https:\/\/13.com.ar\/index.php\/wp-json\/wp\/v2\/media\/24851"}],"wp:attachment":[{"href":"https:\/\/13.com.ar\/index.php\/wp-json\/wp\/v2\/media?parent=24850"}],"wp:term":[{"taxonomy":"category","embeddable":true,"href":"https:\/\/13.com.ar\/index.php\/wp-json\/wp\/v2\/categories?post=24850"},{"taxonomy":"post_tag","embeddable":true,"href":"https:\/\/13.com.ar\/index.php\/wp-json\/wp\/v2\/tags?post=24850"}],"curies":[{"name":"wp","href":"https:\/\/api.w.org\/{rel}","templated":true}]}}