{"id":24847,"date":"2025-05-13T11:51:27","date_gmt":"2025-05-13T14:51:27","guid":{"rendered":"https:\/\/13.com.ar\/index.php\/la-provincia-le-puso-fecha-limite-a-las-negociaciones-entre-los-libertarios-y-el-pro\/"},"modified":"2025-05-13T11:51:27","modified_gmt":"2025-05-13T14:51:27","slug":"la-provincia-le-puso-fecha-limite-a-las-negociaciones-entre-los-libertarios-y-el-pro","status":"publish","type":"post","link":"https:\/\/13.com.ar\/index.php\/la-provincia-le-puso-fecha-limite-a-las-negociaciones-entre-los-libertarios-y-el-pro\/","title":{"rendered":"La Provincia le puso fecha l\u00edmite a las negociaciones entre los libertarios y el PRO"},"content":{"rendered":"<p> <br \/>\n<br \/><img decoding=\"async\" src=\"https:\/\/13.com.ar\/wp-content\/uploads\/2025\/03\/Despues-de-la-foto-con-Milei-Cristian-Ritondo-da-senales.jpg\" \/><\/p>\n<div id=\"element-body-0\">\n<p>Aprobado el cronograma electoral desdoblado en la provincia de Buenos Aires, los fuertes cruces entre <strong>La Libertad Avanza<\/strong> y el <strong>PRO<\/strong>, en especial despu\u00e9s de la ca\u00edda de Ficha Limpia, tienen un l\u00edmite si quieren ir juntos en la elecci\u00f3n bonaerense. <\/p>\n<\/div>\n<div id=\"element-body-1\">\n<p>El <strong>mi\u00e9rcoles 9 de julio<\/strong>, D\u00eda de la Independencia, es el tope de inscripci\u00f3n de alianzas para la elecci\u00f3n de <strong>46 diputados provinciales y 23 senadores provinciales<\/strong> repartidos en las ocho secciones electorales, adem\u00e1s de<strong> 1097 concejales y 401 consejeros escolares<\/strong> -y suplentes- en los 135 municipios de Buenos Aires.<\/p>\n<\/div>\n<div id=\"element-body-2\">\n<p>Tanto en el campamento libertario como en el del PRO insisten a esperar el resultado de la elecci\u00f3n porte\u00f1a de este domingo para hablar de la posible alianza. Una vez terminados esos comicios quedan 52 d\u00edas para la inscripci\u00f3n de alianzas en el calendario que aprob\u00f3 la Legislatura bonaerense.<\/p>\n<\/div>\n<div id=\"element-body-3\">\n<p>A pocos d\u00edas de la elecci\u00f3n porte\u00f1a los dardos son cada vez m\u00e1s duros. Este lunes Mauricio Macri se refiri\u00f3 a una entrevista en la que el presidente Javier Milei asegur\u00f3  que la ca\u00edda de Ficha Limpia fue un acuerdo entre Macri y Cristina Kirchner. &#8220;La desilusi\u00f3n que tengo es infinita&#8221;, respondi\u00f3 Macri. <\/p>\n<\/div>\n<div id=\"element-body-4\">\n<p>Guillermo Francos, Jefe de Gabinete de Milei, recogi\u00f3 el guante y se refiri\u00f3 a una alianza con el PRO en la Provincia: &#8220;Macri est\u00e1 exaltado, nervioso. No s\u00e9 si Macri maneja el PRO en la Provincia, es algo que est\u00e1 por verse&#8221;. <\/p>\n<\/div>\n<div id=\"element-body-5\">\n<div class=\"sc-c2c2a3c6-1 kQhBlc videoText videoText\">\n<h2>Video<\/h2>\n<p>Guillermo Francos dijo que Mauricio Macri &#8220;est\u00e1 exaltado porque teme perder la Ciudad&#8221;<\/p>\n<\/div>\n<\/div>\n<div id=\"element-body-6\">\n<p>&#8220;Las relaciones personales entre Milei y Macri no tengan recomposici\u00f3n. Vamos a llegar a un acuerdo en provincia de Buenos Aires. Es fundamental tener un acuerdo para enfrentar al kirchnerismo en la Provincia y el que se opone que se haga cargo&#8221;, reforz\u00f3 Francos.<\/p>\n<\/div>\n<div id=\"element-body-7\">\n<p>Los libertarios bonaerenses tienen a 10 coordinadores para cada secci\u00f3n electoral, que por el desdoblamiento tendr\u00e1 un sistema at\u00edpico. Cada boleta solo tendr\u00e1 dos cuerpos, uno para senador o diputado provincial -depende lo que renueve la secci\u00f3n- y la lista de concejales de cada municipio.<\/p>\n<\/div>\n<div id=\"element-body-8\">\n<p>Ya se abroquelaron ante la llegada de Patricia Bullrich y avisaron que en los distritos en los que el referente de LLA sea m\u00e1s fuerte prevalecer\u00e1. Habr\u00e1 que ver si ante la llegada de dirigentes del PRO con varias campa\u00f1as electorales encima, y en algunos casos m\u00e1s grado de conocimiento, los libertarios pueden mantener a los suyos.<\/p>\n<\/div>\n<div id=\"element-body-10\">\n<p>La espera al resultado de la elecci\u00f3n porte\u00f1a tambi\u00e9n tiene otro punto atendible. Si gana la elecci\u00f3n Leandro Santoro, le reforzar\u00e1 tanto a LLA como al PRO que separados pueden perder con el peronismo. Por otro lado, el que salga mejor entre los libertarios y los macristas en esa elecci\u00f3n probablemente est\u00e9 en mejor situaci\u00f3n para negociar los espacios dentro de la nueva alianza.<\/p>\n<\/div>\n<div id=\"element-body-11\">\n<p>&#8220;Vamos a esperar. Algunos de los referentes del PRO en el conurbano responden a Jorge Macri&#8221;, avisa uno de los macristas atento a la virulencia de la campa\u00f1a en la que LLA le peg\u00f3 al Jefe de Gobierno porte\u00f1o.<\/p>\n<\/div>\n<div id=\"element-body-12\">\n<p>Desde la Casa Rosada hay mucho inter\u00e9s en una alianza bonaerense con el PRO. Incluso en el comunicado por la ca\u00edda de Ficha Limpia en el que LLA critic\u00f3 muy duro al PRO y a la diputada nacional Silvia Lospennato, cara visible del proyecto de ley y primera candidata a legisladora porte\u00f1a, hubo una soga al PRO bonaerense.<\/p>\n<\/div>\n<div id=\"element-body-13\">\n<blockquote class=\"twitter-tweet\">\n<p lang=\"es\" dir=\"ltr\">Hoy es un d\u00eda triste para la Rep\u00fablica. No solo por la ca\u00edda de Ficha Limpia en el Senado de la Naci\u00f3n, sino por el comportamiento indigno de quienes dicen ser nuestros aliados pero aprovechan cualquier oportunidad para intentar ensuciar al gobierno. <\/p>\n<p>LLA durante d\u00edas intent\u00f3\u2026<\/p>\n<p>\u2014 La Libertad Avanza (@LLibertadAvanza) <a rel=\"nofollow\" target=\"_blank\" href=\"https:\/\/twitter.com\/LLibertadAvanza\/status\/1920323347923054818?ref_src=twsrc%5Etfw\">May 8, 2025<\/a><\/p><\/blockquote>\n<\/div>\n<div id=\"element-body-14\">\n<p>&#8220;LLA continuar\u00e1 trabajando para que Ficha Limpia sea una realidad en la Argentina; y reafirma su compromiso de seguir trabajando con el PRO de la Provincia de Buenos Aires para evitar que el kirchnerismo gane la provincia. Hoy queda m\u00e1s claro que nunca que en las urnas es kirchnerismo o libertad&#8221;, concluy\u00f3 el comunicado.<\/p>\n<\/div>\n<div id=\"element-body-16\">\n<p>Hoy, hay 18 legisladores a los que se les vence el mandato en diciembre y seg\u00fan la ley aprobada en 2016 y retocada en 2021, no pueden ser candidatos. El l\u00edmite tambi\u00e9n se aplica a decenas de concejales en los 135 municipios.<\/p>\n<\/div>\n<div id=\"element-body-17\">\n<p>Sin embargo, por acci\u00f3n y omisi\u00f3n de la mayor\u00eda de los bloques que incluye al PRO y los libertarios adem\u00e1s de al peronismo, el l\u00edmite se puede correr, una vez m\u00e1s.<\/p>\n<\/div>\n<div id=\"element-body-18\">\n<p>El proyecto se debati\u00f3 en la comisi\u00f3n de Legislaci\u00f3n General del Senado provincial. Obtuvo dictamen favorable con las firmas de los peronistas Gustavo Soos, Amira Curi, Pablo Obeid y Gabriela Demaria, a las que se sum\u00f3 Carlos Kikuchi, uno de los libertarios d\u00edscolos. <\/p>\n<\/div>\n<div id=\"element-body-20\">\n<p>Se opusieron el macrista Christian Gribaudo, la radical Flavia Delmonte y Florencia Arietto, de La Libertad Avanza. Pero tres ausencias colaboraron para que salga el dictamen: la massista Sof\u00eda Vanelli, el peronista Federico Fagioli y la hora libertaria Daniela Reich, esposa de Diego Valenzuela, intendente de Tres de Febrero. <\/p>\n<\/div>\n<div id=\"element-body-21\">\n<p>Reich es una de las senadoras que si no tocan la ley no se puede presentar a un nuevo mandato. En contra posici\u00f3n, es destacable la postura de la senadora radical Flavia Delmonte, del Partido de La Costa, que tambi\u00e9n es alcanzada por el l\u00edmite. No solo asisti\u00f3 a la comisi\u00f3n sino que vot\u00f3 en contra del dictamen que le posibilitar\u00eda ser candidata.<\/p>\n<\/div>\n<div id=\"element-body-22\">\n<p>El cierre de listas para la elecci\u00f3n provincial es el s\u00e1bado 19 de julio y a\u00fan no est\u00e1 claro cu\u00e1ndo se tratar\u00e1 en el Senado provincial. En medio de la tensi\u00f3n por las elecciones porte\u00f1as y los resultados en otras provincias, tambi\u00e9n empieza a haber dudas sobre si est\u00e1n los votos para aprobar un nuevo corrimiento del l\u00edmite, lo que siembra dudas para el cierre de listas en todas las fuerzas.<\/p>\n<\/div>\n<p><script async src=\"\/\/platform.twitter.com\/widgets.js\" charset=\"utf-8\"><\/script><br \/>\n<br \/><br \/>\n<br \/><a href=\"https:\/\/www.clarin.com\/politica\/provincia-puso-fecha-limite-negociaciones-libertarios-pro_0_wTMjXQ2BFc.html\">Fuente Clarin.com <\/a><\/p>\n","protected":false},"excerpt":{"rendered":"<p>Aprobado el cronograma electoral desdoblado en la provincia de Buenos Aires, los fuertes cruces entre La Libertad Avanza y el PRO, en especial despu\u00e9s de la ca\u00edda de Ficha Limpia, tienen un l\u00edmite si quieren ir juntos en la elecci\u00f3n bonaerense. El mi\u00e9rcoles 9 de julio, D\u00eda de la Independencia, es el tope de inscripci\u00f3n [&hellip;]<\/p>\n","protected":false},"author":1,"featured_media":13664,"comment_status":"open","ping_status":"open","sticky":false,"template":"","format":"standard","meta":{"footnotes":""},"categories":[2],"tags":[351,1946,48,3181,2939,28,354,1111,490,1625],"class_list":["post-24847","post","type-post","status-publish","format-standard","has-post-thumbnail","hentry","category-ultimas-noticias","tag-entre","tag-fecha","tag-las","tag-libertarios","tag-limite","tag-los","tag-negociaciones","tag-pro","tag-provincia","tag-puso"],"_links":{"self":[{"href":"https:\/\/13.com.ar\/index.php\/wp-json\/wp\/v2\/posts\/24847","targetHints":{"allow":["GET"]}}],"collection":[{"href":"https:\/\/13.com.ar\/index.php\/wp-json\/wp\/v2\/posts"}],"about":[{"href":"https:\/\/13.com.ar\/index.php\/wp-json\/wp\/v2\/types\/post"}],"author":[{"embeddable":true,"href":"https:\/\/13.com.ar\/index.php\/wp-json\/wp\/v2\/users\/1"}],"replies":[{"embeddable":true,"href":"https:\/\/13.com.ar\/index.php\/wp-json\/wp\/v2\/comments?post=24847"}],"version-history":[{"count":0,"href":"https:\/\/13.com.ar\/index.php\/wp-json\/wp\/v2\/posts\/24847\/revisions"}],"wp:featuredmedia":[{"embeddable":true,"href":"https:\/\/13.com.ar\/index.php\/wp-json\/wp\/v2\/media\/13664"}],"wp:attachment":[{"href":"https:\/\/13.com.ar\/index.php\/wp-json\/wp\/v2\/media?parent=24847"}],"wp:term":[{"taxonomy":"category","embeddable":true,"href":"https:\/\/13.com.ar\/index.php\/wp-json\/wp\/v2\/categories?post=24847"},{"taxonomy":"post_tag","embeddable":true,"href":"https:\/\/13.com.ar\/index.php\/wp-json\/wp\/v2\/tags?post=24847"}],"curies":[{"name":"wp","href":"https:\/\/api.w.org\/{rel}","templated":true}]}}