{"id":24843,"date":"2025-05-13T11:24:45","date_gmt":"2025-05-13T14:24:45","guid":{"rendered":"https:\/\/13.com.ar\/index.php\/el-campo-reclamo-por-menos-retenciones-y-mas-infraestructura-para-desarrollar-el-interior-productivo\/"},"modified":"2025-05-13T11:24:45","modified_gmt":"2025-05-13T14:24:45","slug":"el-campo-reclamo-por-menos-retenciones-y-mas-infraestructura-para-desarrollar-el-interior-productivo","status":"publish","type":"post","link":"https:\/\/13.com.ar\/index.php\/el-campo-reclamo-por-menos-retenciones-y-mas-infraestructura-para-desarrollar-el-interior-productivo\/","title":{"rendered":"El campo reclam\u00f3 por menos retenciones y m\u00e1s infraestructura, &#8220;para desarrollar el interior productivo&#8221;"},"content":{"rendered":"<p> <br \/>\n<br \/><img decoding=\"async\" src=\"https:\/\/13.com.ar\/wp-content\/uploads\/2025\/05\/El-campo-reclamo-por-menos-retenciones-y-mas-infraestructura-para.jpg\" \/><\/p>\n<div id=\"element-body-0\">\n<p>El presidente de Confederaciones Rurales Argentinas (CRA), <strong>Carlos Castagnani<\/strong>, reuni\u00f3 a sus pares de la <strong>Mesa de Enlace<\/strong>, y mand\u00f3 un mensaje p\u00fablico al presidente Javier Milei para que el 30 de junio se sostenga la baja de retenciones que rige desde enero, a la par de reconocer las \u201cmedidas que han comenzado a mostrar resultados positivos\u201d en la macroeconom\u00eda.<\/p>\n<\/div>\n<div id=\"element-body-1\">\n<p>\u201cValoramos el esfuerzo realizado, que el productor ha notado\u201d, dijo. Y cit\u00f3 el \u201cordenamiento de las cuentas p\u00fablicas, el d\u00e9ficit cero, la baja de la inflaci\u00f3n y del desempleo, la eliminaci\u00f3n de retenciones a las econom\u00edas regionales, y el inicio del proceso para salir del cepo cambiario\u201d.<\/p>\n<\/div>\n<div id=\"element-body-2\">\n<p>En el evento que se realiza este martes en la renovada Bolsa de Cereales de Buenos Aires estuvo el secretario de Agricultura, Sergio Iraeta, como representante del Gobierno. Pero el mensaje de Castagnani sobre los derechos de exportaci\u00f3n fue directo a Milei. \u201cSer\u00eda un gran mensaje, se\u00f1or Presidente, y estamos convencidos de que lo va a intentar. Y de que podremos seguir avanzando hacia la eliminaci\u00f3n total\u201d, enfatiz\u00f3.<\/p>\n<\/div>\n<div id=\"element-body-3\">\n<p>El auditorio se colm\u00f3 con gobernadores, legisladores, dirigentes agropecuarios, presidentes de rurales del interior, productores, j\u00f3venes\u2026 a quienes Castagnani invit\u00f3 a \u201cpensar juntos la Argentina del presente y, sobre todo, a proyectar la del futuro. Porque estamos convencidos de que esa construcci\u00f3n nos convoca a todos\u201d.<\/p>\n<\/div>\n<div id=\"element-body-4\">\n<p>Describi\u00f3 a este encuentro como \u201cuna gran oportunidad para escucharnos, debatir y consensuar no solo las pol\u00edticas p\u00fablicas que requiere nuestro sector, sino tambi\u00e9n aquellas decisiones que como sociedad debemos tomar para recomponer una Argentina fragmentada, dolida, y transformarla en el pa\u00eds que todos anhelamos: un pa\u00eds donde vivir, trabajar y progresar sea posible para todos\u201d.<\/p>\n<\/div>\n<div id=\"element-body-5\">\n<p>Mencion\u00f3 \u201cel triste episodio de Ficha Limpia. No podemos avalar lo sucedido: los cargos p\u00fablicos no pueden ser refugio de quienes atentan contra el inter\u00e9s com\u00fan\u201d<\/p>\n<\/div>\n<div id=\"element-body-6\">\n<p>Advirti\u00f3 que \u201cqueda mucho camino por recorrer: necesitamos m\u00e1s respaldo para las econom\u00edas regionales, trazabilidad, reconocimiento del 20% por zona desfavorable, mejoras en seguridad rural, una nueva ley de biocombustibles, entre otros temas. Y lo vincul\u00f3 al lema, Libertad para Producir.<\/p>\n<\/div>\n<div id=\"element-body-7\">\n<p>La segunda parte del slogan convocante, Competitividad para Crecer, lo vincul\u00f3 al trabajo conjunto con el gobierno nacional y con cada gobierno provincial, para compartir una mirada federal y experiencias de mejoras de la productividad en cada regi\u00f3n y el bienestar de sus habitantes.<\/p>\n<\/div>\n<div id=\"element-body-8\">\n<p>Castagnani reclam\u00f3 \u201ccon urgencia una reforma tributaria profunda y moderna, que premie la producci\u00f3n, \u00fanica fuente genuina de desarrollo\u201d. Y tambi\u00e9n \u201cuna reforma laboral que incentive la generaci\u00f3n de empleo, en lugar de desalentarla como ocurre hoy. El campo crea trabajo\u201d, destac\u00f3.<\/p>\n<\/div>\n<div id=\"element-body-9\">\n<p>Consider\u00f3 que \u201cdebemos avanzar hacia un cambio cultural. Debemos acompa\u00f1ar la lucha contra la burocracia, que no solo obstaculiza sino que tambi\u00e9n abre la puerta a la corrupci\u00f3n.<\/p>\n<\/div>\n<div id=\"element-body-10\">\n<p>Subray\u00f3 que \u201clos productores del interior profundo de la Argentina saben cu\u00e1nto aport\u00f3 en impuestos y cu\u00e1nto recibi\u00f3 a cambio. Urge revertir esa inequidad con obras que impulsen la producci\u00f3n\u201d. Habl\u00f3 de rutas y caminos, de la hidrov\u00eda, de la recuperaci\u00f3n del sistema ferroviario y de la conectividad, \u201cpara garantizar educaci\u00f3n rural de calidad, pilar indispensable para el futuro\u201d.<\/p>\n<\/div>\n<div id=\"element-body-11\">\n<p>Al ponderar una \u201cdiversidad productiva extraordinaria\u201d, enumer\u00f3 actividades de la Argentina federal, la del interior productivo, la del interior profundo, ligadas al trigo, soja, ma\u00edz, girasol, poroto, man\u00ed, semillas, ganader\u00eda bovina, ovina, porcina, b\u00fafala, lana, yerba mate, t\u00e9, ca\u00f1a de az\u00facar, algod\u00f3n, arroz, c\u00edtricos, olivicultura, vitivinicultura, avicultura, fruticultura, tabaco, uvas, pasas, az\u00facar, limones, olivo y nogal.<\/p>\n<\/div>\n<div id=\"element-body-12\">\n<p>Sobre el INTA y el SENASA expres\u00f3 un \u201cfirme respaldo como organismos fundamentales para el sector\u201d, pero no se opuso a los cambios: \u201cVamos a acompa\u00f1ar las reformas que sabemos que deben llevarse a cabo\u201d, afirm\u00f3.<\/p>\n<\/div>\n<div id=\"element-body-13\">\n<p>A los j\u00f3venes les reconoci\u00f3 la energ\u00eda, la visi\u00f3n, y el compromiso de la pasi\u00f3n por el campo y los alent\u00f3 a seguir luchando \u201cpor el consenso, por el respeto, por la palabra empe\u00f1ada. Por una Argentina de di\u00e1logo y de acuerdos. Tenemos la responsabilidad de ir por mucho m\u00e1s\u201d.<\/p>\n<\/div>\n<div id=\"element-body-14\">\n<p>En ese sentido, invit\u00f3 a Andrea Sarnari, presidenta de Federaci\u00f3n Agraria Argentina, a Nicol\u00e1s Pino, presidente de Sociedad Rural Argentina, y a Lucas Magnano, presidente de CONINAGRO, para aclarar que \u201caunque no siempre pensemos igual, estamos juntos en la defensa de los productores y del pa\u00eds. Nadie sobra. Todos hacen falta. Necesitamos una sociedad de protagonistas, no de espectadores\u201d.<\/p>\n<\/div>\n<p><br \/>\n<br \/><a href=\"https:\/\/www.clarin.com\/rural\/campo-reclamo-retenciones-infraestructura-desarrollar-interior-productivo_0_Rhm0K5na2K.html\">Fuente Clarin.com <\/a><\/p>\n","protected":false},"excerpt":{"rendered":"<p>El presidente de Confederaciones Rurales Argentinas (CRA), Carlos Castagnani, reuni\u00f3 a sus pares de la Mesa de Enlace, y mand\u00f3 un mensaje p\u00fablico al presidente Javier Milei para que el 30 de junio se sostenga la baja de retenciones que rige desde enero, a la par de reconocer las \u201cmedidas que han comenzado a mostrar [&hellip;]<\/p>\n","protected":false},"author":1,"featured_media":24844,"comment_status":"open","ping_status":"open","sticky":false,"template":"","format":"standard","meta":{"footnotes":""},"categories":[2],"tags":[958,12289,9883,4915,155,263,16,142,1202,43,525],"class_list":["post-24843","post","type-post","status-publish","format-standard","has-post-thumbnail","hentry","category-ultimas-noticias","tag-campo","tag-desarrollar","tag-infraestructura","tag-interior","tag-mas","tag-menos","tag-para","tag-por","tag-productivo","tag-reclamo","tag-retenciones"],"_links":{"self":[{"href":"https:\/\/13.com.ar\/index.php\/wp-json\/wp\/v2\/posts\/24843","targetHints":{"allow":["GET"]}}],"collection":[{"href":"https:\/\/13.com.ar\/index.php\/wp-json\/wp\/v2\/posts"}],"about":[{"href":"https:\/\/13.com.ar\/index.php\/wp-json\/wp\/v2\/types\/post"}],"author":[{"embeddable":true,"href":"https:\/\/13.com.ar\/index.php\/wp-json\/wp\/v2\/users\/1"}],"replies":[{"embeddable":true,"href":"https:\/\/13.com.ar\/index.php\/wp-json\/wp\/v2\/comments?post=24843"}],"version-history":[{"count":0,"href":"https:\/\/13.com.ar\/index.php\/wp-json\/wp\/v2\/posts\/24843\/revisions"}],"wp:featuredmedia":[{"embeddable":true,"href":"https:\/\/13.com.ar\/index.php\/wp-json\/wp\/v2\/media\/24844"}],"wp:attachment":[{"href":"https:\/\/13.com.ar\/index.php\/wp-json\/wp\/v2\/media?parent=24843"}],"wp:term":[{"taxonomy":"category","embeddable":true,"href":"https:\/\/13.com.ar\/index.php\/wp-json\/wp\/v2\/categories?post=24843"},{"taxonomy":"post_tag","embeddable":true,"href":"https:\/\/13.com.ar\/index.php\/wp-json\/wp\/v2\/tags?post=24843"}],"curies":[{"name":"wp","href":"https:\/\/api.w.org\/{rel}","templated":true}]}}