{"id":2483,"date":"2025-02-06T07:16:05","date_gmt":"2025-02-06T10:16:05","guid":{"rendered":"https:\/\/13.com.ar\/index.php\/por-que-la-causa-contra-alberto-fernandez-por-corrupcion-podria-cambiar-de-juez\/"},"modified":"2025-02-06T07:16:05","modified_gmt":"2025-02-06T10:16:05","slug":"por-que-la-causa-contra-alberto-fernandez-por-corrupcion-podria-cambiar-de-juez","status":"publish","type":"post","link":"https:\/\/13.com.ar\/index.php\/por-que-la-causa-contra-alberto-fernandez-por-corrupcion-podria-cambiar-de-juez\/","title":{"rendered":"por qu\u00e9 la causa contra Alberto Fern\u00e1ndez por corrupci\u00f3n podr\u00eda cambiar de juez"},"content":{"rendered":"<p> <br \/>\n<\/p>\n<div id=\"cuerpo\">\n<div class=\"sc-80531b6b-0 chRIGJ container-text text-embed\">\n<p>El viernes a las 11 de la ma\u00f1ana la C\u00e1mara Federal de Apelaciones<strong> proceder\u00e1 al sorteo para cubrir el Juzgado Federal 11, <\/strong>donde se encuentra radicada la causa contra <strong>Alberto Fern\u00e1ndez<\/strong> por presuntos hechos de corrupci\u00f3n, conocida como <strong>&#8220;Seguros&#8221;<\/strong>. Hasta ahora, ese despacho fue subrogado por el juez Juli\u00e1n Ercolini, a quien el ex presidente recus\u00f3 para que no contin\u00fae frente al expediente donde ya fue indagado.<\/p>\n<\/div>\n<div class=\"sc-80531b6b-0 chRIGJ container-text text-embed\">\n<p>El fallecido juez <strong>Claudio Bonadio<\/strong> era el titular del juzgado 11, cargo que, desde su muerte en 2020, <strong>el Consejo de la Magistratura a\u00fan no cubri\u00f3<\/strong>. Por ese motivo, es que<strong> se aplica la Ley de Subrogancias<\/strong>: otro magistrado cubre el despacho, percibiendo <strong>un 30% m\u00e1s de salario <\/strong>y durante un plazo de un a\u00f1o prorrogable por uno m\u00e1s.<\/p>\n<\/div>\n<div class=\"sc-80531b6b-0 chRIGJ container-text text-embed\">\n<p>Este viernes concluye la subrogancia que por sorteo -realizado de forma p\u00fablica y con bolillero- toc\u00f3 a Ercolini, luego de cuatro a\u00f1os cubriendo el juzgado 11 tras<strong> haber salido sorteado en dos oportunidades.<\/strong><\/p>\n<\/div>\n<div class=\"sc-80531b6b-0 chRIGJ container-text text-embed\">\n<p>El vicepresidente de la C\u00e1mara Federal de Apelaciones, <strong>Eduardo Farah<\/strong>, firm\u00f3 la resoluci\u00f3n a trav\u00e9s de la cual convoca al sorteo para cubrir el juzgado vacante.<\/p>\n<\/div>\n<div class=\"sc-80531b6b-0 chRIGJ container-text text-embed\">\n<p>En el juzgado federal 11 es donde est\u00e1 radicada la causa Seguros, y por ese motivo este viernes<strong> Ercolini podr\u00eda dejar de tener la causa a cargo.<\/strong><\/p>\n<\/div>\n<div class=\"sc-80531b6b-0 chRIGJ container-text text-embed\">\n<p>En noviembre pasado el ex Presidente fue indagado en el marco del expediente que analiz\u00f3 los 45 contratos que organismos estatales firmaron con Naci\u00f3n Seguros y en los que <strong>intermediaron 25 brokers.<\/strong><\/p>\n<\/div>\n<div class=\"sc-80531b6b-0 chRIGJ container-text text-embed\">\n<p>El ex Jefe de Estado est\u00e1 imputado por los delitos de<strong> administraci\u00f3n fraudulenta en perjuicio del Estado y negociaciones incompatibles.<\/strong> Adem\u00e1s, fueron indagados <strong>H\u00e9ctor Mart\u00ednez Sosa<\/strong> -quien se qued\u00f3 con el 42% de los contratos- y su esposa, la exsecretaria presidencial <strong>Mar\u00eda Cantero.<\/strong><\/p>\n<\/div>\n<div class=\"sc-80531b6b-0 chRIGJ container-text text-embed\">\n<p>Al inicio de esta semana, ante el camarista Roberto Boico, Fern\u00e1ndez reiter\u00f3 su pretensi\u00f3n de apartar a Ercolini de la causa, por ser &#8220;un juez parcial&#8221; y que <strong>tiene la causa &#8220;para vengarse, tiene animosidad hacia m\u00ed, me quiere preso&#8221;.<\/strong><\/p>\n<\/div>\n<div class=\"sc-80531b6b-0 chRIGJ container-text text-embed\">\n<p>Boico debe resolver si hace lugar o no a este nuevo planteo de recusaci\u00f3n. En la discusi\u00f3n anterior hab\u00eda resuelto confirmar al magistrado frente al expediente.<\/p>\n<\/div>\n<div class=\"sc-80531b6b-0 chRIGJ container-text text-embed\">\n<p>La novedad ahora es que si en el sorteo no sale nuevamente Ercolini, el caso de los Seguros quedar\u00eda en manos de otro juez de Comodoro Py.<\/p>\n<\/div>\n<div class=\"sc-80531b6b-0 chRIGJ container-text text-embed\">\n<p>En este expediente s\u00f3lo quedaba pendiente una indagatoria de las 39 que se hab\u00edan programado -al exdirector de Naci\u00f3n Seguros, Carlos Soria- y la misma se realiz\u00f3 este mi\u00e9rcoles. De esta manera, s\u00f3lo resta que se analicen todos los planteos formulados en cada audiencia y se resuelva la situaci\u00f3n de los imputados: <strong>si se los procesa por los delitos atribuidos o si hay falta de m\u00e9rito para sostener las imputaciones.<\/strong><\/p>\n<\/div>\n<p><h2>La causa<\/h2>\n<\/p>\n<div class=\"sc-80531b6b-0 chRIGJ container-text text-embed\">\n<p>La primera de las piezas que se colocaron en la acusaci\u00f3n que pesa sobre Fern\u00e1ndez es un Decreto, el 823\/2021. Fue el puntapi\u00e9 inicial del expediente penal que, fuera de la Casa Rosada, le vali\u00f3<strong> la primera imputaci\u00f3n por posibles hechos de corrupci\u00f3n.<\/strong><\/p>\n<\/div>\n<div class=\"sc-80531b6b-0 chRIGJ container-text text-embed\">\n<p>A criterio de los investigadores, ese decreto \u201cved\u00f3 la posibilidad de realizar licitaciones p\u00fablicas que fomenten la competencia y transparencia en torno a esas contrataciones\u201d. Es uno de los ejes principales del expediente que instruye el juez Ercolini y sobre el cual deber\u00e1 responder Fern\u00e1ndez.<\/p>\n<\/div>\n<div class=\"sc-80531b6b-0 chRIGJ container-text text-embed\">\n<p>El juez responsabiliz\u00f3 a las 39 personas llamadas a indagatoria de \u201c<strong>haber intervenido mancomunadamente en forma coordinada y funcional<\/strong>, aproximadamente entre el mes de diciembre de 2019 y el mes de diciembre de 2023, en <strong>un esquema de recaudaci\u00f3n y distribuci\u00f3n de fondos p\u00fablicos<\/strong> por medio del <strong>irregular direccionamiento en la contrataci\u00f3n e intermediaci\u00f3n<\/strong> en seguros tomados por distintas reparticiones p\u00fablicas en Naci\u00f3n Seguros\u201d.<\/p>\n<\/div>\n<div class=\"sc-80531b6b-0 chRIGJ container-text text-embed\">\n<p>Para ello, varios de los nombrados, -detall\u00f3 el magistrado- \u201ccon la connivencia de Alberto Fern\u00e1ndez, habr\u00edan operado en la contrataci\u00f3n de seguros de diversos entes estatales, y en especial a trav\u00e9s de la intermediaci\u00f3n de particulares y empresas entre dichos entes y la aseguradora Naci\u00f3n Seguros; como as\u00ed tambi\u00e9n en la inclusi\u00f3n de empresas coaseguradoras por parte de \u00e9sta\u201d.<\/p>\n<\/div>\n<div class=\"sc-80531b6b-0 chRIGJ container-text text-embed\">\n<p>Al analizar estos elementos, el juzgado sostuvo que la maniobra habr\u00eda requerido de la \u201c<strong>intervenci\u00f3n intencional <\/strong>de funcionarios p\u00fablicos de Naci\u00f3n Seguros y tambi\u00e9n de las distintas reparticiones estatales tomadoras de los seguros en cuesti\u00f3n\u201d.<\/p>\n<\/div>\n<div class=\"sc-80531b6b-0 chRIGJ container-text text-embed\">\n<p>La maniobra que involucra <strong>m\u00e1s de 3.400 millones de pesos <\/strong>abonados por el gobierno de Alberto Fern\u00e1ndez en concepto de comisiones a los brokers que intermediaron en los distintos contratos que el Estado firm\u00f3 con Naci\u00f3n Seguros SA, cont\u00f3 con una pieza impensada: un grupo de cooperativas. Se estima que esa cifra equivaldr\u00eda a m\u00e1s de 17 millones de d\u00f3lares.<\/p>\n<\/div>\n<p><h2>El amigo del ex presidente<\/h2>\n<\/p>\n<div class=\"sc-80531b6b-0 chRIGJ container-text text-embed\">\n<p>Para el juzgado los intermediarios se habr\u00edan beneficiado con la percepci\u00f3n de importantes comisiones abonadas por Naci\u00f3n Seguros \u201ccomo consecuencia de su designaci\u00f3n por parte de las respectivas reparticiones p\u00fablicas, a ra\u00edz del direccionamiento efectuado por los funcionarios interesados\u201d.<\/p>\n<\/div>\n<div class=\"sc-80531b6b-0 chRIGJ container-text text-embed\">\n<p>Pero se ponder\u00f3 que especialmente todo redund\u00f3 en beneficio de Mart\u00ednez Sosa, cuya esposa Mar\u00eda Cantero \u201cpose\u00eda un lugar de privilegio, dado que era secretaria hist\u00f3rica de Alberto Fern\u00e1ndez, luego devenida en secretar\u00eda presidencial) y sin que existieran procesos de selecci\u00f3n alguno\u201d.<\/p>\n<\/div>\n<div class=\"sc-80531b6b-0 chRIGJ container-text text-embed\">\n<p>En ese sentido la acusaci\u00f3n sostiene que hubo un \u201cdireccionamiento indebido: las empresas y productores afines a Mart\u00ednez Sosa, Castell\u00f3n y Torres Garc\u00eda pasaron a percibir<strong> m\u00e1s del 87% del monto abonado por Naci\u00f3n Seguros por las comisiones<\/strong> de las p\u00f3lizas emitidas durante el per\u00edodo en que se habr\u00eda desarrollado la maniobra\u201d.<\/p>\n<\/div>\n<div class=\"sc-80531b6b-0 chRIGJ container-text text-embed\">\n<p>Sobre el broker amigo del ex presidente, Ercolini escribi\u00f3 \u201cque a Mart\u00ednez Sosa lo unir\u00eda una \u00edntima y a\u00f1eja amistad con Fern\u00e1ndez, adem\u00e1s de su relaci\u00f3n con la secretaria presidencial Cantero, y habr\u00edan existido numerosos obsequios y pr\u00e9stamos de los miembros de la pareja para con el entonces presidente de la Naci\u00f3n, entre ellos dinero, joyas y el uso de inmuebles por parte de empleados de ambas partes\u201d.<\/p>\n<\/div>\n<div class=\"sc-4306f4f9-0 bAPCpp\">\n<div class=\"inner-card-m\">\n<div class=\"related-content\">\n<p><span class=\"body-title\">Mir\u00e1 tambi\u00e9n<\/span><\/p>\n<h3>Entre cruces con el kirchnerismo por la figura de Cristina Kirchner, Diputados logr\u00f3 dictamen para Ficha Limpia<\/h3>\n<source media=\"(min-width: 975px)\" width=\"340\" height=\"340\" \/><img alt=\"Entre cruces con el kirchnerismo por la figura de Cristina Kirchner, Diputados logr\u00f3 dictamen para Ficha Limpia\" loading=\"lazy\" width=\"340\" height=\"340\" decoding=\"async\" data-nimg=\"1\" style=\"color:transparent\" src=\"https:\/\/13.com.ar\/wp-content\/uploads\/2025\/02\/por-que-la-causa-contra-Alberto-Fernandez-por-corrupcion-podria.jpg\"\/><\/div>\n<\/div>\n<\/div>\n<div class=\"sc-4306f4f9-0 bAPCpp\">\n<div class=\"inner-card-m\">\n<div class=\"related-content\">\n<p><span class=\"body-title\">Mir\u00e1 tambi\u00e9n<\/span><\/p>\n<h3>Brasil se niega a enviar pruebas y tambalea una de las causas de corrupci\u00f3n m\u00e1s emblem\u00e1ticas en la Argentina<\/h3>\n<source media=\"(min-width: 975px)\" width=\"340\" height=\"340\" \/><img alt=\"Brasil se niega a enviar pruebas y tambalea una de las causas de corrupci\u00f3n m\u00e1s emblem\u00e1ticas en la Argentina\" loading=\"lazy\" width=\"340\" height=\"340\" decoding=\"async\" data-nimg=\"1\" style=\"color:transparent\" src=\"https:\/\/13.com.ar\/wp-content\/uploads\/2025\/02\/1738836965_672_por-que-la-causa-contra-Alberto-Fernandez-por-corrupcion-podria.jpg\"\/><\/div>\n<\/div>\n<\/div>\n<\/div>\n<p><br \/>\n<br \/><a href=\"https:\/\/www.clarin.com\/politica\/caso-seguros-causa-alberto-fernandez-corrupcion-podria-cambiar-juez_0_Z4ZZ9vmfln.html\">Fuente Clarin.com <\/a><\/p>\n","protected":false},"excerpt":{"rendered":"<p>El viernes a las 11 de la ma\u00f1ana la C\u00e1mara Federal de Apelaciones proceder\u00e1 al sorteo para cubrir el Juzgado Federal 11, donde se encuentra radicada la causa contra Alberto Fern\u00e1ndez por presuntos hechos de corrupci\u00f3n, conocida como &#8220;Seguros&#8221;. Hasta ahora, ese despacho fue subrogado por el juez Juli\u00e1n Ercolini, a quien el ex presidente [&hellip;]<\/p>\n","protected":false},"author":1,"featured_media":2484,"comment_status":"open","ping_status":"open","sticky":false,"template":"","format":"standard","meta":{"footnotes":""},"categories":[2],"tags":[579,1150,1663,835,4433,5,1252,1563,142,286],"class_list":["post-2483","post","type-post","status-publish","format-standard","has-post-thumbnail","hentry","category-ultimas-noticias","tag-alberto","tag-cambiar","tag-causa","tag-contra","tag-corrupcion","tag-fernandez","tag-juez","tag-podria","tag-por","tag-que"],"_links":{"self":[{"href":"https:\/\/13.com.ar\/index.php\/wp-json\/wp\/v2\/posts\/2483","targetHints":{"allow":["GET"]}}],"collection":[{"href":"https:\/\/13.com.ar\/index.php\/wp-json\/wp\/v2\/posts"}],"about":[{"href":"https:\/\/13.com.ar\/index.php\/wp-json\/wp\/v2\/types\/post"}],"author":[{"embeddable":true,"href":"https:\/\/13.com.ar\/index.php\/wp-json\/wp\/v2\/users\/1"}],"replies":[{"embeddable":true,"href":"https:\/\/13.com.ar\/index.php\/wp-json\/wp\/v2\/comments?post=2483"}],"version-history":[{"count":0,"href":"https:\/\/13.com.ar\/index.php\/wp-json\/wp\/v2\/posts\/2483\/revisions"}],"wp:featuredmedia":[{"embeddable":true,"href":"https:\/\/13.com.ar\/index.php\/wp-json\/wp\/v2\/media\/2484"}],"wp:attachment":[{"href":"https:\/\/13.com.ar\/index.php\/wp-json\/wp\/v2\/media?parent=2483"}],"wp:term":[{"taxonomy":"category","embeddable":true,"href":"https:\/\/13.com.ar\/index.php\/wp-json\/wp\/v2\/categories?post=2483"},{"taxonomy":"post_tag","embeddable":true,"href":"https:\/\/13.com.ar\/index.php\/wp-json\/wp\/v2\/tags?post=2483"}],"curies":[{"name":"wp","href":"https:\/\/api.w.org\/{rel}","templated":true}]}}