{"id":2479,"date":"2025-02-06T06:49:33","date_gmt":"2025-02-06T09:49:33","guid":{"rendered":"https:\/\/13.com.ar\/index.php\/cual-es-la-pena-que-le-corresponde\/"},"modified":"2025-02-06T06:49:33","modified_gmt":"2025-02-06T09:49:33","slug":"cual-es-la-pena-que-le-corresponde","status":"publish","type":"post","link":"https:\/\/13.com.ar\/index.php\/cual-es-la-pena-que-le-corresponde\/","title":{"rendered":"cu\u00e1l es la pena que le corresponde"},"content":{"rendered":"<p> <br \/>\n<\/p>\n<div id=\"cuerpo\">\n<div class=\"sc-80531b6b-0 chRIGJ container-text text-embed\">\n<p><em>\u201cLa cantidad de lesiones ocasionadas a A.D.B., el arma utilizada y el modo en el que se cometi\u00f3 el hecho es motivo suficiente para considerar que el imputado busc\u00f3, en su plan homicida, <\/em><strong><em>hacer sufrir a su v\u00edctima de un modo cruel,<\/em><\/strong><em> caus\u00e1ndole en forma deliberada un dolor desmesurado<\/em>\u201d.<\/p>\n<\/div>\n<div class=\"sc-80531b6b-0 chRIGJ container-text text-embed\">\n<p><strong>Sergio Ra\u00fal Sarria (40)<\/strong> fue \u201cviolento toda la vida\u201d, seg\u00fan declar\u00f3 su propia hija, que hoy tiene 19 a\u00f1os. El hombre -actor- est\u00e1 acusado de intentar asesinar a su ex pareja, con la que convivi\u00f3 23 a\u00f1os, de al menos <strong>30 pu\u00f1aladas.<\/strong><\/p>\n<\/div>\n<div class=\"sc-80531b6b-0 chRIGJ container-text text-embed\">\n<p>El feroz ataque ocurri\u00f3 el pasado 18 de noviembre en el local de una cadena de pizzer\u00edas ubicada sobre las calles Quesada y Cabildo, del barrio de N\u00fa\u00f1ez.<\/p>\n<\/div>\n<div class=\"sc-80531b6b-0 chRIGJ container-text text-embed\">\n<p>Sarria, actor, standapero y creador de contenidos, qued\u00f3 detenido y a disposici\u00f3n de la <strong>Fiscal\u00eda de Saavedra y N\u00fa\u00f1ez<\/strong>, a cargo del <strong>fiscal Jos\u00e9 Mar\u00eda Campagnoli<\/strong>.<\/p>\n<\/div>\n<div class=\"sc-80531b6b-0 chRIGJ container-text text-embed\">\n<p>La causa fue elevada a juicio ante el Juzgado Nacional en lo Criminal y Correccional N\u00b0 29, que conduce Carina Rodr\u00edguez. Resta ahora sortear el tribunal que juzgar\u00e1 al hombre por el <strong>intento de femicidio<\/strong> de su ex pareja.<\/p>\n<\/div>\n<div class=\"sc-198be8ec-0 cynXbu image-embed  image-embed \"><picture class=\"sc-198be8ec-1 kOjRiQ\"><source media=\"(min-width: 975px)\" width=\"720\" height=\"480\" \/><img alt=\"Sergio Sarria (40) intent\u00f3 matar a su ex en una pizzer\u00eda de N\u00fa\u00f1ez. La v\u00edctima, D\u00e9bora Adriana Barrionuevo (45), zaf\u00f3 de milagro.\" loading=\"lazy\" width=\"720\" height=\"480\" decoding=\"async\" data-nimg=\"1\" style=\"color:transparent\" src=\"https:\/\/13.com.ar\/wp-content\/uploads\/2025\/02\/cual-es-la-pena-que-le-corresponde.jpg\"\/><span class=\"epigraphe\">Sergio Sarria (40) intent\u00f3 matar a su ex en una pizzer\u00eda de N\u00fa\u00f1ez. La v\u00edctima, D\u00e9bora Adriana Barrionuevo (45), zaf\u00f3 de milagro.<\/span><span class=\"bkg\"\/><span class=\"picture-open\"><button class=\"open-image\" aria-label=\"Open Image\"\/><\/span><\/picture><\/div>\n<div class=\"sc-80531b6b-0 chRIGJ container-text text-embed\">\n<p>El art\u00edculo 44 del C\u00f3digo Penal estipula que si la pena prevista para un delito fuere de reclusi\u00f3n perpetua, la pena de la tentativa ser\u00e1 reclusi\u00f3n <strong>de 15 a 20 a\u00f1os<\/strong>. Y si la pena fuese de prisi\u00f3n perpetua, la de tentativa ser\u00e1 prisi\u00f3n <strong>de 10 a 15 a\u00f1os<\/strong>.<\/p>\n<\/div>\n<p><h2>La imputaci\u00f3n de la Justicia<\/h2>\n<\/p>\n<div class=\"sc-80531b6b-0 chRIGJ container-text text-embed\">\n<p>Para Justicia, no caben dudas que Sarria atac\u00f3 \u201c<em>con <\/em><strong><em>sa\u00f1a y crueldad<\/em><\/strong>\u201d a quien fuera su pareja durante m\u00e1s de dos d\u00e9cadas. El hombre la somet\u00eda \u201c<em>a constantes agresiones verbales, psicol\u00f3gicas, econ\u00f3micas y f\u00edsicas<\/em>\u201d, seg\u00fan la acusaci\u00f3n fiscal.<\/p>\n<\/div>\n<div class=\"sc-80531b6b-0 chRIGJ container-text text-embed\">\n<p>El testimonio de su propia hija fue fundamental para establecer el<strong> contexto de violencia de g\u00e9nero <\/strong>en el cual viv\u00eda la v\u00edctima durante su matrimonio y tambi\u00e9n luego de su separaci\u00f3n.<\/p>\n<\/div>\n<div class=\"sc-198be8ec-0 cynXbu image-embed  image-embed \"><picture class=\"sc-198be8ec-1 kOjRiQ\"><source media=\"(min-width: 975px)\" width=\"720\" height=\"480\" \/><img alt=\"El momento del intento de femicidio en una pizzer\u00eda de Belgrano.\" loading=\"lazy\" width=\"720\" height=\"480\" decoding=\"async\" data-nimg=\"1\" style=\"color:transparent\" src=\"https:\/\/13.com.ar\/wp-content\/uploads\/2025\/02\/1738488263_207_No-me-mato-pero-arruino-todo-lo-que-tenia.jpg\"\/><span class=\"epigraphe\">El momento del intento de femicidio en una pizzer\u00eda de Belgrano.<\/span><span class=\"bkg\"\/><span class=\"picture-open\"><button class=\"open-image\" aria-label=\"Open Image\"\/><\/span><\/picture><\/div>\n<div class=\"sc-80531b6b-0 chRIGJ container-text text-embed\">\n<p>\u201c<strong><em>Mi pap\u00e1 violento fue toda la vida,<\/em><\/strong><em> viene de un linaje violento, mi bisabuelo lo era y mi abuelo lo es. Entonces lo que es violencia yo lo vivo desde muy chica<\/em>\u201d, expres\u00f3 la joven, de quien se preserva su identidad.<\/p>\n<\/div>\n<div class=\"sc-80531b6b-0 chRIGJ container-text text-embed\">\n<p>Adem\u00e1s, sostuvo: &#8220;<em>La primera vez que yo presencie un golpe de mi pap\u00e1 a mi mam\u00e1 fue en \u00e9pocas de elecciones, creo que las gan\u00f3 (Mauricio) Macri ese a\u00f1o, me acuerdo que mi pap\u00e1 le rompi\u00f3 la nariz a mi mam\u00e1&#8221;<\/em>.<\/p>\n<\/div>\n<div class=\"sc-80531b6b-0 chRIGJ container-text text-embed\">\n<p><em>&#8220;\u00c9l da miedo, y sobre todo cuando se enoja, grita, da golpes, rompe cosas, <\/em><strong><em>da miedo mi pap\u00e1<\/em><\/strong><em>&#8220;,<\/em> complet\u00f3.<\/p>\n<\/div>\n<div class=\"sc-80531b6b-0 chRIGJ container-text text-embed\">\n<p>En los \u00faltimos a\u00f1os, su mam\u00e1 fue v\u00edctima de golpizas por parte de Sarria, lo que deriv\u00f3 a la decisi\u00f3n de separarse. La mujer estaba en pareja, algo que a al hombre le molest\u00f3.<\/p>\n<\/div>\n<div class=\"sc-198be8ec-0 cynXbu image-embed  image-embed \"><picture class=\"sc-198be8ec-1 kOjRiQ\"><source media=\"(min-width: 975px)\" width=\"720\" height=\"480\" \/><img alt=\"Sergio Ra\u00fal Sarria, el actor y standapero que quiso matar a su ex en una pizzer\u00eda de N\u00fa\u00f1ez.\" loading=\"lazy\" width=\"720\" height=\"480\" decoding=\"async\" data-nimg=\"1\" style=\"color:transparent\" src=\"https:\/\/13.com.ar\/wp-content\/uploads\/2025\/02\/1738835373_789_cual-es-la-pena-que-le-corresponde.jpg\"\/><span class=\"epigraphe\">Sergio Ra\u00fal Sarria, el actor y standapero que quiso matar a su ex en una pizzer\u00eda de N\u00fa\u00f1ez.<\/span><span class=\"bkg\"\/><span class=\"picture-open\"><button class=\"open-image\" aria-label=\"Open Image\"\/><\/span><\/picture><\/div>\n<div class=\"sc-80531b6b-0 chRIGJ container-text text-embed\">\n<p>En su declaraci\u00f3n, la mujer sostuvo que <em>\u201clos maltratos se originaban en aquellos momentos en los que le hac\u00eda alg\u00fan planteo, a ra\u00edz de las infidelidades en las que \u00e9l incurr\u00eda, o por cuestiones de celos\u201d<\/em>.<\/p>\n<\/div>\n<p><h2>El ataque y sus consecuencias<\/h2>\n<\/p>\n<div class=\"sc-80531b6b-0 chRIGJ container-text text-embed\">\n<p>El ataque de Sarria hacia su ex pareja fue aterrador. Para la Justicia, las im\u00e1genes que quedaron grabadas en las c\u00e1maras de seguridad del local <strong>\u201c<em>son brutales<\/em>\u201d.<\/strong><\/p>\n<\/div>\n<div class=\"sc-80531b6b-0 chRIGJ container-text text-embed\">\n<p>El Cuerpo M\u00e9dico Legal contabiliz\u00f3 en el cuerpo de la v\u00edctima al menos <strong>32 lesiones entre golpes y pu\u00f1aladas.<\/strong><\/p>\n<\/div>\n<div class=\"sc-198be8ec-0 cynXbu image-embed  image-embed \"><picture class=\"sc-198be8ec-1 kOjRiQ\"><source media=\"(min-width: 975px)\" width=\"720\" height=\"480\" \/><img alt=\"Sergio Ra\u00fal Sarria, el actor y standapero que quiso matar a su ex en una pizzer\u00eda de N\u00fa\u00f1ez.\" loading=\"lazy\" width=\"720\" height=\"480\" decoding=\"async\" data-nimg=\"1\" style=\"color:transparent\" src=\"https:\/\/13.com.ar\/wp-content\/uploads\/2025\/02\/No-me-mato-pero-arruino-todo-lo-que-tenia.jpg\"\/><span class=\"epigraphe\">Sergio Ra\u00fal Sarria, el actor y standapero que quiso matar a su ex en una pizzer\u00eda de N\u00fa\u00f1ez.<\/span><span class=\"bkg\"\/><span class=\"picture-open\"><button class=\"open-image\" aria-label=\"Open Image\"\/><\/span><\/picture><\/div>\n<div class=\"sc-80531b6b-0 chRIGJ container-text text-embed\">\n<p>La mujer ten\u00eda siete heridas en la cara, dos en el cuello, nueve en el t\u00f3rax, ocho en el abdomen, una lesi\u00f3n en la pierna derecha y cinco lesiones en el brazo izquierdo.<\/p>\n<\/div>\n<div class=\"sc-80531b6b-0 chRIGJ container-text text-embed\">\n<p>\u201c<em>La cantidad de lesiones son prueba de <\/em><strong><em>la sa\u00f1a con la que el agresor fustig\u00f3 a la v\u00edctima<\/em><\/strong><em>, pero deben mencionarse especialmente aquellas concretadas en zonas vitales de su cuerpo -cuello, t\u00f3rax y abdomen-, circunstancia que pone en evidencia su voluntad homicida<\/em>\u201d, asegur\u00f3 la fiscal\u00eda, en su requerimiento de elevaci\u00f3n a juicio.<\/p>\n<\/div>\n<div class=\"sc-80531b6b-0 chRIGJ container-text text-embed\">\n<p>Sarria est\u00e1 detenido en la Alcaid\u00eda Comunal 4 Bis Anexo de la Polic\u00eda de la Ciudad, en V\u00e9lez Sarsfield 170, barrio de Barracas. Solo lo visita su mam\u00e1. A ella le dice estar &#8220;muy mal&#8221; y &#8220;arrepentido&#8221;.<\/p>\n<\/div>\n<div class=\"sc-198be8ec-0 cynXbu image-embed  image-embed \"><picture class=\"sc-198be8ec-1 kOjRiQ\"><source media=\"(min-width: 975px)\" width=\"720\" height=\"480\" \/><img alt=\"Sergio Ra\u00fal Sarria, el actor y standapero que quiso matar a su ex en una pizzer\u00eda de N\u00fa\u00f1ez.\" loading=\"lazy\" width=\"720\" height=\"480\" decoding=\"async\" data-nimg=\"1\" style=\"color:transparent\" src=\"https:\/\/13.com.ar\/wp-content\/uploads\/2025\/02\/1738835373_999_cual-es-la-pena-que-le-corresponde.jpg\"\/><span class=\"epigraphe\">Sergio Ra\u00fal Sarria, el actor y standapero que quiso matar a su ex en una pizzer\u00eda de N\u00fa\u00f1ez.<\/span><span class=\"bkg\"\/><span class=\"picture-open\"><button class=\"open-image\" aria-label=\"Open Image\"\/><\/span><\/picture><\/div>\n<div class=\"sc-80531b6b-0 chRIGJ container-text text-embed\">\n<p>En una entrevista con <strong>Clar\u00edn<\/strong>, la v\u00edctima, Adriana D\u00e9bora Barrionuevo (45), destac\u00f3 que &#8220;la Justicia actu\u00f3 rapid\u00edsimo&#8221;.<\/p>\n<\/div>\n<div class=\"sc-80531b6b-0 chRIGJ container-text text-embed\">\n<p>Y advirti\u00f3: &#8220;Todo este desastre lo ocasion\u00f3 este tipo el d\u00eda que en su ego\u00edsmo, narcisismo y machismo, vino a lastimarme. Siempre pienso que quiso destruirme. <strong>No me mat\u00f3, pero arruin\u00f3 todo lo que ten\u00eda<\/strong>&#8220;.<\/p>\n<\/div>\n<\/div>\n<p><br \/>\n<br \/><a href=\"https:\/\/www.clarin.com\/policiales\/hombre-quiso-matar-ex-pizzeria-nunez-juicio-pena-corresponde_0_JmYY6EFQlp.html\">Fuente Clarin.com <\/a><\/p>\n","protected":false},"excerpt":{"rendered":"<p>\u201cLa cantidad de lesiones ocasionadas a A.D.B., el arma utilizada y el modo en el que se cometi\u00f3 el hecho es motivo suficiente para considerar que el imputado busc\u00f3, en su plan homicida, hacer sufrir a su v\u00edctima de un modo cruel, caus\u00e1ndole en forma deliberada un dolor desmesurado\u201d. Sergio Ra\u00fal Sarria (40) fue \u201cviolento [&hellip;]<\/p>\n","protected":false},"author":1,"featured_media":2480,"comment_status":"open","ping_status":"open","sticky":false,"template":"","format":"standard","meta":{"footnotes":""},"categories":[2],"tags":[4429,373,3536],"class_list":["post-2479","post","type-post","status-publish","format-standard","has-post-thumbnail","hentry","category-ultimas-noticias","tag-corresponde","tag-cual","tag-pena"],"_links":{"self":[{"href":"https:\/\/13.com.ar\/index.php\/wp-json\/wp\/v2\/posts\/2479","targetHints":{"allow":["GET"]}}],"collection":[{"href":"https:\/\/13.com.ar\/index.php\/wp-json\/wp\/v2\/posts"}],"about":[{"href":"https:\/\/13.com.ar\/index.php\/wp-json\/wp\/v2\/types\/post"}],"author":[{"embeddable":true,"href":"https:\/\/13.com.ar\/index.php\/wp-json\/wp\/v2\/users\/1"}],"replies":[{"embeddable":true,"href":"https:\/\/13.com.ar\/index.php\/wp-json\/wp\/v2\/comments?post=2479"}],"version-history":[{"count":0,"href":"https:\/\/13.com.ar\/index.php\/wp-json\/wp\/v2\/posts\/2479\/revisions"}],"wp:featuredmedia":[{"embeddable":true,"href":"https:\/\/13.com.ar\/index.php\/wp-json\/wp\/v2\/media\/2480"}],"wp:attachment":[{"href":"https:\/\/13.com.ar\/index.php\/wp-json\/wp\/v2\/media?parent=2479"}],"wp:term":[{"taxonomy":"category","embeddable":true,"href":"https:\/\/13.com.ar\/index.php\/wp-json\/wp\/v2\/categories?post=2479"},{"taxonomy":"post_tag","embeddable":true,"href":"https:\/\/13.com.ar\/index.php\/wp-json\/wp\/v2\/tags?post=2479"}],"curies":[{"name":"wp","href":"https:\/\/api.w.org\/{rel}","templated":true}]}}