{"id":2476,"date":"2025-02-06T06:44:04","date_gmt":"2025-02-06T09:44:04","guid":{"rendered":"https:\/\/13.com.ar\/index.php\/634-partidos-los-regresos-historicos-de-colegiales-y-central-norte-y-el-equipazo-que-armo-colon-para-ascender-a-la-a\/"},"modified":"2025-02-06T06:44:04","modified_gmt":"2025-02-06T09:44:04","slug":"634-partidos-los-regresos-historicos-de-colegiales-y-central-norte-y-el-equipazo-que-armo-colon-para-ascender-a-la-a","status":"publish","type":"post","link":"https:\/\/13.com.ar\/index.php\/634-partidos-los-regresos-historicos-de-colegiales-y-central-norte-y-el-equipazo-que-armo-colon-para-ascender-a-la-a\/","title":{"rendered":"634 partidos, los regresos hist\u00f3ricos de Colegiales y Central Norte, y el equipazo que arm\u00f3 Col\u00f3n para ascender a la A"},"content":{"rendered":"<p> <br \/>\n<\/p>\n<div id=\"cuerpo\">\n<div class=\"sc-80531b6b-0 chRIGJ container-text text-embed\">\n<p>En el estadio Brigadier General Estanislao L\u00f3pez, el Santos de Pel\u00e9 vio caer su invicto de 43 partidos en mayo de 1964. En el coliseo del barrio Centenario de Santa Fe, 47 a\u00f1os despu\u00e9s, el seleccionado argentino que dirig\u00eda Sergio Batista fue eliminado en los cuartos de final de la Copa Am\u00e9rica 2011 por Uruguay. Y tambi\u00e9n all\u00ed, casi a orillas del R\u00edo Salado, comenzar\u00e1 este jueves <strong>la 41\u00aa edici\u00f3n del torneo de la Primera Nacional<\/strong>: <strong>Col\u00f3n <\/strong>recibir\u00e1 a <strong>Temperley <\/strong>en el primero de los <strong>634 encuentros <\/strong>que se disputar\u00e1n en los pr\u00f3ximos <strong>10 meses <\/strong>y que otorgar\u00e1n <strong>dos ascensos a la Primera Divisi\u00f3n<\/strong>.<\/p>\n<\/div>\n<div class=\"sc-80531b6b-0 chRIGJ container-text text-embed\">\n<p>Con apenas un fin de semana de descanso a principios de junio, al finalizar la primera ronda, y las pausas que imponga el todav\u00eda incierto calendario electoral nacional, el certamen tendr\u00e1 una estructura similar a la del a\u00f1o pasado, aunque la cantidad de participantes ser\u00e1 menor: <strong>se redujo de 38 a 36 <\/strong>debido a que la temporada pasada no hubo descensos desde la Liga Profesional. Los equipos estar\u00e1n divididos en dos zonas de 18 conjuntos y los integrantes de cada grupo se medir\u00e1n dos veces con cada uno de sus 17 adversarios (una como local y una como visitante).<\/p>\n<\/div>\n<div class=\"sc-80531b6b-0 chRIGJ container-text text-embed\">\n<p>Al completarse las 34 fechas de esa primera etapa, los l\u00edderes de cada zona se enfrentar\u00e1n en una final, a partido \u00fanico y en campo neutral, por el t\u00edtulo y el primer ascenso. El segundo boleto a la Primera Divisi\u00f3n se resolver\u00e1 en un Reducido en el que competir\u00e1n el perdedor de la final y los conjuntos que terminen entre el segundo y el octavo puesto de cada grupo. As\u00ed, el elenco que se consagre campe\u00f3n lo har\u00e1 tras haber jugado <strong>35 partidos en el a\u00f1o<\/strong>, mientras que el que consiga el segundo ascenso <strong>habr\u00e1 disputado 41 encuentros<\/strong>.<\/p>\n<\/div>\n<div class=\"sc-80531b6b-0 chRIGJ container-text text-embed\">\n<p>Si bien el n\u00famero de competidores ser\u00e1 menor que en 2024, la cantidad de descensos ser\u00e1 mayor, ya que este a\u00f1o ser\u00e1n cuatro (y no tres) los conjuntos que perder\u00e1n a fin de a\u00f1o su lugar en la Primera Nacional y caer\u00e1n a la Primera B o al Torneo Federal A, seg\u00fan est\u00e9n directa o indirectamente afiliados a la Asociaci\u00f3n del F\u00fatbol Argentino: correr\u00e1n esa suerte el pen\u00faltimo y el \u00faltimo de cada una de las zonas.<\/p>\n<\/div>\n<div class=\"sc-80531b6b-0 chRIGJ container-text text-embed\">\n<p>En este torneo ya no estar\u00e1n Aldosivi y San Mart\u00edn de San Juan, que ya est\u00e1n compitiendo en el Torneo Apertura de Primera, ni Guillermo Brown de Puerto Madryn, Atl\u00e9tico de Rafaela y Brown de Adrogu\u00e9, que descendieron el a\u00f1o pasado. En cambio, se sumar\u00e1n <strong>Colegiales<\/strong>, campe\u00f3n de la Primera B, que jugar\u00e1 en la segunda divisi\u00f3n del f\u00fatbol argentino por primera en casi siete d\u00e9cadas (su \u00faltima participaci\u00f3n fue en el certamen de 1956 de la vieja Primera B); <strong>Central Norte<\/strong>, campe\u00f3n del Torneo Federal A, que regresar\u00e1 al Nacional tras 37 a\u00f1os (solo particip\u00f3 en la primera edici\u00f3n, en la temporada 1986\/87), y <strong>Los Andes<\/strong>, que le gan\u00f3 la final por el tercer ascenso a Sarmiento de La Banda y volvi\u00f3 a la categor\u00eda de la que se hab\u00eda despedido en abril de 2019.<\/p>\n<\/div>\n<div class=\"sc-198be8ec-0 cynXbu image-embed  image-embed \"><picture class=\"sc-198be8ec-1 kOjRiQ\"><source media=\"(min-width: 975px)\" width=\"720\" height=\"480\" \/><img alt=\"Marcos D\u00edaz y Ariel Pereyra, el arquero y el entrenador con los que Col\u00f3n buscar\u00e1 el ascenso. Foto: Club Atl\u00e9tico Col\u00f3n.\" loading=\"lazy\" width=\"720\" height=\"480\" decoding=\"async\" data-nimg=\"1\" style=\"color:transparent\" src=\"https:\/\/www.clarin.com\/img\/2025\/02\/04\/tz5gvXzRw_720x0__1.jpg\"\/><span class=\"epigraphe\">Marcos D\u00edaz y Ariel Pereyra, el arquero y el entrenador con los que Col\u00f3n buscar\u00e1 el ascenso. Foto: Club Atl\u00e9tico Col\u00f3n.<\/span><span class=\"bkg\"\/><span class=\"picture-open\"><button class=\"open-image\" aria-label=\"Open Image\"\/><\/span><\/picture><\/div>\n<div class=\"sc-80531b6b-0 chRIGJ container-text text-embed\">\n<p>Como es habitual en la Primera Nacional, fue febril la actividad durante el per\u00edodo de inscripciones y transferencias de futbolistas (que se extender\u00e1 hasta el 13 de febrero), y los planteles experimentaron fuertes restructuraciones. El encuentro que abrir\u00e1 la temporada en el <em>Cementerio de los Elefantes<\/em> encontrar\u00e1 frente a frente a <strong>dos de los equipos que se movieron mucho y bien en este mercado de pases<\/strong>.<\/p>\n<\/div>\n<div class=\"sc-80531b6b-0 chRIGJ container-text text-embed\">\n<p>Para su segundo intento de volver a Primera despu\u00e9s de un frustrante 2024, Col\u00f3n tendr\u00e1 como pilares a hombres de vast\u00edsima experiencia en la elite y que ya vistieron la casaca del club. El m\u00e1s destacado es el delantero <strong>Emmanuel Gigliotti <\/strong>y tras \u00e9l se encolumnan el arquero <strong>Marcos D\u00edaz <\/strong>y el zaguero central <strong>Guillermo Ortiz<\/strong>. En este nuevo ciclo, el plantel estar\u00e1 conducido por un entrenador debutante y que como jugador tambi\u00e9n represent\u00f3 al <em>Sabalero<\/em>: <strong>Ariel Pereyra<\/strong>. \u201cEs un perfil funcional a lo que queremos: un t\u00e9cnico capacitado, pedag\u00f3gico y que puede insertar juveniles en el futbol profesional\u201d, explic\u00f3 el director deportivo, <strong>Iv\u00e1n Moreno y Fabianesi<\/strong>.<\/p>\n<\/div>\n<div class=\"sc-198be8ec-0 cynXbu image-embed  image-embed \"><picture class=\"sc-198be8ec-1 kOjRiQ\"><source media=\"(min-width: 975px)\" width=\"720\" height=\"480\" \/><img alt=\"Gabriel Hauche regres\u00f3 a Temperley despu\u00e9s de casi 19 a\u00f1os. Foto: Club Atl\u00e9tico Temperley.\" loading=\"lazy\" width=\"720\" height=\"480\" decoding=\"async\" data-nimg=\"1\" style=\"color:transparent\" src=\"https:\/\/www.clarin.com\/img\/2025\/02\/04\/lgMOC2Dqk_720x0__1.jpg\"\/><span class=\"epigraphe\">Gabriel Hauche regres\u00f3 a Temperley despu\u00e9s de casi 19 a\u00f1os. Foto: Club Atl\u00e9tico Temperley.<\/span><span class=\"bkg\"\/><span class=\"picture-open\"><button class=\"open-image\" aria-label=\"Open Image\"\/><\/span><\/picture><\/div>\n<div class=\"sc-80531b6b-0 chRIGJ container-text text-embed\">\n<p>Temperley, ahora dirigido por <strong>An\u00edbal Biggeri<\/strong>, tambi\u00e9n apost\u00f3 a la recuperaci\u00f3n de jugadores con antecedentes en el club. Entre ellos, el m\u00e1s destacado es <strong>Gabriel Hauche<\/strong>: el delantero de 38 a\u00f1os, que fue campe\u00f3n con Racing, brill\u00f3 en Argentinos Juniors e incluso represent\u00f3 al seleccionado argentino, regres\u00f3 al <em>Gasolero<\/em>, en el que debut\u00f3 como profesional hace dos d\u00e9cadas. Tambi\u00e9n volvieron al <em>Celeste <\/em><strong>Adri\u00e1n Arregui<\/strong>, <strong>Fernando Brand\u00e1n <\/strong>y <strong>Luciano Nieto<\/strong>, y se incorporaron, entre otros, los experimentados <strong>Javier Toledo <\/strong>(se perder\u00e1 el debut por una lesi\u00f3n), <strong>Claudio Pombo <\/strong>y el arquero <strong>Ezequiel Mastrol\u00eda<\/strong>.<\/p>\n<\/div>\n<div class=\"sc-80531b6b-0 chRIGJ container-text text-embed\">\n<p>La contrataci\u00f3n de futbolistas con s\u00f3lido recorrido en Primera fue un recurso al que muchos clubes echaron mano. Defensores de Belgrano sum\u00f3 al rosarino <strong>Emiliano Vecchio<\/strong>, Quilmes incorpor\u00f3 a <strong>Leonel Vangioni<\/strong>, Ferro contar\u00e1 con <strong>Gonzalo Castellani <\/strong>y <strong>Fernando Monetti<\/strong>, Arsenal se hizo con los servicios de <strong>Ciro Rius <\/strong>y Talleres de Remedios de Escalada ser\u00e1 el nuevo destino de <strong>Nelson Acevedo<\/strong>.<\/p>\n<\/div>\n<div class=\"sc-198be8ec-0 cynXbu image-embed  image-embed \"><picture class=\"sc-198be8ec-1 kOjRiQ\"><source media=\"(min-width: 975px)\" width=\"720\" height=\"480\" \/><img alt=\"Emiliano Vecchio vestir\u00e1 la camiseta de Defensores de Belgrano tras jugar la \u00faltima temporada en Uni\u00f3n Espa\u00f1ola de Chile. Foto: Club Atl\u00e9tico Defensores de Belgrano.\" loading=\"lazy\" width=\"720\" height=\"480\" decoding=\"async\" data-nimg=\"1\" style=\"color:transparent\" src=\"https:\/\/www.clarin.com\/img\/2025\/02\/04\/dQCTcIJI4_720x0__1.jpg\"\/><span class=\"epigraphe\">Emiliano Vecchio vestir\u00e1 la camiseta de Defensores de Belgrano tras jugar la \u00faltima temporada en Uni\u00f3n Espa\u00f1ola de Chile. Foto: Club Atl\u00e9tico Defensores de Belgrano.<\/span><span class=\"bkg\"\/><span class=\"picture-open\"><button class=\"open-image\" aria-label=\"Open Image\"\/><\/span><\/picture><\/div>\n<div class=\"sc-80531b6b-0 chRIGJ container-text text-embed\">\n<p>Pero si un club de la Primera Nacional hizo ruido durante estas semanas fue <strong>San Miguel<\/strong>. Apalancado por el dinero que recibe por un contrato de patrocinio, <strong>seg\u00fan explic\u00f3 a Clar\u00edn Federico Almada, presidente de la instituci\u00f3n<\/strong> (y, a la saz\u00f3n, propietario de la empresa que aporta esos fondos), el <em>Trueno Verde<\/em> contrat\u00f3 a <strong>Sebasti\u00e1n Battaglia <\/strong>como entrenador y configur\u00f3 un plantel con hombres con antecedentes en Primera como el uruguayo <strong>Brahian Aleman<\/strong>, <strong>Gino Peruzzi <\/strong>y <strong>Cristian Erbes<\/strong>.<\/p>\n<\/div>\n<div class=\"sc-80531b6b-0 chRIGJ container-text text-embed\">\n<p>Pero no solo eso: tambi\u00e9n sum\u00f3 a jugadores que ya han demostrado su val\u00eda en esta categor\u00eda. Los dos m\u00e1ximos anotadores de la temporada pasada, <strong>Agust\u00edn Lavezzi <\/strong>(Trist\u00e1n Su\u00e1rez) y <strong>Bruno Nasta <\/strong>(Racing de C\u00f3rdoba), vestir\u00e1n este a\u00f1o de verdiblanco. Tambi\u00e9n lo har\u00e1n el zaguero <strong>Ezequiel Parnisari<\/strong>, los mediocampistas <strong>Claudio Mosca <\/strong>y <strong>Gustavo Turraca<\/strong>, y los delanteros <strong>Emanuel Dening <\/strong>y <strong>Lautaro Parisi<\/strong>. La misi\u00f3n de Battaglia ser\u00e1 transformar ese vistoso plantel en un gran equipo.<\/p>\n<\/div>\n<div class=\"sc-198be8ec-0 cynXbu image-embed  image-embed \"><picture class=\"sc-198be8ec-1 kOjRiQ\"><source media=\"(min-width: 975px)\" width=\"720\" height=\"480\" \/><img alt=\"Sebasti\u00e1n Battaglia tendr\u00e1 en San Miguel su segunda experiencia en la Primera Nacional: dirigi\u00f3 a Almagro en 2018. Foto: Club Atl\u00e9tico San Miguel.\" loading=\"lazy\" width=\"720\" height=\"480\" decoding=\"async\" data-nimg=\"1\" style=\"color:transparent\" src=\"https:\/\/www.clarin.com\/img\/2025\/02\/04\/7AFv8L1cs_720x0__1.jpg\"\/><span class=\"epigraphe\">Sebasti\u00e1n Battaglia tendr\u00e1 en San Miguel su segunda experiencia en la Primera Nacional: dirigi\u00f3 a Almagro en 2018. Foto: Club Atl\u00e9tico San Miguel.<\/span><span class=\"bkg\"\/><span class=\"picture-open\"><button class=\"open-image\" aria-label=\"Open Image\"\/><\/span><\/picture><\/div>\n<div class=\"sc-80531b6b-0 chRIGJ container-text text-embed\">\n<p>No ser\u00e1 sencillo ese reto para el exentrenador de Boca en un certamen en que la reuni\u00f3n de futbolistas de renombre no garantiza \u00e9xito y que varias veces ha visto claudicar a equipos que parec\u00edan destinados al ascenso. De ello puede dar cuenta San Mart\u00edn de Tucum\u00e1n, que el a\u00f1o pasado fue el conjunto que m\u00e1s puntos sum\u00f3, que m\u00e1s victorias logr\u00f3, que menos derrotas sufri\u00f3 y que menos goles recibi\u00f3 en la etapa regular, y que finalmente se qued\u00f3 con las manos vac\u00edas. Como en la f\u00e1bula de la liebre y la tortuga, el premio reci\u00e9n puede abrazarse cuando se cruza la l\u00ednea de meta. <strong>Y para ello faltan unos cuantos meses<\/strong>.<\/p>\n<\/div>\n<p><h2>As\u00ed se jugar\u00e1 la primera fecha<\/h2>\n<\/p>\n<p><h3>ZONA A<\/h3>\n<\/p>\n<div class=\"sc-80531b6b-0 chRIGJ container-text text-embed\">\n<p><strong>17.00<\/strong> Colegiales &#8211; Alvarado<\/p>\n<\/div>\n<div class=\"sc-80531b6b-0 chRIGJ container-text text-embed\">\n<p><strong>17.00<\/strong> San Miguel &#8211; Trist\u00e1n Su\u00e1rez<\/p>\n<\/div>\n<div class=\"sc-80531b6b-0 chRIGJ container-text text-embed\">\n<p><strong>17.00<\/strong> Quilmes &#8211; Gimnasia y Tiro<\/p>\n<\/div>\n<div class=\"sc-80531b6b-0 chRIGJ container-text text-embed\">\n<p><strong>17.00<\/strong> Almagro &#8211; San Mart\u00edn de Tucum\u00e1n<\/p>\n<\/div>\n<div class=\"sc-80531b6b-0 chRIGJ container-text text-embed\">\n<p><strong>17.00<\/strong> Los Andes &#8211; Patronato<\/p>\n<\/div>\n<div class=\"sc-80531b6b-0 chRIGJ container-text text-embed\">\n<p><strong>19.00<\/strong> Racing de C\u00f3rdoba &#8211; Deportivo Maip\u00fa<\/p>\n<\/div>\n<div class=\"sc-80531b6b-0 chRIGJ container-text text-embed\">\n<p><strong>19.00<\/strong> Atlanta &#8211; Deportivo Madryn<\/p>\n<\/div>\n<p><h3>ZONA B<\/h3>\n<\/p>\n<div class=\"sc-80531b6b-0 chRIGJ container-text text-embed\">\n<p><strong>19.00<\/strong> Nueva Chicago &#8211; San Telmo<\/p>\n<\/div>\n<div class=\"sc-80531b6b-0 chRIGJ container-text text-embed\">\n<p><strong>21.30<\/strong> Chaco For Ever &#8211; Estudiantes<\/p>\n<\/div>\n<div class=\"sc-80531b6b-0 chRIGJ container-text text-embed\">\n<p><strong>20.30<\/strong> Gimnasia de Mendoza &#8211; Estudiantes de R\u00edo Cuarto<\/p>\n<\/div>\n<div class=\"sc-80531b6b-0 chRIGJ container-text text-embed\">\n<p><strong>17.00<\/strong> Mitre &#8211; Defensores Unidos<\/p>\n<\/div>\n<div class=\"sc-80531b6b-0 chRIGJ container-text text-embed\">\n<p><strong>17.00<\/strong> Central Norte &#8211; Talleres de Remedios de Escalada<\/p>\n<\/div>\n<div class=\"sc-80531b6b-0 chRIGJ container-text text-embed\">\n<p><strong>17.00<\/strong> Gimnasia de Jujuy &#8211; Defensores de Belgrano<\/p>\n<\/div>\n<div class=\"sc-80531b6b-0 chRIGJ container-text text-embed\">\n<p><strong>19.15<\/strong> Almirante Brown &#8211; Deportivo Mor\u00f3n<\/p>\n<\/div>\n<div class=\"sc-80531b6b-0 chRIGJ container-text text-embed\">\n<p><strong>21.30<\/strong> Agropecuario &#8211; Chacarita<\/p>\n<\/div>\n<\/div>\n<p><br \/>\n<br \/><a href=\"https:\/\/www.clarin.com\/deportes\/vuelve-primera-nacional-634-partidos-regresos-historicos-colegiales-central-norte-equipazo-armo-colon-ascender_0_F4rbWzGUYr.html\">Fuente Clarin.com <\/a><\/p>\n","protected":false},"excerpt":{"rendered":"<p>En el estadio Brigadier General Estanislao L\u00f3pez, el Santos de Pel\u00e9 vio caer su invicto de 43 partidos en mayo de 1964. En el coliseo del barrio Centenario de Santa Fe, 47 a\u00f1os despu\u00e9s, el seleccionado argentino que dirig\u00eda Sergio Batista fue eliminado en los cuartos de final de la Copa Am\u00e9rica 2011 por Uruguay. [&hellip;]<\/p>\n","protected":false},"author":1,"featured_media":0,"comment_status":"open","ping_status":"open","sticky":false,"template":"","format":"standard","meta":{"footnotes":""},"categories":[2],"tags":[4422,4424,1958,4420,4423,4421,4419,28,2188,16,514,4418],"class_list":["post-2476","post","type-post","status-publish","format-standard","hentry","category-ultimas-noticias","tag-armo","tag-ascender","tag-central","tag-colegiales","tag-colon","tag-equipazo","tag-historicos","tag-los","tag-norte","tag-para","tag-partidos","tag-regresos"],"_links":{"self":[{"href":"https:\/\/13.com.ar\/index.php\/wp-json\/wp\/v2\/posts\/2476","targetHints":{"allow":["GET"]}}],"collection":[{"href":"https:\/\/13.com.ar\/index.php\/wp-json\/wp\/v2\/posts"}],"about":[{"href":"https:\/\/13.com.ar\/index.php\/wp-json\/wp\/v2\/types\/post"}],"author":[{"embeddable":true,"href":"https:\/\/13.com.ar\/index.php\/wp-json\/wp\/v2\/users\/1"}],"replies":[{"embeddable":true,"href":"https:\/\/13.com.ar\/index.php\/wp-json\/wp\/v2\/comments?post=2476"}],"version-history":[{"count":0,"href":"https:\/\/13.com.ar\/index.php\/wp-json\/wp\/v2\/posts\/2476\/revisions"}],"wp:attachment":[{"href":"https:\/\/13.com.ar\/index.php\/wp-json\/wp\/v2\/media?parent=2476"}],"wp:term":[{"taxonomy":"category","embeddable":true,"href":"https:\/\/13.com.ar\/index.php\/wp-json\/wp\/v2\/categories?post=2476"},{"taxonomy":"post_tag","embeddable":true,"href":"https:\/\/13.com.ar\/index.php\/wp-json\/wp\/v2\/tags?post=2476"}],"curies":[{"name":"wp","href":"https:\/\/api.w.org\/{rel}","templated":true}]}}