{"id":24541,"date":"2025-05-12T12:38:30","date_gmt":"2025-05-12T15:38:30","guid":{"rendered":"https:\/\/13.com.ar\/index.php\/cuales-fueron-los-10-modelos-mas-vendidos\/"},"modified":"2025-05-12T12:38:30","modified_gmt":"2025-05-12T15:38:30","slug":"cuales-fueron-los-10-modelos-mas-vendidos","status":"publish","type":"post","link":"https:\/\/13.com.ar\/index.php\/cuales-fueron-los-10-modelos-mas-vendidos\/","title":{"rendered":"cu\u00e1les fueron los 10 modelos m\u00e1s vendidos"},"content":{"rendered":"<p> <br \/>\n<br \/><img decoding=\"async\" src=\"https:\/\/13.com.ar\/wp-content\/uploads\/2025\/05\/cuales-fueron-los-10-modelos-mas-vendidos.jpg\" \/><\/p>\n<div id=\"element-body-0\">\n<p>La venta de autos usados<strong> bati\u00f3 todos los r\u00e9cords de abril.<\/strong> registrando las mejores cifras desde 1995, a\u00f1o en el que comenzaron a tomarse los registros estad\u00edsticos.<\/p>\n<\/div>\n<div id=\"element-body-1\">\n<p>La C\u00e1mara del Comercio Automotor (CCA) inform\u00f3 que el mes pasado se comercializaron <strong>158.960 veh\u00edculos usados<\/strong>, lo que representa un crecimiento del 16,69% respecto de 2024 (136.230 unidades) y del 11,6% en comparaci\u00f3n con marzo.<\/p>\n<\/div>\n<div id=\"element-body-2\">\n<p>A su vez, las transferencias del primer cuatrimestre alcanzaron las <strong>620.383 unidades<\/strong>, un aumento del 33,54% con respecto al mismo per\u00edodo de 2024 (464.562 veh\u00edculos).<\/p>\n<\/div>\n<div id=\"element-body-3\">\n<p>\u201cTerminamos de atravesar el mejor mes de abril desde que se tienen registros mensuales de venta de autos usados a nivel nacional, y el interior se est\u00e1 transformando en la locomotora que empuja los n\u00fameros de venta para arriba\u201d, declar\u00f3 Alejandro Lamas, secretario de la CCA.<\/p>\n<\/div>\n<div id=\"element-body-5\">\n<p>El reporte de la CCA determina que La Rioja (71,87%), Chaco (68,02%) y Formosa (67,50%) fueron las provincias que m\u00e1s crecieron en el primer cuatrimestre respecto de 2024. <\/p>\n<\/div>\n<div id=\"element-body-6\">\n<p>Mientras que la provincia de Buenos Aires sigue liderando en el ranking de operaciones (235.301 transferencias), seguida por C\u00f3rdoba (73.548) y Ciudad de Buenos Aires (56.288). <\/p>\n<\/div>\n<div id=\"element-body-7\">\n<p>Desde la CCA tambi\u00e9n destacaron que la salida del cepo ha tenido una incidencia particular para el comercio de autos, llevando a una situaci\u00f3n de mayor normalidad y transparencia. Mientras que esperan que &#8220;los planes de financiaci\u00f3n puedan seguir acomodando las tasas hacia abajo&#8221;. <\/p>\n<\/div>\n<div id=\"element-body-8\">\n<p>Si bien el mercado de autos de reposici\u00f3n atraviesa un crecimiento sostenido, habr\u00e1 que esperar qu\u00e9 pasa en mayo, el primer mes del a\u00f1o en el que las listas de precios referenciales registraron aumentos de hasta un 10%.<\/p>\n<\/div>\n<div id=\"element-body-10\">\n<p>\u201cDe continuar por este sendero, las expectativas se mantienen muy positivas\u201d, concluy\u00f3 Lamas.<\/p>\n<\/div>\n<div id=\"element-body-12\">\n<p>El <strong>Volkswagen Gol <\/strong>volvi\u00f3 a ser el preferido del mercado de reposici\u00f3n, manteniendo el liderazgo absoluto durante al menos los \u00faltimos 10 a\u00f1os. En total se vendieron 8.784 unidades del modelo que fue discontinuado como 0 km a inicios de 2022.<\/p>\n<\/div>\n<div id=\"element-body-14\">\n<p>El podio se mantuvo inalterable respecto de marzo. En segundo lugar qued\u00f3 la <strong>Toyota Hilux<\/strong>, la pickup m\u00e1s vendida tambi\u00e9n entre los 0 km. La camioneta producida en Z\u00e1rate, provincia de Buenos Aires, registr\u00f3 6.206 transferencias.<\/p>\n<\/div>\n<div id=\"element-body-15\">\n<p>Mientras que el <strong>Chevrolet Corsa\/Classic<\/strong> -otro modelo discontinuado hace a\u00f1os- ocup\u00f3 el tercer lugar con 4.901 ventas. El Corsa, junto al Gol, Fiat Palio, Ford Ka y Peugeot 208 son las opciones m\u00e1s econ\u00f3micas dentro de los veh\u00edculos m\u00e1s buscados por el p\u00fablico.<\/p>\n<\/div>\n<p><br \/>\n<br \/><a href=\"https:\/\/www.clarin.com\/autos\/venta-autos-usados-mejor-abril-ultimos-30-anos-10-modelos-vendidos_0_7yAOiqxcVN.html\">Fuente Clarin.com <\/a><\/p>\n","protected":false},"excerpt":{"rendered":"<p>La venta de autos usados bati\u00f3 todos los r\u00e9cords de abril. registrando las mejores cifras desde 1995, a\u00f1o en el que comenzaron a tomarse los registros estad\u00edsticos. La C\u00e1mara del Comercio Automotor (CCA) inform\u00f3 que el mes pasado se comercializaron 158.960 veh\u00edculos usados, lo que representa un crecimiento del 16,69% respecto de 2024 (136.230 unidades) [&hellip;]<\/p>\n","protected":false},"author":1,"featured_media":24542,"comment_status":"open","ping_status":"open","sticky":false,"template":"","format":"standard","meta":{"footnotes":""},"categories":[2],"tags":[224,55,28,155,2495,1504],"class_list":["post-24541","post","type-post","status-publish","format-standard","has-post-thumbnail","hentry","category-ultimas-noticias","tag-cuales","tag-fueron","tag-los","tag-mas","tag-modelos","tag-vendidos"],"_links":{"self":[{"href":"https:\/\/13.com.ar\/index.php\/wp-json\/wp\/v2\/posts\/24541","targetHints":{"allow":["GET"]}}],"collection":[{"href":"https:\/\/13.com.ar\/index.php\/wp-json\/wp\/v2\/posts"}],"about":[{"href":"https:\/\/13.com.ar\/index.php\/wp-json\/wp\/v2\/types\/post"}],"author":[{"embeddable":true,"href":"https:\/\/13.com.ar\/index.php\/wp-json\/wp\/v2\/users\/1"}],"replies":[{"embeddable":true,"href":"https:\/\/13.com.ar\/index.php\/wp-json\/wp\/v2\/comments?post=24541"}],"version-history":[{"count":0,"href":"https:\/\/13.com.ar\/index.php\/wp-json\/wp\/v2\/posts\/24541\/revisions"}],"wp:featuredmedia":[{"embeddable":true,"href":"https:\/\/13.com.ar\/index.php\/wp-json\/wp\/v2\/media\/24542"}],"wp:attachment":[{"href":"https:\/\/13.com.ar\/index.php\/wp-json\/wp\/v2\/media?parent=24541"}],"wp:term":[{"taxonomy":"category","embeddable":true,"href":"https:\/\/13.com.ar\/index.php\/wp-json\/wp\/v2\/categories?post=24541"},{"taxonomy":"post_tag","embeddable":true,"href":"https:\/\/13.com.ar\/index.php\/wp-json\/wp\/v2\/tags?post=24541"}],"curies":[{"name":"wp","href":"https:\/\/api.w.org\/{rel}","templated":true}]}}