{"id":24507,"date":"2025-05-12T11:05:28","date_gmt":"2025-05-12T14:05:28","guid":{"rendered":"https:\/\/13.com.ar\/index.php\/la-sorpresiva-confesion-de-la-hija-de-wanda-nara-sobre-la-hija-de-la-china-suarez\/"},"modified":"2025-05-12T11:05:28","modified_gmt":"2025-05-12T14:05:28","slug":"la-sorpresiva-confesion-de-la-hija-de-wanda-nara-sobre-la-hija-de-la-china-suarez","status":"publish","type":"post","link":"https:\/\/13.com.ar\/index.php\/la-sorpresiva-confesion-de-la-hija-de-wanda-nara-sobre-la-hija-de-la-china-suarez\/","title":{"rendered":"La sorpresiva confesi\u00f3n de la hija de Wanda Nara sobre la hija de la China Su\u00e1rez"},"content":{"rendered":"<p> <br \/>\n<br \/><img decoding=\"async\" src=\"https:\/\/13.com.ar\/wp-content\/uploads\/2025\/05\/La-sorpresiva-confesion-de-la-hija-de-Wanda-Nara-sobre.jpg\" \/><\/p>\n<div id=\"element-body-0\">\n<p>Es sabido que <strong>Wanda Nara y Eugenia &#8220;La China&#8221; Su\u00e1rez<\/strong> no tienen la mejor relaci\u00f3n desde que se destap\u00f3 el &#8220;<strong>Wandagate<\/strong>&#8220;, pero ahora trascendi\u00f3 c\u00f3mo se llevan las hijas de ambas, <strong>Francesca y Magnolia.<\/strong><\/p>\n<\/div>\n<div id=\"element-body-1\">\n<p>Desde que La China Su\u00e1rez comenz\u00f3 una relaci\u00f3n amorosa con Mauro Icardi, los hijos de ambos compartieron algunos d\u00edas juntos durante el pasado verano, en la <strong>&#8220;casa de los sue\u00f1os&#8221; de Wanda.<\/strong><\/p>\n<\/div>\n<div id=\"element-body-2\">\n<p>As\u00ed fue como <strong>Francesca e Isabella Icardi<\/strong> pasaron las fiestas en diciembre y enero junto a <strong>Magnolia y Amancio Vicu\u00f1a.<\/strong><\/p>\n<\/div>\n<div id=\"element-body-3\">\n<p>Cabe aclarar que <strong>Rufina Cabr\u00e9<\/strong> no estaba en ese momento junto a su mam\u00e1, ya que se hab\u00eda ido a la Costa Argentina con su pap\u00e1 Nicol\u00e1s Cabr\u00e9.<\/p>\n<\/div>\n<div id=\"element-body-4\">\n<p>Ahora, un par de meses m\u00e1s tarde y en medio de una fuerte batalla judicial entre Mauro y Wanda por la tenencia de las menores, la medi\u00e1tica hizo una transmisi\u00f3n donde <strong>la peque\u00f1a revel\u00f3 c\u00f3mo se lleva con su &#8220;hermanastra&#8221;.<\/strong><\/p>\n<\/div>\n<div id=\"element-body-5\">\n<p>Mientras la mayor de las hermanas Nara hac\u00eda un vivo desde su perfil de Instagram, donde la siguen m\u00e1s de 17 millones de personas, su hija Francesca se mostraba junto a ella.<\/p>\n<\/div>\n<div id=\"element-body-6\">\n<p>En medio de esta interacci\u00f3n con sus seguidores, uno de ellos le pregunt\u00f3 a la ni\u00f1a de diez a\u00f1os, a trav\u00e9s de un comentario, <strong>c\u00f3mo era su relaci\u00f3n con Magnolia Vicu\u00f1a, una de las hijas de La China.<\/strong><\/p>\n<\/div>\n<div id=\"element-body-8\">\n<p>La peque\u00f1a ley\u00f3 la consulta y, sin dudarlo, contest\u00f3 de manera tajante:<strong> &#8220;Mal, re mal&#8221;. <\/strong>Mientras tanto, Wanda se hac\u00eda la desentendida y respond\u00eda otros saludos.<\/p>\n<\/div>\n<div id=\"element-body-10\">\n<p>El recorte de ese video se hizo viral y la ex de Maxi L\u00f3pez recibi\u00f3 fuertes cr\u00edticas por exponer as\u00ed a su hija, que es menor de edad, a los conflictos entre adultos. <\/p>\n<\/div>\n<div id=\"element-body-12\">\n<p>A fines de abril, cuando la Justicia determin\u00f3<strong> la suspensi\u00f3n del encuentro vincular<\/strong> del futbolista con las hijas que tiene en com\u00fan con Wanda Nara, su representante legal, Lara Piro, rompi\u00f3 el silencio.<\/p>\n<\/div>\n<div id=\"element-body-13\">\n<p>Todo surgi\u00f3 a ra\u00edz de que Mauro reuniera a Francesca e Isabella con su pareja actual, desobedeciendo la norma impuesta por el Ministerio P\u00fablico Tutelar (MPT), lo que gener\u00f3 un nuevo esc\u00e1ndalo.<\/p>\n<\/div>\n<div id=\"element-body-14\">\n<div class=\"sc-c2c2a3c6-1 kQhBlc videoText videoText\">\n<h2>Video<\/h2>\n<p>Habl\u00f3 la abogada de Mauro Icardi<\/p>\n<\/div>\n<\/div>\n<div id=\"element-body-15\">\n<p>Sobre esto, habl\u00f3 la abogada de Icardi en <em>Lape Club Social<\/em> (Am\u00e9rica TV): &#8220;<strong>Mauro sab\u00eda que no ten\u00eda que estar con La China Su\u00e1rez, es pol\u00e9mico<\/strong>\u2026 No vamos a decir que no sab\u00eda. Pero, m\u00e1s all\u00e1 de que la medida estaba apelada, Mauro entiende que es su derecho y en esto las abogadas lo acompa\u00f1amos&#8221;. <\/p>\n<\/div>\n<div id=\"element-body-16\">\n<p>En ese sentido, Piro arremeti\u00f3 contra el entonces novio de Wanda: &#8220;Esto es injusto. Las nenas pueden estar siendo vinculadas con el se\u00f1or Eli\u00e1n Valenzuela (L-Gante) en dudoso estado cognitivo como estaba en los videos que fueron de p\u00fablico conocimiento, un se\u00f1or que fue condenado por la Justicia, que tiene una adicci\u00f3n reconocida, que su propio representante dijo p\u00fablicamente que necesita asistencia&#8221;. <\/p>\n<\/div>\n<div id=\"element-body-18\">\n<p>Luego, respecto al v\u00ednculo entre las hijas de Icardi y La China, Lara explic\u00f3: &#8220;<strong>No hay una causal objetiva para que no puedan estar con Eugenia, no es una persona nociva<\/strong>. Es el capricho de Wanda Nara&#8221;. <\/p>\n<\/div>\n<div id=\"element-body-19\">\n<p>&#8220;<strong>Las chicas no dicen que no quieren ver a Eugenia<\/strong>. Si las ven con Eugenia, est\u00e1n felices con ella y se r\u00eden y se divierten,<strong> sobre todo con los hijos de Eugenia, juegan much\u00edsimo<\/strong>&#8220;, cerr\u00f3 en aquella comunicaci\u00f3n telef\u00f3nica. <\/p>\n<\/div>\n<p><br \/>\n<br \/><a href=\"https:\/\/www.clarin.com\/fama\/sorpresiva-confesion-hija-wanda-nara-hija-china-suarez_0_VmBY6TN2VC.html\">Fuente Clarin.com <\/a><\/p>\n","protected":false},"excerpt":{"rendered":"<p>Es sabido que Wanda Nara y Eugenia &#8220;La China&#8221; Su\u00e1rez no tienen la mejor relaci\u00f3n desde que se destap\u00f3 el &#8220;Wandagate&#8220;, pero ahora trascendi\u00f3 c\u00f3mo se llevan las hijas de ambas, Francesca y Magnolia. Desde que La China Su\u00e1rez comenz\u00f3 una relaci\u00f3n amorosa con Mauro Icardi, los hijos de ambos compartieron algunos d\u00edas juntos durante [&hellip;]<\/p>\n","protected":false},"author":1,"featured_media":24508,"comment_status":"open","ping_status":"open","sticky":false,"template":"","format":"standard","meta":{"footnotes":""},"categories":[2],"tags":[72,7066,192,315,732,6842,131,314],"class_list":["post-24507","post","type-post","status-publish","format-standard","has-post-thumbnail","hentry","category-ultimas-noticias","tag-china","tag-confesion","tag-hija","tag-nara","tag-sobre","tag-sorpresiva","tag-suarez","tag-wanda"],"_links":{"self":[{"href":"https:\/\/13.com.ar\/index.php\/wp-json\/wp\/v2\/posts\/24507","targetHints":{"allow":["GET"]}}],"collection":[{"href":"https:\/\/13.com.ar\/index.php\/wp-json\/wp\/v2\/posts"}],"about":[{"href":"https:\/\/13.com.ar\/index.php\/wp-json\/wp\/v2\/types\/post"}],"author":[{"embeddable":true,"href":"https:\/\/13.com.ar\/index.php\/wp-json\/wp\/v2\/users\/1"}],"replies":[{"embeddable":true,"href":"https:\/\/13.com.ar\/index.php\/wp-json\/wp\/v2\/comments?post=24507"}],"version-history":[{"count":0,"href":"https:\/\/13.com.ar\/index.php\/wp-json\/wp\/v2\/posts\/24507\/revisions"}],"wp:featuredmedia":[{"embeddable":true,"href":"https:\/\/13.com.ar\/index.php\/wp-json\/wp\/v2\/media\/24508"}],"wp:attachment":[{"href":"https:\/\/13.com.ar\/index.php\/wp-json\/wp\/v2\/media?parent=24507"}],"wp:term":[{"taxonomy":"category","embeddable":true,"href":"https:\/\/13.com.ar\/index.php\/wp-json\/wp\/v2\/categories?post=24507"},{"taxonomy":"post_tag","embeddable":true,"href":"https:\/\/13.com.ar\/index.php\/wp-json\/wp\/v2\/tags?post=24507"}],"curies":[{"name":"wp","href":"https:\/\/api.w.org\/{rel}","templated":true}]}}