{"id":24503,"date":"2025-05-12T10:59:29","date_gmt":"2025-05-12T13:59:29","guid":{"rendered":"https:\/\/13.com.ar\/index.php\/la-nave-gaia-muestra-una-vista-lateral-de-nuestra-galaxia\/"},"modified":"2025-05-12T10:59:29","modified_gmt":"2025-05-12T13:59:29","slug":"la-nave-gaia-muestra-una-vista-lateral-de-nuestra-galaxia","status":"publish","type":"post","link":"https:\/\/13.com.ar\/index.php\/la-nave-gaia-muestra-una-vista-lateral-de-nuestra-galaxia\/","title":{"rendered":"la nave Gaia muestra una vista lateral de nuestra galaxia"},"content":{"rendered":"<p> <br \/>\n<br \/><img decoding=\"async\" src=\"https:\/\/13.com.ar\/wp-content\/uploads\/2025\/05\/la-nave-Gaia-muestra-una-vista-lateral-de-nuestra-galaxia.jpg\" \/><\/p>\n<div id=\"element-body-0\">\n<p><strong>\u00bfC\u00f3mo se ve nuestra galaxia, la V\u00eda L\u00e1ctea, desde un costado?.<\/strong><\/p>\n<\/div>\n<div id=\"element-body-1\">\n<p>Debido a que estamos en el interior, la humanidad no puede obtener una imagen real. Sin embargo, recientemente se ha creado un mapa de este tipo utilizando datos de ubicaci\u00f3n de m\u00e1s de<strong> mil millones de estrellas<\/strong> de la misi\u00f3n Gaia de la ESA. <\/p>\n<\/div>\n<div id=\"element-body-3\">\n<p>La ilustraci\u00f3n destacada resultante muestra que, al igual que muchas otras galaxias espirales, nuestra V\u00eda L\u00e1ctea tiene un disco central muy delgado. <\/p>\n<\/div>\n<div id=\"element-body-4\">\n<p><strong>Nuestro Sol y todas las estrellas que vemos por la noche est\u00e1n en este disco. <\/strong><\/p>\n<\/div>\n<div id=\"element-body-5\">\n<p>Aunque se plante\u00f3 la hip\u00f3tesis antes, quiz\u00e1s lo m\u00e1s sorprendente es que el disco parece curvado en los bordes exteriores. <\/p>\n<\/div>\n<div id=\"element-body-6\">\n<p>Los colores de la banda central deformada de nuestra galaxia se derivan principalmente de <strong>polvo oscuro, estrellas azules brillantes y nebulosas de emisi\u00f3n rojas<\/strong>. <\/p>\n<\/div>\n<div id=\"element-body-7\">\n<p>Aunque el an\u00e1lisis de datos est\u00e1 en curso, Gaia se desactiv\u00f3 en marzo despu\u00e9s de una misi\u00f3n exitosa.<\/p>\n<\/div>\n<p><br \/>\n<br \/><a href=\"https:\/\/www.clarin.com\/viste\/foto-nasa-dia-nave-gaia-muestra-vista-lateral-galaxia_0_hT2qwmtghs.html\">Fuente Clarin.com <\/a><\/p>\n","protected":false},"excerpt":{"rendered":"<p>\u00bfC\u00f3mo se ve nuestra galaxia, la V\u00eda L\u00e1ctea, desde un costado?. Debido a que estamos en el interior, la humanidad no puede obtener una imagen real. Sin embargo, recientemente se ha creado un mapa de este tipo utilizando datos de ubicaci\u00f3n de m\u00e1s de mil millones de estrellas de la misi\u00f3n Gaia de la ESA. [&hellip;]<\/p>\n","protected":false},"author":1,"featured_media":24504,"comment_status":"open","ping_status":"open","sticky":false,"template":"","format":"standard","meta":{"footnotes":""},"categories":[2],"tags":[17896,17898,17897,723,11996,609,73,1736],"class_list":["post-24503","post","type-post","status-publish","format-standard","has-post-thumbnail","hentry","category-ultimas-noticias","tag-gaia","tag-galaxia","tag-lateral","tag-muestra","tag-nave","tag-nuestra","tag-una","tag-vista"],"_links":{"self":[{"href":"https:\/\/13.com.ar\/index.php\/wp-json\/wp\/v2\/posts\/24503","targetHints":{"allow":["GET"]}}],"collection":[{"href":"https:\/\/13.com.ar\/index.php\/wp-json\/wp\/v2\/posts"}],"about":[{"href":"https:\/\/13.com.ar\/index.php\/wp-json\/wp\/v2\/types\/post"}],"author":[{"embeddable":true,"href":"https:\/\/13.com.ar\/index.php\/wp-json\/wp\/v2\/users\/1"}],"replies":[{"embeddable":true,"href":"https:\/\/13.com.ar\/index.php\/wp-json\/wp\/v2\/comments?post=24503"}],"version-history":[{"count":0,"href":"https:\/\/13.com.ar\/index.php\/wp-json\/wp\/v2\/posts\/24503\/revisions"}],"wp:featuredmedia":[{"embeddable":true,"href":"https:\/\/13.com.ar\/index.php\/wp-json\/wp\/v2\/media\/24504"}],"wp:attachment":[{"href":"https:\/\/13.com.ar\/index.php\/wp-json\/wp\/v2\/media?parent=24503"}],"wp:term":[{"taxonomy":"category","embeddable":true,"href":"https:\/\/13.com.ar\/index.php\/wp-json\/wp\/v2\/categories?post=24503"},{"taxonomy":"post_tag","embeddable":true,"href":"https:\/\/13.com.ar\/index.php\/wp-json\/wp\/v2\/tags?post=24503"}],"curies":[{"name":"wp","href":"https:\/\/api.w.org\/{rel}","templated":true}]}}