{"id":2433,"date":"2025-02-06T00:23:28","date_gmt":"2025-02-06T03:23:28","guid":{"rendered":"https:\/\/13.com.ar\/index.php\/una-historia-de-miedo-y-violencia-en-la-carcel\/"},"modified":"2025-02-06T00:23:28","modified_gmt":"2025-02-06T03:23:28","slug":"una-historia-de-miedo-y-violencia-en-la-carcel","status":"publish","type":"post","link":"https:\/\/13.com.ar\/index.php\/una-historia-de-miedo-y-violencia-en-la-carcel\/","title":{"rendered":"una historia de miedo y violencia en la c\u00e1rcel"},"content":{"rendered":"<p> <br \/>\n<\/p>\n<div id=\"cuerpo\">\n<div class=\"sc-80531b6b-0 chRIGJ container-text text-embed\">\n<p><strong>Mario Lorca, detenido en la c\u00e1rcel de Almafuerte, en Mendoza,<\/strong> es considerado uno de los presos m\u00e1s peligrosos y conflictivos del Servicio Penitenciario de esa provincia. Inicialmente acusado de un robo agravado, su vida criminal tom\u00f3 un giro mucho m\u00e1s oscuro cuando comenz\u00f3 a asesinar a otros internos, acumulando un total de <strong>cuatro cr\u00edmenes en el tiempo que lleva tras las rejas<\/strong>.<\/p>\n<\/div>\n<div class=\"sc-80531b6b-0 chRIGJ container-text text-embed\">\n<p>Seg\u00fan las autoridades del penal, Lorca presenta un cuadro psic\u00f3tico y no puede controlar sus impulsos. Aseguran que ha demostrado ser capaz de cometer actos de violencia desmedida desencadenados por <strong>breves episodios de furia en los que pierde por completo la raz\u00f3n<\/strong>.<\/p>\n<\/div>\n<div class=\"sc-80531b6b-0 chRIGJ container-text text-embed\">\n<p>Lo cierto es que desde su ingreso a prisi\u00f3n, en 2004, Lorca tuvo un comportamiento extremadamente problem\u00e1tico que le ha valido permanecer en una <strong>celda en solitario<\/strong>, aislado de los dem\u00e1s internos.<\/p>\n<\/div>\n<div class=\"sc-80531b6b-0 chRIGJ container-text text-embed\">\n<p>Las autoridades penitenciarias locales han reportado con preocupaci\u00f3n su comportamiento agresivo y su capacidad para obstaculizar la seguridad del penal considerando que, a pesar de su tratamiento psicol\u00f3gico y la medicaci\u00f3n que recibe, su peligrosidad sigue presente.<\/p>\n<\/div>\n<p><h2>Los cuatro cr\u00edmenes del Preso Psic\u00f3tico: una historia de miedo y violencia en la c\u00e1rcel<\/h2>\n<\/p>\n<div class=\"sc-198be8ec-0 cynXbu image-embed  image-embed \"><picture class=\"sc-198be8ec-1 kOjRiQ\"><source media=\"(min-width: 975px)\" width=\"720\" height=\"480\" \/><img alt=\"Mario Lorca tiene 43 a\u00f1os. Permanece en una celda aislado de los dem\u00e1s internos. Foto: Diario El Sol.\" loading=\"lazy\" width=\"720\" height=\"480\" decoding=\"async\" data-nimg=\"1\" style=\"color:transparent\" src=\"https:\/\/13.com.ar\/wp-content\/uploads\/2025\/02\/una-historia-de-miedo-y-violencia-en-la-carcel.jpg\"\/><span class=\"epigraphe\">Mario Lorca tiene 43 a\u00f1os. Permanece en una celda aislado de los dem\u00e1s internos. Foto: Diario El Sol.<\/span><span class=\"bkg\"\/><span class=\"picture-open\"><button class=\"open-image\" aria-label=\"Open Image\"\/><\/span><\/picture><\/div>\n<div class=\"sc-80531b6b-0 chRIGJ container-text text-embed\">\n<p>Mario Lorca, que actualmente tiene 43 a\u00f1os, fue responsable de cuatro cr\u00edmenes atroces que han dejado una profunda huella de terror en el sistema penitenciario de Mendoza. Su historial de violencia y caos revela la oscura realidad de un preso diagnosticado como psic\u00f3tico, quien <strong>ha logrado transformar a la c\u00e1rcel en un escenario de terror<\/strong>.<\/p>\n<\/div>\n<div class=\"sc-80531b6b-0 chRIGJ container-text text-embed\">\n<p>El primer asesinato del <strong>Preso Psic\u00f3tico <\/strong>ocurri\u00f3 en 2008, cuando <strong>solo le faltaban tres meses para ser liberado<\/strong> tras cumplir la condena por robo agravado. Este episodio marc\u00f3 el inicio de su trayectoria criminal. En un conflicto con otros internos, Lorca <strong>mat\u00f3 a un compa\u00f1ero de prisi\u00f3n<\/strong>. Este acto de violencia ciment\u00f3 su reputaci\u00f3n como un interno de extrema peligrosidad, e hizo que las autoridades propusieran medidas de seguridad m\u00e1s restrictivas en torno a su comportamiento.<\/p>\n<\/div>\n<div class=\"sc-4306f4f9-0 bAPCpp\">\n<div class=\"inner-card-m\">\n<div class=\"related-content\">\n<p><span class=\"body-title\">Mir\u00e1 tambi\u00e9n<\/span><\/p>\n<h3>Incendio en el boliche Kheyvis: de la diversi\u00f3n a la tragedia, el caso que conmovi\u00f3 a una comunidad<\/h3>\n<source media=\"(min-width: 975px)\" width=\"340\" height=\"340\" \/><img alt=\"Incendio en el boliche Kheyvis: de la diversi\u00f3n a la tragedia, el caso que conmovi\u00f3 a una comunidad\" loading=\"lazy\" width=\"340\" height=\"340\" decoding=\"async\" data-nimg=\"1\" style=\"color:transparent\" src=\"https:\/\/13.com.ar\/wp-content\/uploads\/2025\/02\/1738604242_96_relato-de-un-asesino-en-serie-que-sembro-el-terror.jpg\"\/><\/div>\n<\/div>\n<\/div>\n<div class=\"sc-80531b6b-0 chRIGJ container-text text-embed\">\n<p>Desde su llegada a la c\u00e1rcel a Lorca se le atribuyen <strong>otros dos homicidios<\/strong>. Estos cr\u00edmenes alimentaron a\u00fan m\u00e1s su mala fama y llevaron a que los funcionarios del Servicio Penitenciario lo consideraran un sujeto de alt\u00edsimo riesgo. <\/p>\n<\/div>\n<div class=\"sc-80531b6b-0 chRIGJ container-text text-embed\">\n<p>A\u00f1os m\u00e1s tarde, el 15 de enero de 2015, su nombre volvi\u00f3 a aparecer en los medios: tras un brutal ataque, Lorca <strong>apu\u00f1al\u00f3 de muerte a Jonathan Scaloni, de 26 a\u00f1os<\/strong>. El crimen de Scaloni ocurri\u00f3 bajo circunstancias escalofriantes: Lorca rompi\u00f3 una reja del cierre perimetral y, tras un enfrentamiento con los guardias, lanz\u00f3 a Scaloni una certera pu\u00f1alada en el t\u00f3rax mientras este regresaba a su celda despu\u00e9s de haber disfrutado de un momento de recreaci\u00f3n. <\/p>\n<\/div>\n<div class=\"sc-80531b6b-0 chRIGJ container-text text-embed\">\n<p>Seg\u00fan las autoridades, Scaloni <strong>no tuvo tiempo para defenderse<\/strong>, lo que subraya la determinaci\u00f3n y rapidez del ataque. <strong>\u201cEs psic\u00f3tico. Tiene veinte minutos de furia y mata\u201d<\/strong>, declararon fuentes al diario Los Andes.<\/p>\n<\/div>\n<div class=\"sc-198be8ec-0 cynXbu image-embed  image-embed \"><picture class=\"sc-198be8ec-1 kOjRiQ\"><source media=\"(min-width: 975px)\" width=\"720\" height=\"480\" \/><img alt=\"El Preso Psic\u00f3tico est\u00e1 detenido en la Penitenciaria Almafuerte, en Mendoza, una c\u00e1rcel de maxima seguridad. &#10;Foto: Delfo Rodriguez.\" loading=\"lazy\" width=\"720\" height=\"480\" decoding=\"async\" data-nimg=\"1\" style=\"color:transparent\" src=\"https:\/\/13.com.ar\/wp-content\/uploads\/2025\/02\/1738812208_622_una-historia-de-miedo-y-violencia-en-la-carcel.jpg\"\/><span class=\"epigraphe\">El Preso Psic\u00f3tico est\u00e1 detenido en la Penitenciaria Almafuerte, en Mendoza, una c\u00e1rcel de maxima seguridad.<br \/>\nFoto: Delfo Rodriguez.<\/span><span class=\"bkg\"\/><span class=\"picture-open\"><button class=\"open-image\" aria-label=\"Open Image\"\/><\/span><\/picture><\/div>\n<div class=\"sc-80531b6b-0 chRIGJ container-text text-embed\">\n<p>El homicidio de Scaloni no solo reafirm\u00f3 la disposici\u00f3n de Lorca para matar, sino que, adem\u00e1s, plante\u00f3 <strong>serias preocupaciones sobre la seguridad dentro del penal<\/strong>. Es que durante el ataque que acab\u00f3 con la vida de Scaloni, Lorca descarg\u00f3 tambi\u00e9n su violencia contra un guardia, al que intent\u00f3 apu\u00f1alar. La cuchillada apenas roz\u00f3 al oficial, pero este acto evidenci\u00f3 su voluntad de atacar a quienes tienen la tarea de mantener el orden.<\/p>\n<\/div>\n<div class=\"sc-80531b6b-0 chRIGJ container-text text-embed\">\n<p>Luego del asesinato de Scaloni, Lorca, quien <strong>cumple una condena de prisi\u00f3n perpetua<\/strong>, fue llevado a una celda de m\u00e1xima seguridad, donde vive solo. <strong>Los dem\u00e1s internos temen estar cerca<\/strong> de \u00e9l, y su conducta ha planteado inquietudes sobre la gesti\u00f3n y tratamiento de individuos con problemas psicol\u00f3gicos graves en un entorno donde la violencia puede desatarse en cualquier momento.<\/p>\n<\/div>\n<div class=\"sc-80531b6b-0 chRIGJ container-text text-embed\">\n<p>Su historia criminal es, en definitiva, un recordatorio inquietante de c\u00f3mo las condiciones penitenciarias pueden convertirse en <strong>un caldo de cultivo<\/strong> para la violencia, llevando a muchos a preguntarse cu\u00e1l ser\u00e1 el pr\u00f3ximo episodio de este ciclo aterrador.<\/p>\n<\/div>\n<\/div>\n<p><br \/>\n<br \/><a href=\"https:\/\/www.clarin.com\/informacion-general\/crimenes-preso-psicotico-historia-miedo-violencia-carcel_0_iuhr5ArymA.html\">Fuente Clarin.com <\/a><\/p>\n","protected":false},"excerpt":{"rendered":"<p>Mario Lorca, detenido en la c\u00e1rcel de Almafuerte, en Mendoza, es considerado uno de los presos m\u00e1s peligrosos y conflictivos del Servicio Penitenciario de esa provincia. Inicialmente acusado de un robo agravado, su vida criminal tom\u00f3 un giro mucho m\u00e1s oscuro cuando comenz\u00f3 a asesinar a otros internos, acumulando un total de cuatro cr\u00edmenes en [&hellip;]<\/p>\n","protected":false},"author":1,"featured_media":2434,"comment_status":"open","ping_status":"open","sticky":false,"template":"","format":"standard","meta":{"footnotes":""},"categories":[2],"tags":[1411,1329,2924,73,3028],"class_list":["post-2433","post","type-post","status-publish","format-standard","has-post-thumbnail","hentry","category-ultimas-noticias","tag-carcel","tag-historia","tag-miedo","tag-una","tag-violencia"],"_links":{"self":[{"href":"https:\/\/13.com.ar\/index.php\/wp-json\/wp\/v2\/posts\/2433","targetHints":{"allow":["GET"]}}],"collection":[{"href":"https:\/\/13.com.ar\/index.php\/wp-json\/wp\/v2\/posts"}],"about":[{"href":"https:\/\/13.com.ar\/index.php\/wp-json\/wp\/v2\/types\/post"}],"author":[{"embeddable":true,"href":"https:\/\/13.com.ar\/index.php\/wp-json\/wp\/v2\/users\/1"}],"replies":[{"embeddable":true,"href":"https:\/\/13.com.ar\/index.php\/wp-json\/wp\/v2\/comments?post=2433"}],"version-history":[{"count":0,"href":"https:\/\/13.com.ar\/index.php\/wp-json\/wp\/v2\/posts\/2433\/revisions"}],"wp:featuredmedia":[{"embeddable":true,"href":"https:\/\/13.com.ar\/index.php\/wp-json\/wp\/v2\/media\/2434"}],"wp:attachment":[{"href":"https:\/\/13.com.ar\/index.php\/wp-json\/wp\/v2\/media?parent=2433"}],"wp:term":[{"taxonomy":"category","embeddable":true,"href":"https:\/\/13.com.ar\/index.php\/wp-json\/wp\/v2\/categories?post=2433"},{"taxonomy":"post_tag","embeddable":true,"href":"https:\/\/13.com.ar\/index.php\/wp-json\/wp\/v2\/tags?post=2433"}],"curies":[{"name":"wp","href":"https:\/\/api.w.org\/{rel}","templated":true}]}}