{"id":2421,"date":"2025-02-05T22:51:38","date_gmt":"2025-02-06T01:51:38","guid":{"rendered":"https:\/\/13.com.ar\/index.php\/quien-es-juan-cruz-diaz-el-pibe-argentino-del-leganes-que-estuvo-a-punto-de-amargar-al-real-madrid-en-la-copa-del-rey\/"},"modified":"2025-02-05T22:51:38","modified_gmt":"2025-02-06T01:51:38","slug":"quien-es-juan-cruz-diaz-el-pibe-argentino-del-leganes-que-estuvo-a-punto-de-amargar-al-real-madrid-en-la-copa-del-rey","status":"publish","type":"post","link":"https:\/\/13.com.ar\/index.php\/quien-es-juan-cruz-diaz-el-pibe-argentino-del-leganes-que-estuvo-a-punto-de-amargar-al-real-madrid-en-la-copa-del-rey\/","title":{"rendered":"Qui\u00e9n es Juan Cruz D\u00edaz, el pibe argentino del Legan\u00e9s que estuvo a punto de amargar al Real Madrid en la Copa del Rey"},"content":{"rendered":"<p> <br \/>\n<br \/><img decoding=\"async\" src=\"https:\/\/13.com.ar\/wp-content\/uploads\/2025\/02\/Quien-es-Juan-Cruz-Diaz-el-pibe-argentino-del-Leganes.jpg\" \/><\/p>\n<div>\n<p>Existen muchos futbolistas argentinos dando vueltas por Europa y el mundo. Muchos de ellos son producto de la emigraci\u00f3n de sus familias por la crisis econ\u00f3mica que afect\u00f3 a la Argentina en 2001. Hubo quienes nacieron en el pa\u00eds y se fueron de muy chicos, y otros que directamente llegaron al planeta en el Viejo Continente para entrar en el grupo conocido como &#8216;europibes&#8217;, que han ido copando las convocatorias de la Selecci\u00f3n Argentina. En ese primer grupo est\u00e1 <strong>Juan Cruz D\u00edaz Esp\u00f3sito<\/strong>, a quien en Espa\u00f1a conocen solo por sus nombres, pero que este mi\u00e9rcoles <strong>estuvo a punto de copar las primeras planas de los portales al convertirle un doblete al Real Madrid<\/strong>, que necesit\u00f3 un gol en el <strong>minuto 92 <\/strong>para eliminar al <strong>Legan\u00e9s <\/strong>y avanzar a <strong>semifinales de la Copa del Rey<\/strong>.<\/p>\n<\/div>\n<div>\n<p>Con su pelo platinado y un mech\u00f3n violeta en la nuca, Juan Cruz fue el art\u00edfice de la ilusi\u00f3n de los hinchas del Legan\u00e9s. Despu\u00e9s de empezar 0-2 en los primeros 25 minutos con los tantos de Luka Modric y el brasile\u00f1o Endrick, el nacido en Quilmes de 24 a\u00f1os se puso el equipo al hombro.<\/p>\n<\/div>\n<div>\n<p><strong>Primero convirti\u00f3 un penal que \u00e9l mismo gener\u00f3<\/strong>. Trot\u00f3 hacia la pelota, la impact\u00f3 con el borde interno del bot\u00edn y la clav\u00f3 abajo, cruzado, para evitar la volada del arquero ucraniano Andriy Lunin, un especialista en este tipo de cara a cara. Agarr\u00f3 la pelota y la llev\u00f3 r\u00e1pido hacia el c\u00edrculo central, no sin antes hacer un coraz\u00f3n hacia las c\u00e1maras.<\/p>\n<\/div>\n<div>\n<p>A los 15 minutos del segundo tiempo, Bra\u0161anac lo habilit\u00f3 hacia el centro del \u00e1rea, <strong>Juan Cruz control\u00f3 con la derecha y remat\u00f3<\/strong>, pero tuvo algo de fortuna porque un rebote en el camino le cambi\u00f3 el palo al arquero. Poco le import\u00f3 el portador de la camiseta 11 para salir a festejar el 2-2.<\/p>\n<\/div>\n<div>\n<p>Un gol de cabeza en el minuto 92 del canterano <strong>Gonzalo Garc\u00eda<\/strong>, m\u00e1ximo goleador en Primera Federaci\u00f3n con el Castilla (el filial del Madrid), dio el pase a las semifinales de la Copa del Rey.<\/p>\n<\/div>\n<div>\n<p>&#8220;<strong>Duele much\u00edsimo porque el equipo ha luchado hasta el final y el gol llega pr\u00e1cticamente en el \u00faltimo segundo<\/strong>. Los \u00faltimos minutos en el banquillo se han vivido con esos nervios de que les ten\u00edamos ah\u00ed para la pr\u00f3rroga. Que te metan ese gol en el \u00faltimo minuto es una decepci\u00f3n. Contento por el trabajo del equipo y a pensar en el Valencia&#8221;, declar\u00f3 el argentino, que debut\u00f3 en LaLiga en mayo de 2018, con apenas 17 a\u00f1os.<\/p>\n<\/div>\n<div>\n<p>Sobre el desarrollo del partido, el atacante que jug\u00f3 en M\u00e1laga y Betis, opin\u00f3: <strong>&#8220;Ha sido dif\u00edcil remontar, pero el equipo ha confiado hasta el final, la afici\u00f3n nos ha ayudado much\u00edsimo y le debemos mucho a ellos&#8221;<\/strong>.<\/p>\n<\/div>\n<div>\n<p>Asimismo explic\u00f3 que siempre lanza los penales <strong>&#8220;intentando enga\u00f1ar al arquero&#8221;<\/strong> como sucedi\u00f3 en el primero de los tantos que anot\u00f3 y asegur\u00f3 estar <strong>&#8220;normal&#8221;<\/strong> del golpe en el tobillo que le oblig\u00f3 a abandonar el terreno de juego en la segunda parte: <strong>&#8220;Siempre me llevo los golpes en el tobillo malo, pero seguro que estar\u00e9 bien para el pr\u00f3ximo partido&#8221;<\/strong>.<\/p>\n<\/div>\n<div>\n<p>En abril de 2024, Juan Cruz confi\u00f3 qu\u00e9 elegir\u00eda ante un llamado de las selecciones de Espa\u00f1a y Argentina. <strong>&#8220;Elegir\u00eda Argentina. Pienso que all\u00ed el f\u00fatbol se vive de otra manera, mi familia estar\u00eda s\u00faper orgullosa y lo noto desde peque\u00f1o. Si me llegas a preguntar con siete a\u00f1os hubiera dicho lo mismo. Pr\u00e1cticamente hablo con mi familia todos los d\u00edas, tengo cultura argentina y eso se nota&#8221;<\/strong>, cerr\u00f3.<\/p>\n<\/div>\n<p><br \/>\n<br \/><a href=\"https:\/\/www.clarin.com\/deportes\/juan-cruz-diaz-pibe-argentino-leganes-punto-amargar-real-madrid-copa-rey_0_sP7g0dzMhA.html\">Fuente Clarin.com <\/a><\/p>\n","protected":false},"excerpt":{"rendered":"<p>Existen muchos futbolistas argentinos dando vueltas por Europa y el mundo. Muchos de ellos son producto de la emigraci\u00f3n de sus familias por la crisis econ\u00f3mica que afect\u00f3 a la Argentina en 2001. Hubo quienes nacieron en el pa\u00eds y se fueron de muy chicos, y otros que directamente llegaron al planeta en el Viejo [&hellip;]<\/p>\n","protected":false},"author":1,"featured_media":2422,"comment_status":"open","ping_status":"open","sticky":false,"template":"","format":"standard","meta":{"footnotes":""},"categories":[2],"tags":[4363,508,2851,1469,100,4359,4361,1038,4360,102,2459,4362,3,101,3558],"class_list":["post-2421","post","type-post","status-publish","format-standard","has-post-thumbnail","hentry","category-ultimas-noticias","tag-amargar","tag-argentino","tag-copa","tag-cruz","tag-del","tag-diaz","tag-estuvo","tag-juan","tag-leganes","tag-madrid","tag-pibe","tag-punto","tag-quien","tag-real","tag-rey"],"_links":{"self":[{"href":"https:\/\/13.com.ar\/index.php\/wp-json\/wp\/v2\/posts\/2421","targetHints":{"allow":["GET"]}}],"collection":[{"href":"https:\/\/13.com.ar\/index.php\/wp-json\/wp\/v2\/posts"}],"about":[{"href":"https:\/\/13.com.ar\/index.php\/wp-json\/wp\/v2\/types\/post"}],"author":[{"embeddable":true,"href":"https:\/\/13.com.ar\/index.php\/wp-json\/wp\/v2\/users\/1"}],"replies":[{"embeddable":true,"href":"https:\/\/13.com.ar\/index.php\/wp-json\/wp\/v2\/comments?post=2421"}],"version-history":[{"count":0,"href":"https:\/\/13.com.ar\/index.php\/wp-json\/wp\/v2\/posts\/2421\/revisions"}],"wp:featuredmedia":[{"embeddable":true,"href":"https:\/\/13.com.ar\/index.php\/wp-json\/wp\/v2\/media\/2422"}],"wp:attachment":[{"href":"https:\/\/13.com.ar\/index.php\/wp-json\/wp\/v2\/media?parent=2421"}],"wp:term":[{"taxonomy":"category","embeddable":true,"href":"https:\/\/13.com.ar\/index.php\/wp-json\/wp\/v2\/categories?post=2421"},{"taxonomy":"post_tag","embeddable":true,"href":"https:\/\/13.com.ar\/index.php\/wp-json\/wp\/v2\/tags?post=2421"}],"curies":[{"name":"wp","href":"https:\/\/api.w.org\/{rel}","templated":true}]}}