{"id":2417,"date":"2025-02-05T22:27:04","date_gmt":"2025-02-06T01:27:04","guid":{"rendered":"https:\/\/13.com.ar\/index.php\/cada-gramo-de-merca-que-llega-es-responsabilidad-suya\/"},"modified":"2025-02-05T22:27:04","modified_gmt":"2025-02-06T01:27:04","slug":"cada-gramo-de-merca-que-llega-es-responsabilidad-suya","status":"publish","type":"post","link":"https:\/\/13.com.ar\/index.php\/cada-gramo-de-merca-que-llega-es-responsabilidad-suya\/","title":{"rendered":"Cada gramo de merca que llega es responsabilidad suya"},"content":{"rendered":"<p> <br \/>\n<br \/><img decoding=\"async\" src=\"https:\/\/13.com.ar\/wp-content\/uploads\/2025\/02\/Cada-gramo-de-merca-que-llega-es-responsabilidad-suya.jpg\" \/><\/p>\n<div id=\"cuerpo\">\n<div class=\"sc-80531b6b-0 chRIGJ container-text text-embed\">\n<p>La situaci\u00f3n de inseguridad que arrecia el Conurbano contin\u00faa generando repercusiones y, sobre todo, acusaciones cruzadas. Ahora fue Axel Kicillof quien sali\u00f3 a hablar de los homicidios y casos policiales que sucedieron en las \u00faltimas semanas en el Gran Buenos Aires. El gobernador los vincul\u00f3 con la droga que corre por el Conurbano y responsabiliz\u00f3 directamente a Milei: <strong>&#8220;Cada gramo de merca que llega a Buenos Aires es responsabilidad suya&#8221;. <\/strong><\/p>\n<\/div>\n<div class=\"sc-80531b6b-0 chRIGJ container-text text-embed\">\n<p>En una entrevista televisiva, Kicillof habl\u00f3 sobre la ola de inseguridad en el GBA, que la semana pasada dej\u00f3 en el centro de la pol\u00e9mica a Moreno, con asaltos, muertos y protestas frente a la Municipalidad. &#8220;Milei no se hace cargo de nada&#8221;, dijo sobre los cuestionamientos que le llegaron desde el Gobierno nacional. &#8220;Yo gobierno hace cinco a\u00f1os, pero lo que cambi\u00f3 fue la pol\u00edtica econ\u00f3mica, es el ajuste con la motosierra&#8221;, asegur\u00f3 en l\u00ednea con Mariel Fern\u00e1ndez, la intendenta de Moreno, que atribuy\u00f3 el aumento de violencia a la situaci\u00f3n econ\u00f3mica.<\/p>\n<\/div>\n<div class=\"sc-80531b6b-0 chRIGJ container-text text-embed\">\n<p>Adem\u00e1s, profundiz\u00f3 esa explicaci\u00f3n. &#8220;Hay violencia que emana desde las autoridades. Eso es lo que cambi\u00f3: Milei y su ajuste feroz&#8221;, sostuvo.<\/p>\n<\/div>\n<div class=\"sc-80531b6b-0 chRIGJ container-text text-embed\">\n<p>El gobernador bonaerense tambi\u00e9n fue taxativo para acusar al Presidente de intentar sacar r\u00e9dito pol\u00edtico. &#8220;Est\u00e1n faltando el respeto a las v\u00edctimas y haciendo con esto una especie de campa\u00f1a pol\u00edtica&#8221;, manifest\u00f3 el mandatario provincial.<\/p>\n<\/div>\n<div class=\"sc-80531b6b-0 chRIGJ container-text text-embed\">\n<p>Como hizo el viernes pasado Javier Alonso, ministro de Seguridad de Buenos Aires, Kicillof tambi\u00e9n conect\u00f3 los hechos de inseguridad con el narcotr\u00e1fico, una situaci\u00f3n por la que apunt\u00f3 a la Casa Rosada. &#8220;El Gobierno nacional es responsable del narcotr\u00e1fico de las bandas que ingresan a la provincia, que ingresan por una frontera y recorren 1.500 kil\u00f3metros. Cada gramo de merca que llega es su responsabilidad&#8221;, se\u00f1al\u00f3, en di\u00e1logo con la se\u00f1al C5N, por la tarea de custodia de las fronteras nacionales.<\/p>\n<\/div>\n<div class=\"sc-80531b6b-0 chRIGJ container-text text-embed\">\n<p>&#8220;No vale todo por un voto, si quieren trabajar seriamente, estamos trabajando seriamente, pero que cada uno se haga responsable de lo que se tenga que hacer responsable&#8221;, reiter\u00f3 sobre la b\u00fasqueda de ventaja pol\u00edtica en un a\u00f1o electoral.<\/p>\n<\/div>\n<div class=\"sc-80531b6b-0 chRIGJ container-text text-embed\">\n<p>Volvi\u00f3 a apuntar a Milei cuando reclam\u00f3 el env\u00edo de fondos. <strong>&#8220;Que devuelva los 700 mil millones que le rob\u00f3 a la Provincia,<\/strong> en concepto de seguridad, algo que equivale a 10 mil patrulleros&#8221;, le recrimin\u00f3.<\/p>\n<\/div>\n<div class=\"sc-80531b6b-0 chRIGJ container-text text-embed\">\n<p>Kicillof, adem\u00e1s, asever\u00f3 que con \u00e9l bajaron los homicidios en la provincia de Buenos Aires y se compar\u00f3 con Uruguay. &#8220;Si se miran las estad\u00edsticas no s\u00f3lo tranquilizan a nadie sino que tambi\u00e9n bajamos los homicidios. Desde que yo asum\u00ed los n\u00fameros son los m\u00e1s bajos de la regi\u00f3n, casi un tercio de los que hay en Uruguay&#8221;, defendi\u00f3 su gesti\u00f3n, que comenz\u00f3 en 2019 y fue reelegida en 2023.<\/p>\n<\/div>\n<div class=\"sc-80531b6b-0 chRIGJ container-text text-embed\">\n<p>En la misma l\u00ednea que en otras apariciones medi\u00e1ticas, cuestion\u00f3 a su antecesora en la Gobernaci\u00f3n de la Provincia de Buenos Aires. &#8220;Mar\u00eda Eugenia Vidal construy\u00f3 1.000 plazas penitenciarias, nosotros llevamos 7.500 y nuestro plan, perturbado por el ajuste de Milei, es llegar a 12.000 plazas. Cuando llegamos era cualquier cosa, ahora el 911 est\u00e1 geolocalizado y es una inversi\u00f3n enorme. Ven\u00edamos de una \u00e9poca de ajuste total en la Provincia, pero nosotros tenemos una pol\u00edtica de seguridad&#8221;, dijo Kicillof.<\/p>\n<\/div>\n<\/div>\n<p><br \/>\n<br \/><a href=\"https:\/\/www.clarin.com\/politica\/kicillof-vinculo-ola-inseguridad-droga-cargo-milei-gramo-merca-llega-responsabilidad_0_13Jm4GfMFr.html\">Fuente Clarin.com <\/a><\/p>\n","protected":false},"excerpt":{"rendered":"<p>La situaci\u00f3n de inseguridad que arrecia el Conurbano contin\u00faa generando repercusiones y, sobre todo, acusaciones cruzadas. Ahora fue Axel Kicillof quien sali\u00f3 a hablar de los homicidios y casos policiales que sucedieron en las \u00faltimas semanas en el Gran Buenos Aires. El gobernador los vincul\u00f3 con la droga que corre por el Conurbano y responsabiliz\u00f3 [&hellip;]<\/p>\n","protected":false},"author":1,"featured_media":2418,"comment_status":"open","ping_status":"open","sticky":false,"template":"","format":"standard","meta":{"footnotes":""},"categories":[2],"tags":[1153,4347,2041,4348,4349,4350],"class_list":["post-2417","post","type-post","status-publish","format-standard","has-post-thumbnail","hentry","category-ultimas-noticias","tag-cada","tag-gramo","tag-llega","tag-merca","tag-responsabilidad","tag-suya"],"_links":{"self":[{"href":"https:\/\/13.com.ar\/index.php\/wp-json\/wp\/v2\/posts\/2417","targetHints":{"allow":["GET"]}}],"collection":[{"href":"https:\/\/13.com.ar\/index.php\/wp-json\/wp\/v2\/posts"}],"about":[{"href":"https:\/\/13.com.ar\/index.php\/wp-json\/wp\/v2\/types\/post"}],"author":[{"embeddable":true,"href":"https:\/\/13.com.ar\/index.php\/wp-json\/wp\/v2\/users\/1"}],"replies":[{"embeddable":true,"href":"https:\/\/13.com.ar\/index.php\/wp-json\/wp\/v2\/comments?post=2417"}],"version-history":[{"count":0,"href":"https:\/\/13.com.ar\/index.php\/wp-json\/wp\/v2\/posts\/2417\/revisions"}],"wp:featuredmedia":[{"embeddable":true,"href":"https:\/\/13.com.ar\/index.php\/wp-json\/wp\/v2\/media\/2418"}],"wp:attachment":[{"href":"https:\/\/13.com.ar\/index.php\/wp-json\/wp\/v2\/media?parent=2417"}],"wp:term":[{"taxonomy":"category","embeddable":true,"href":"https:\/\/13.com.ar\/index.php\/wp-json\/wp\/v2\/categories?post=2417"},{"taxonomy":"post_tag","embeddable":true,"href":"https:\/\/13.com.ar\/index.php\/wp-json\/wp\/v2\/tags?post=2417"}],"curies":[{"name":"wp","href":"https:\/\/api.w.org\/{rel}","templated":true}]}}