{"id":2411,"date":"2025-02-05T21:30:29","date_gmt":"2025-02-06T00:30:29","guid":{"rendered":"https:\/\/13.com.ar\/index.php\/como-es-hasta-ahora-y-que-tiene-que-hacer-el-gobierno-para-prohibirlo\/"},"modified":"2025-02-05T21:30:29","modified_gmt":"2025-02-06T00:30:29","slug":"como-es-hasta-ahora-y-que-tiene-que-hacer-el-gobierno-para-prohibirlo","status":"publish","type":"post","link":"https:\/\/13.com.ar\/index.php\/como-es-hasta-ahora-y-que-tiene-que-hacer-el-gobierno-para-prohibirlo\/","title":{"rendered":"c\u00f3mo es hasta ahora y qu\u00e9 tiene que hacer el Gobierno para prohibirlo"},"content":{"rendered":"<p> <br \/>\n<br \/><img decoding=\"async\" src=\"https:\/\/13.com.ar\/wp-content\/uploads\/2025\/02\/como-es-hasta-ahora-y-que-tiene-que-hacer-el.jpg\" \/><\/p>\n<div id=\"cuerpo\">\n<div class=\"sc-80531b6b-0 chRIGJ container-text text-embed\">\n<p>El Gobierno nacional anunci\u00f3 que mediante un decreto buscar\u00e1 modificar los art\u00edculos de la<strong> Ley 26.743<\/strong> que habilitaba a los menores de edad a someterse a <strong>tratamientos de hormonizaci\u00f3n<\/strong> y a <strong>intervenciones quir\u00fargicas<\/strong> para alterar o modificar su cuerpo o genitalidad. El anuncio lo hizo el vocero Manuel Adorni, quien se refiri\u00f3 a <strong>una serie de medidas sobre cuestiones de g\u00e9nero<\/strong>.<\/p>\n<\/div>\n<div class=\"sc-80531b6b-0 chRIGJ container-text text-embed\">\n<p>En un comunicado difundido posteriormente por el Ministerio de Salud, se detall\u00f3 que \u201ca trav\u00e9s de la subsanaci\u00f3n del art\u00edculo 11, quienes no cumplan con la mayor\u00eda de edad ya <strong>no podr\u00e1n realizarse intervenciones quir\u00fargicas<\/strong> totales o parciales o <strong>tratamientos integrales hormonales<\/strong> para modificar su cuerpo, incluidos sus genitales. Asimismo, mediante la derogaci\u00f3n del art\u00edculo 5, <strong>tampoco tendr\u00e1n permitida la rectificaci\u00f3n registral del sexo<\/strong>, el cambio de nombre de pila o de imagen\u201d.<\/p>\n<\/div>\n<div class=\"sc-80531b6b-0 chRIGJ container-text text-embed\">\n<p>El texto concluye que ambos art\u00edculos de la Ley 26.743 \u201c<strong>habilitaban acciones que pod\u00edan generar graves perjuicios en la salud de los menores de edad\u201d<\/strong>.<\/p>\n<\/div>\n<div class=\"sc-80531b6b-0 chRIGJ container-text text-embed\">\n<p>En el comunicado, el Ministerio sostiene que se buscar\u00e1 tambi\u00e9n modificar lo establecido por la ley <strong>respecto al financiamiento de este tipo de tratamientos<\/strong>: \u201cA partir de ahora, los efectores del sistema p\u00fablico de salud, ya sean estatales, privados o del subsistema de obras sociales, ya no deber\u00e1n garantizar este tipo de pr\u00e1cticas, por lo que <strong>dejar\u00e1n de estar incluidas en el Plan M\u00e9dico Obligatorio<\/strong>\u201d.<\/p>\n<\/div>\n<div class=\"sc-80531b6b-0 chRIGJ container-text text-embed\">\n<p>Remarca que la decisi\u00f3n se fundamenta en lo establecido por el Art. 9\u00b0 de la Ley N\u00b0 26.061, seg\u00fan la cual los ni\u00f1os y adolescentes son <strong>personas en desarrollo que tienen derecho a su integridad f\u00edsica, sexual, ps\u00edquica y moral<\/strong>. Y que, al mismo tiempo, se apoya en la Convenci\u00f3n sobre los Derechos del Ni\u00f1o, la cual manifiesta que, \u201cpor su falta de madurez f\u00edsica y mental, los ni\u00f1os necesitan protecci\u00f3n y cuidado especiales, incluso la debida protecci\u00f3n legal, tanto antes como despu\u00e9s del nacimiento\u201d.<\/p>\n<\/div>\n<p><h2>C\u00f3mo funciona la Ley 26.743 hasta ahora<\/h2>\n<\/p>\n<div class=\"sc-80531b6b-0 chRIGJ container-text text-embed\">\n<p>El comunicado del Ministerio de Salud anticipa que el Ejecutivo ha decidido avanzar con estas modificaciones mediante un decreto. Sin embargo, el abogado constitucionalista Andr\u00e9s Gil Dom\u00ednguez explica a <strong>Clar\u00edn<\/strong> que es necesario que lo defina el Congreso. Para realizar el cambio de aplicaci\u00f3n de la ley que se pretende (es decir, <strong>la prohibici\u00f3n a todo menor de 18 a\u00f1os<\/strong>) se deber\u00e1 presentar como<strong> proyecto de ley<\/strong> y pasar por las instancias legislativas correspondientes.<\/p>\n<\/div>\n<div class=\"sc-80531b6b-0 chRIGJ container-text text-embed\">\n<p>\u201cAc\u00e1 hay dos temas que se quiere modificar: el primero, es <strong>la rectificaci\u00f3n registral del sexo<\/strong> (art\u00edculo 5\u00b0 de la Ley<strong> <\/strong>26.743). Actualmente, con menos de 18 a\u00f1os vas al Registro Civil con tus representantes legales, con <strong>la expresa conformidad <\/strong>del ni\u00f1o, ni\u00f1a o adolescente, y con un abogado del ni\u00f1o para que lo asista. All\u00ed se ve que se cumplan los puntos y reci\u00e9n hay un cambio de la rectificaci\u00f3n registral. Siempre manteniendo <strong>el principio de capacidad progresiva, <\/strong>porque no es lo mismo hacerlo a los 11 a\u00f1os que a los 16\u201d, explica el abogado.<\/p>\n<\/div>\n<div class=\"sc-80531b6b-0 chRIGJ container-text text-embed\">\n<p>El mismo art\u00edculo 5\u00b0 a\u00f1ade adem\u00e1s que cuando por cualquier causa se niegue <strong>o sea imposible obtener el consentimiento<\/strong> de alguno de los representantes legales del menor de edad, \u201cse podr\u00e1 recurrir a la v\u00eda sumar\u00edsima para que los\/as jueces\/zas correspondientes resuelvan, teniendo en cuenta los principios de capacidad progresiva e inter\u00e9s superior del ni\u00f1o\/a de acuerdo con lo estipulado en la Convenci\u00f3n sobre los Derechos del Ni\u00f1o y en la Ley 26.061 de protecci\u00f3n integral de los derechos de ni\u00f1as, ni\u00f1os y adolescentes\u201d.<\/p>\n<\/div>\n<div class=\"sc-80531b6b-0 chRIGJ container-text text-embed\">\n<p>Por otro lado, <strong>el art\u00edculo 11\u00b0<\/strong> se refiere al otro punto que se plantea modificar:<strong> el tratamiento integral hormonal y la intervenci\u00f3n quir\u00fargica total o parcial<\/strong>.<\/p>\n<\/div>\n<div class=\"sc-80531b6b-0 chRIGJ container-text text-embed\">\n<p>La ley establece que &#8220;todas las personas mayores de dieciocho (18) a\u00f1os de edad podr\u00e1n, conforme al art\u00edculo 1\u00b0 de la presente ley y a fin de garantizar el goce de su salud integral, <strong>acceder a intervenciones quir\u00fargicas totales y parciales y\/o tratamientos integrales hormonales <\/strong>para adecuar su cuerpo, incluida su genitalidad, a su identidad de g\u00e9nero autopercibida, sin necesidad de requerir autorizaci\u00f3n judicial o administrativa&#8221;. Y respecto de los menores de edad, &#8220;regir\u00e1n los principios y requisitos establecidos en el art\u00edculo 5\u00b0 para la obtenci\u00f3n del consentimiento informado&#8221;.<\/p>\n<\/div>\n<div class=\"sc-80531b6b-0 chRIGJ container-text text-embed\">\n<p>Sin embargo, para una intervenci\u00f3n quir\u00fargica total o parcial se debe contar, adem\u00e1s, &#8220;con <strong>la conformidad de la autoridad judicial competente de cada jurisdicci\u00f3n<\/strong>, quien deber\u00e1 velar por los principios de capacidad progresiva e inter\u00e9s superior del ni\u00f1o o ni\u00f1a&#8221; de acuerdo con lo estipulado por la Convenci\u00f3n sobre los Derechos del Ni\u00f1o y Ley 26.061 de protecci\u00f3n de sus derechos. Y el juez deber\u00e1 expedirse en un plazo no mayor de 60 d\u00edas. Tanto para los mayores como para los menores de edad, todas las prestaciones est\u00e1n incluidas en el <strong>Plan M\u00e9dico Obligatorio<\/strong>.<\/p>\n<\/div>\n<div class=\"sc-80531b6b-0 chRIGJ container-text text-embed\">\n<p>Gil Dom\u00ednguez explica que incluso, el C\u00f3digo Civil y Comercial remarca en su art\u00edculo 26 <strong>que a partir de los 16 a\u00f1os \u201cel adolescente es considerado como un adulto para las decisiones atinentes al cuidado de su propio cuerpo\u201d<\/strong>. Se presume que el adolescente entre 13 y 16 a\u00f1os tiene aptitud para decidir por s\u00ed respecto de aquellos tratamientos que no resultan invasivos, ni comprometen su estado de salud o provocan un riesgo grave en su vida o integridad f\u00edsica.<\/p>\n<\/div>\n<div class=\"sc-80531b6b-0 chRIGJ container-text text-embed\">\n<p>\u201cLa capacidad progresiva es el elemento primordial que hace que el ni\u00f1o sea un sujeto de derecho. Cambiar la ley hace que <strong>sean considerados sujetos de derecho exclusivamente desde los 18 a\u00f1os<\/strong>\u201d, concluye Gil Dom\u00ednguez.<\/p>\n<\/div>\n<\/div>\n<p><br \/>\n<br \/><a href=\"https:\/\/www.clarin.com\/sociedad\/cambio-genero-menores-ahora-hacer-gobierno-prohibirlo_0_EoetzPw7vv.html\">Fuente Clarin.com <\/a><\/p>\n","protected":false},"excerpt":{"rendered":"<p>El Gobierno nacional anunci\u00f3 que mediante un decreto buscar\u00e1 modificar los art\u00edculos de la Ley 26.743 que habilitaba a los menores de edad a someterse a tratamientos de hormonizaci\u00f3n y a intervenciones quir\u00fargicas para alterar o modificar su cuerpo o genitalidad. El anuncio lo hizo el vocero Manuel Adorni, quien se refiri\u00f3 a una serie [&hellip;]<\/p>\n","protected":false},"author":1,"featured_media":2412,"comment_status":"open","ping_status":"open","sticky":false,"template":"","format":"standard","meta":{"footnotes":""},"categories":[2],"tags":[1412,66,71,127,476,16,3562,286,1486],"class_list":["post-2411","post","type-post","status-publish","format-standard","has-post-thumbnail","hentry","category-ultimas-noticias","tag-ahora","tag-como","tag-gobierno","tag-hacer","tag-hasta","tag-para","tag-prohibirlo","tag-que","tag-tiene"],"_links":{"self":[{"href":"https:\/\/13.com.ar\/index.php\/wp-json\/wp\/v2\/posts\/2411","targetHints":{"allow":["GET"]}}],"collection":[{"href":"https:\/\/13.com.ar\/index.php\/wp-json\/wp\/v2\/posts"}],"about":[{"href":"https:\/\/13.com.ar\/index.php\/wp-json\/wp\/v2\/types\/post"}],"author":[{"embeddable":true,"href":"https:\/\/13.com.ar\/index.php\/wp-json\/wp\/v2\/users\/1"}],"replies":[{"embeddable":true,"href":"https:\/\/13.com.ar\/index.php\/wp-json\/wp\/v2\/comments?post=2411"}],"version-history":[{"count":0,"href":"https:\/\/13.com.ar\/index.php\/wp-json\/wp\/v2\/posts\/2411\/revisions"}],"wp:featuredmedia":[{"embeddable":true,"href":"https:\/\/13.com.ar\/index.php\/wp-json\/wp\/v2\/media\/2412"}],"wp:attachment":[{"href":"https:\/\/13.com.ar\/index.php\/wp-json\/wp\/v2\/media?parent=2411"}],"wp:term":[{"taxonomy":"category","embeddable":true,"href":"https:\/\/13.com.ar\/index.php\/wp-json\/wp\/v2\/categories?post=2411"},{"taxonomy":"post_tag","embeddable":true,"href":"https:\/\/13.com.ar\/index.php\/wp-json\/wp\/v2\/tags?post=2411"}],"curies":[{"name":"wp","href":"https:\/\/api.w.org\/{rel}","templated":true}]}}