{"id":2409,"date":"2025-02-05T21:27:40","date_gmt":"2025-02-06T00:27:40","guid":{"rendered":"https:\/\/13.com.ar\/index.php\/por-que-esta-en-ruinas-y-que-antiguedad-tiene\/"},"modified":"2025-02-05T21:27:40","modified_gmt":"2025-02-06T00:27:40","slug":"por-que-esta-en-ruinas-y-que-antiguedad-tiene","status":"publish","type":"post","link":"https:\/\/13.com.ar\/index.php\/por-que-esta-en-ruinas-y-que-antiguedad-tiene\/","title":{"rendered":"por qu\u00e9 est\u00e1 en ruinas y qu\u00e9 antig\u00fcedad tiene"},"content":{"rendered":"<p> <br \/>\n<\/p>\n<div id=\"cuerpo\">\n<div class=\"sc-80531b6b-0 chRIGJ container-text text-embed\">\n<p>Ubicada en el sudoeste bonaerense, la<strong> antigua embotelladora de Agua de Manantial La Copelina <\/strong>es un verdadero testimonio de otra \u00e9poca. Hoy, lejos de su esplendor, la tranquilidad de la zona se ve interrumpida por ciclistas y caminantes curiosos que buscan conocer este sitio cargado de historia y misterios.<\/p>\n<\/div>\n<div class=\"sc-80531b6b-0 chRIGJ container-text text-embed\">\n<p>En su momento, <strong>la planta fue un emblema industrial. <\/strong>Hoy, en cambio, se encuentra en ruinas, con carteles que advierten sobre la prohibici\u00f3n de ingresar o cazar en el predio. Sin embargo, esto no detiene a quienes buscan recorrer los vestigios de lo que alguna vez fue una de las f\u00e1bricas m\u00e1s importantes de la regi\u00f3n.<\/p>\n<\/div>\n<p><h2>Una historia de esplendor y mitos<\/h2>\n<\/p>\n<div class=\"sc-80531b6b-0 chRIGJ container-text text-embed\">\n<p>La historia<strong> <\/strong>se remonta a 1920, cuando el doctor <strong>Manuel Carbonell<\/strong> comenz\u00f3 a forestar la zona de <strong>Sierra de los Padres<\/strong> con plantaciones de l\u00fapulo, palmeras y robles. En 1931, fund\u00f3 la estancia <strong>La Copelina<\/strong> en cercan\u00edas a la <strong>laguna La Brava<\/strong>, donde Bartolom\u00e9 Ginocchio comenz\u00f3 a explotar el manantial con fines comerciales, bas\u00e1ndose en investigaciones que destacaban las propiedades terap\u00e9uticas del agua.<\/p>\n<\/div>\n<div class=\"sc-80531b6b-0 chRIGJ container-text text-embed\">\n<p>Seg\u00fan un art\u00edculo de la revista Caras y Caretas de 1932, la radiactividad del agua de La Copelina alcanzaba niveles de 270 becquerelios por litro, lo que supuestamente facilitaba la digesti\u00f3n, regulaba el h\u00edgado y promov\u00eda la eliminaci\u00f3n de toxinas. En aquellos a\u00f1os, <strong>el agua de manantial radiactiva se promocionaba como un producto beneficioso para la salud<\/strong>.<\/p>\n<\/div>\n<p><h2>Segunda Guerra Mundial y declive<\/h2>\n<\/p>\n<div class=\"sc-80531b6b-0 chRIGJ container-text text-embed\">\n<p>El fin de <strong>la Segunda Guerra Mundial<\/strong> <strong>marc\u00f3 el inicio del ocaso para La Copelina<\/strong>. Con la detonaci\u00f3n de las bombas at\u00f3micas en <strong>Hiroshima y Nagasaki<\/strong>, el p\u00fablico comenz\u00f3 a tomar conciencia de los peligros de la radiactividad, lo que afect\u00f3 la demanda del producto. Adem\u00e1s, <strong>la llegada de grandes multinacionales al mercado<\/strong> de aguas minerales hacia finales de los a\u00f1os 50 <strong>dificult\u00f3 la competencia para la embotelladora<\/strong>.<\/p>\n<\/div>\n<div class=\"sc-198be8ec-0 cynXbu image-embed  image-embed \"><picture class=\"sc-198be8ec-1 kOjRiQ\"><source media=\"(min-width: 975px)\" width=\"720\" height=\"480\" \/><img alt=\"Postal coloreada de La Copelina. Foto: Jos\u00e9 Alberto Lago. \" loading=\"lazy\" width=\"720\" height=\"480\" decoding=\"async\" data-nimg=\"1\" style=\"color:transparent\" src=\"https:\/\/13.com.ar\/wp-content\/uploads\/2025\/02\/por-que-esta-en-ruinas-y-que-antiguedad-tiene.jpg\"\/><span class=\"epigraphe\">Postal coloreada de La Copelina. Foto: Jos\u00e9 Alberto Lago. <\/span><span class=\"bkg\"\/><span class=\"picture-open\"><button class=\"open-image\" aria-label=\"Open Image\"\/><\/span><\/picture><\/div>\n<div class=\"sc-80531b6b-0 chRIGJ container-text text-embed\">\n<p>Adem\u00e1s, hubo otro factor que aliment\u00f3 los mitos en torno a La Copelina. Se hablaba de la supuesta llegada de refugiados nazis tras la guerra, pero esta teor\u00eda nunca fue comprobada.<\/p>\n<\/div>\n<div class=\"sc-80531b6b-0 chRIGJ container-text text-embed\">\n<p>La crisis econ\u00f3mica, la falta de infraestructura el\u00e9ctrica adecuada y el avance de las multinacionales fueron factores determinantes en el cierre de la embotelladora en 1960. Desde entonces, <strong>el predio qued\u00f3 abandonado, envuelto en leyendas urbanas<\/strong> que van desde la presencia de extraterrestres hasta fantasmas.<\/p>\n<\/div>\n<p><h2>Un destino enigm\u00e1tico para aventureros<\/h2>\n<\/p>\n<div class=\"sc-80531b6b-0 chRIGJ container-text text-embed\">\n<p>A\u00fan hoy <strong>La Copelina sigue despertando la curiosidad de exploradores urbanos y turistas<\/strong> que buscan una experiencia distinta. Sus ruinas, ocultas entre la vegetaci\u00f3n y el paso del tiempo, contin\u00faan siendo un punto de inter\u00e9s para quienes disfrutan de recorrer lugares con una historia rica y enigm\u00e1tica.<\/p>\n<\/div>\n<div class=\"sc-198be8ec-0 cynXbu image-embed  image-embed \"><picture class=\"sc-198be8ec-1 kOjRiQ\"><source media=\"(min-width: 975px)\" width=\"720\" height=\"480\" \/><img alt=\"Una botella de agua mineral La Copelina. Foto: Blog La Copelina.\" loading=\"lazy\" width=\"720\" height=\"480\" decoding=\"async\" data-nimg=\"1\" style=\"color:transparent\" src=\"https:\/\/13.com.ar\/wp-content\/uploads\/2025\/02\/1738801660_14_por-que-esta-en-ruinas-y-que-antiguedad-tiene.jpg\"\/><span class=\"epigraphe\">Una botella de agua mineral La Copelina. Foto: Blog La Copelina.<\/span><span class=\"bkg\"\/><span class=\"picture-open\"><button class=\"open-image\" aria-label=\"Open Image\"\/><\/span><\/picture><\/div>\n<div class=\"sc-80531b6b-0 chRIGJ container-text text-embed\">\n<p>Si bien el acceso al predio est\u00e1 restringido, muchos se acercan hasta sus inmediaciones para contemplar lo que queda de esta f\u00e1brica que d\u00e9cadas atr\u00e1s fue un <strong>gigante de la industria del agua mineral<\/strong> en Argentina.<\/p>\n<\/div>\n<div class=\"sc-4306f4f9-0 bAPCpp\">\n<div class=\"inner-card-m\">\n<div class=\"related-content\">\n<p><span class=\"body-title\">Mir\u00e1 tambi\u00e9n<\/span><\/p>\n<h3>Esta Inteligencia Artificial decodifica los ladridos de los perros: \u00bfse puede saber lo que sienten?<\/h3>\n<source media=\"(min-width: 975px)\" width=\"340\" height=\"340\" \/><img alt=\"Esta Inteligencia Artificial decodifica los ladridos de los perros: \u00bfse puede saber lo que sienten?\" loading=\"lazy\" width=\"340\" height=\"340\" decoding=\"async\" data-nimg=\"1\" style=\"color:transparent\" src=\"https:\/\/13.com.ar\/wp-content\/uploads\/2025\/02\/1738801660_725_por-que-esta-en-ruinas-y-que-antiguedad-tiene.jpg\"\/><\/div>\n<\/div>\n<\/div>\n<div class=\"sc-4306f4f9-0 bAPCpp\">\n<div class=\"inner-card-m\">\n<div class=\"related-content\">\n<p><span class=\"body-title\">Mir\u00e1 tambi\u00e9n<\/span><\/p>\n<h3>El perfume preferido de Emilia Mernes: cu\u00e1l es y los detalles que lo hacen tan especial<\/h3>\n<source media=\"(min-width: 975px)\" width=\"340\" height=\"340\" \/><img alt=\"El perfume preferido de Emilia Mernes: cu\u00e1l es y los detalles que lo hacen tan especial\" loading=\"lazy\" width=\"340\" height=\"340\" decoding=\"async\" data-nimg=\"1\" style=\"color:transparent\" src=\"https:\/\/13.com.ar\/wp-content\/uploads\/2025\/02\/1738801660_10_por-que-esta-en-ruinas-y-que-antiguedad-tiene.jpg\"\/><\/div>\n<\/div>\n<\/div>\n<\/div>\n<p><br \/>\n<br \/><a href=\"https:\/\/www.clarin.com\/informacion-general\/historica-construccion-abandonada-afluente-agua-manantial-ruinas-antiguedad_0_fXl8aClKrn.html\">Fuente Clarin.com <\/a><\/p>\n","protected":false},"excerpt":{"rendered":"<p>Ubicada en el sudoeste bonaerense, la antigua embotelladora de Agua de Manantial La Copelina es un verdadero testimonio de otra \u00e9poca. Hoy, lejos de su esplendor, la tranquilidad de la zona se ve interrumpida por ciclistas y caminantes curiosos que buscan conocer este sitio cargado de historia y misterios. En su momento, la planta fue [&hellip;]<\/p>\n","protected":false},"author":1,"featured_media":2410,"comment_status":"open","ping_status":"open","sticky":false,"template":"","format":"standard","meta":{"footnotes":""},"categories":[2],"tags":[4342,300,142,286,4341,1486],"class_list":["post-2409","post","type-post","status-publish","format-standard","has-post-thumbnail","hentry","category-ultimas-noticias","tag-antiguedad","tag-esta","tag-por","tag-que","tag-ruinas","tag-tiene"],"_links":{"self":[{"href":"https:\/\/13.com.ar\/index.php\/wp-json\/wp\/v2\/posts\/2409","targetHints":{"allow":["GET"]}}],"collection":[{"href":"https:\/\/13.com.ar\/index.php\/wp-json\/wp\/v2\/posts"}],"about":[{"href":"https:\/\/13.com.ar\/index.php\/wp-json\/wp\/v2\/types\/post"}],"author":[{"embeddable":true,"href":"https:\/\/13.com.ar\/index.php\/wp-json\/wp\/v2\/users\/1"}],"replies":[{"embeddable":true,"href":"https:\/\/13.com.ar\/index.php\/wp-json\/wp\/v2\/comments?post=2409"}],"version-history":[{"count":0,"href":"https:\/\/13.com.ar\/index.php\/wp-json\/wp\/v2\/posts\/2409\/revisions"}],"wp:featuredmedia":[{"embeddable":true,"href":"https:\/\/13.com.ar\/index.php\/wp-json\/wp\/v2\/media\/2410"}],"wp:attachment":[{"href":"https:\/\/13.com.ar\/index.php\/wp-json\/wp\/v2\/media?parent=2409"}],"wp:term":[{"taxonomy":"category","embeddable":true,"href":"https:\/\/13.com.ar\/index.php\/wp-json\/wp\/v2\/categories?post=2409"},{"taxonomy":"post_tag","embeddable":true,"href":"https:\/\/13.com.ar\/index.php\/wp-json\/wp\/v2\/tags?post=2409"}],"curies":[{"name":"wp","href":"https:\/\/api.w.org\/{rel}","templated":true}]}}