{"id":2407,"date":"2025-02-05T21:24:57","date_gmt":"2025-02-06T00:24:57","guid":{"rendered":"https:\/\/13.com.ar\/index.php\/la-ola-de-calor-cambia-horarios-de-los-partidos-de-liga-profesional-pero-en-el-ascenso-y-el-femenino-todo-sigue-igual\/"},"modified":"2025-02-05T21:24:57","modified_gmt":"2025-02-06T00:24:57","slug":"la-ola-de-calor-cambia-horarios-de-los-partidos-de-liga-profesional-pero-en-el-ascenso-y-el-femenino-todo-sigue-igual","status":"publish","type":"post","link":"https:\/\/13.com.ar\/index.php\/la-ola-de-calor-cambia-horarios-de-los-partidos-de-liga-profesional-pero-en-el-ascenso-y-el-femenino-todo-sigue-igual\/","title":{"rendered":"La ola de calor cambia horarios de los partidos de Liga Profesional, pero en el Ascenso y el femenino todo sigue igual"},"content":{"rendered":"<p> <br \/>\n<\/p>\n<div id=\"cuerpo\">\n<div class=\"sc-80531b6b-0 chRIGJ container-text text-embed\">\n<p>El lunes pasado, la Liga Profesional de F\u00fatbol, que depende directamente de la AFA, modific\u00f3 los horarios de varios partidos de la cuarta y la quinta fecha por la ola de calor que afecta y afectar\u00e1 a distintas partes del pa\u00eds. Una medida que fue celebrada para resguardar la integridad f\u00edsica de los futbolistas profesionales y tambi\u00e9n de los hinchas que tienen que soportar el sol en las tribunas. Sin embargo, <strong>en otras categor\u00edas del mismo f\u00fatbol argentino no hay novedades en el frente<\/strong>. Este fin de semana, por ejemplo, habr\u00e1 <strong>un partido <\/strong>el viernes 7 de febrero y <strong>10 encuentros <\/strong>del s\u00e1bado 8 de febrero que <strong>se jugar\u00e1n a las 17:00<\/strong>, con temperaturas que oscilar\u00e1n entre los 32 y 43 grados.<\/p>\n<\/div>\n<div class=\"sc-80531b6b-0 chRIGJ container-text text-embed\">\n<p>En la pr\u00f3xima jornada de Primera Divisi\u00f3n, la cuarta, se modificaron horarios de las 17 horas pero tambi\u00e9n nocturnos. As\u00ed, Banfield-Belgrano, que se iba a jugar el viernes a las 17 pas\u00f3 para las 17.45; Central C\u00f3rdoba ante Newell\u2019s en Santiago del Estero, pas\u00f3 de las 19.15 a las 20, igual que Hurac\u00e1n-Tigre. Ese mismo d\u00eda hay otros dos cambios pero claramente tienen que ver con la televisaci\u00f3n: Independiente Rivadavia-Estudiantes y Uni\u00f3n-Argentinos, de las 21.30 a las 22.15.<\/p>\n<\/div>\n<div class=\"sc-198be8ec-0 cynXbu image-embed  image-embed \"><picture class=\"sc-198be8ec-1 kOjRiQ\"><source media=\"(min-width: 975px)\" width=\"720\" height=\"480\" \/><img alt=\"La hidrataci\u00f3n, clave para cada futbolista. Foto: Newsdigitales\" loading=\"lazy\" width=\"720\" height=\"480\" decoding=\"async\" data-nimg=\"1\" style=\"color:transparent\" src=\"https:\/\/13.com.ar\/wp-content\/uploads\/2025\/02\/La-ola-de-calor-cambia-horarios-de-los-partidos-de.jpg\"\/><span class=\"epigraphe\">La hidrataci\u00f3n, clave para cada futbolista. Foto: Newsdigitales<\/span><span class=\"bkg\"\/><span class=\"picture-open\"><button class=\"open-image\" aria-label=\"Open Image\"\/><\/span><\/picture><\/div>\n<div class=\"sc-80531b6b-0 chRIGJ container-text text-embed\">\n<p>El s\u00e1bado, en tanto, V\u00e9lez-San Lorenzo pas\u00f3 de las 17 a las 18 y Central-Atl\u00e9tico Tucum\u00e1n de las 5 a las siete y media. Estos cambios retrasaron el horario de River-Independiente (de 19.15 a 20.15) y Racing-Boca (de 21.30 a 22.15). El domingo, como se espera una m\u00e1xima de 29 grados no hubo cambios y dos partidos comenzar\u00e1n a las cinco de la tarde: Deportivo Riestra-Defensa y Platense-Instituto.<\/p>\n<\/div>\n<div class=\"sc-80531b6b-0 chRIGJ container-text text-embed\">\n<p><strong>El horario de las cinco de la tarde no es casual<\/strong>. Es un pedido de Futbolistas Argentinos Agremiados de hace much\u00edsimos a\u00f1os para todas las categor\u00edas. El famoso horario de verano, a partir de diciembre. Sin embargo, en noviembre de 2010, ante un cierre caluroso de la primavera, Agremiados le pidi\u00f3 a la AFA que ning\u00fan partido se disputar\u00e1 entre las 11 y las 17 horas, algo que efectivamente ocurri\u00f3.<\/p>\n<\/div>\n<div class=\"sc-80531b6b-0 chRIGJ container-text text-embed\">\n<p>Este fin de semana comienza la <strong>Primera Nacional<\/strong>, la <strong>Primera B <\/strong>y se juega la segunda fecha de la <strong>Primera Divisi\u00f3n femenina<\/strong>. Y varios partidos est\u00e1n planificados para las cinco de la tarde. El viernes s\u00f3lo,Arsenal &#8211; All Boys en Sarand\u00ed, con 29 grados en el pron\u00f3stico, tal vez se entienda que el horario quede firme. El s\u00e1bado, sin embargo, jugar\u00e1n con 32 grados a esa hora Almagro-San Mart\u00edn de Tucum\u00e1n, Colegiales-Alvarado, Quilmes-Gimnasia y Tiro, Los Andes-Patronato y San Miguel -Trist\u00e1n Su\u00e1rez en la Primera Nacional; en la Primera B, Armenio-Merlo, Laferrere-Real Pilar y Flandria-Italiano; y en el femenino, SAT-V\u00e9lez, Newell\u2019s-Hurac\u00e1n (con 35 grados en Rosario) y a las 18, en San Luis (38 grados), San Luis-Independiente.<\/p>\n<\/div>\n<div class=\"sc-80531b6b-0 chRIGJ container-text text-embed\">\n<p>Si bien el domingo se espera en el AMBA una baja de temperatura (29 la m\u00e1xima) hay tres partidos en tres provincias distintas con temperaturas por arriba de los 30 grados. En Salta, Central Norte recibe a Talleres de Escalada (31 grados); en Jujuy, Gimnasia a Defensores de Belgrano (31 grados tambi\u00e9n); y en Santiago del Estero, donde se anuncian 43 grados, Villa Mitre a Defensores Unidos (recordar que Central C\u00f3rdoba pas\u00f3 de las 19.15 a las 20 en el Madre de Ciudades).<\/p>\n<\/div>\n<div class=\"sc-80531b6b-0 chRIGJ container-text text-embed\">\n<p><strong>Norberto Debbag<\/strong>, m\u00e9dico de Estudiantes de Buenos Aires, alert\u00f3 sobre esta situaci\u00f3n el lunes pasado en una charla con radio La Red: <strong>&#8220;Es una locura y ya ha pasado varias veces<\/strong>. Nosotros ahora no porque jugamos de noche pero en la tercera y quinta fecha tenemos que jugar en Salta y Jujuy a las cinco de la tarde. No sabemos c\u00f3mo estar\u00e1 la temperatura en esos d\u00edas&#8221;. Y remarc\u00f3 sobre el riesgo latente: &#8220;Si bien los jugadores son personas j\u00f3venes, entrenados y en cualquier situaci\u00f3n de mareo van a ser atendidos r\u00e1pidos. Pero no es tan tolerable. Hay que evitar el golpe de calor porque es una emergencia m\u00e9dica que tiene consecuencias graves y puede llevar a la muerte\u201d.<\/p>\n<\/div>\n<div class=\"sc-80531b6b-0 chRIGJ container-text text-embed\">\n<p><strong>Hay decisiones que se entienden y otras que no<\/strong>. Tal vez, muchos juegan a las cinco de la tarde para aprovechar la luz de d\u00eda porque no tienen sistema de iluminaci\u00f3n. O los que tienen, <strong>para ahorrar energ\u00eda<\/strong>. O los que toman decisiones no se enteraron que comienzan dos categor\u00edas de ascenso y ya empez\u00f3 el campeonato de Primera Divisi\u00f3n femenino. Y en un par de semanas vienen los torneos de Inferiores, que suelen utilizar la ma\u00f1ana y el mediod\u00eda para disputar sus encuentros. El riesgo para los profesionales es el mismo que el de la elite de Primera Divisi\u00f3n. Eso s\u00ed, se presume que podr\u00e1n hidratarse.<\/p>\n<\/div>\n<p><h2>El caso de H\u00e9ctor Arispe en 1931<\/h2>\n<\/p>\n<div class=\"sc-80531b6b-0 chRIGJ container-text text-embed\">\n<p>El verano de 1931 hubo un calor extenuante, m\u00e1s que lo normal. El s\u00e1bado 28 de febrero de 1931 la temperatura hab\u00eda llegado a los <strong>38 grados<\/strong>. El domingo 1\u00b0 de marzo no baj\u00f3 mucho el term\u00f3metro. En esa \u00e9poca no hab\u00eda alertas amarillas y rojas por cadena nacional, como ahora, aunque los medios destacaban la ola de calor que azotaba a la ciudad de Buenos Aires.<\/p>\n<\/div>\n<div class=\"sc-198be8ec-0 cynXbu image-embed  image-embed \"><picture class=\"sc-198be8ec-1 kOjRiQ\"><source media=\"(min-width: 975px)\" width=\"720\" height=\"480\" \/><img alt=\"El diario El Mundo editorializ\u00f3 as\u00ed por la muerte de H\u00e9ctor Arispe, jugador de Gimnasia, el 1 de marzo de 1931. \" loading=\"lazy\" width=\"720\" height=\"480\" decoding=\"async\" data-nimg=\"1\" style=\"color:transparent\" src=\"https:\/\/13.com.ar\/wp-content\/uploads\/2025\/02\/1738801497_738_La-ola-de-calor-cambia-horarios-de-los-partidos-de.jpg\"\/><span class=\"epigraphe\">El diario El Mundo editorializ\u00f3 as\u00ed por la muerte de H\u00e9ctor Arispe, jugador de Gimnasia, el 1 de marzo de 1931. <\/span><span class=\"bkg\"\/><span class=\"picture-open\"><button class=\"open-image\" aria-label=\"Open Image\"\/><\/span><\/picture><\/div>\n<div class=\"sc-80531b6b-0 chRIGJ container-text text-embed\">\n<p>Hac\u00eda tiempo que se hab\u00eda prohibido jugar partidos oficiales entre enero y febrero para cuidar la salud de los jugadores. Y por eso el campeonato de 1930 tuvo un freno entre el 21 de diciembre y el 28 de febrero (igual cuatro partidos se jugaron los primeros d\u00edas de enero). El torneo se reanud\u00f3 el 1\u00b0 de marzo. Y los partidos de la fecha 31 comenzaron, en su mayor\u00eda, entre las cuatro y las cinco de la tarde. El calor no hab\u00eda aflojado.<\/p>\n<\/div>\n<div class=\"sc-80531b6b-0 chRIGJ container-text text-embed\">\n<p>En esas circunstancias, Arispe, back izquierdo de Gimnasia y Esgrima La Plata, encontr\u00f3 la muerte tras sufrir una fuerte insolaci\u00f3n. Varios jugadores y hasta un juez de l\u00ednea tambi\u00e9n se insolaron pero no tuvieron ese tr\u00e1gico final.<\/p>\n<\/div>\n<div class=\"sc-198be8ec-0 cynXbu image-embed  image-embed \"><picture class=\"sc-198be8ec-1 kOjRiQ\"><source media=\"(min-width: 975px)\" width=\"720\" height=\"480\" \/><img alt=\"Hector Arispe jugaba de back izquierdo era de General Pico La Pampa y ten\u00eda 26 a\u00f1os.\" loading=\"lazy\" width=\"720\" height=\"480\" decoding=\"async\" data-nimg=\"1\" style=\"color:transparent\" src=\"https:\/\/13.com.ar\/wp-content\/uploads\/2025\/02\/1738801497_840_La-ola-de-calor-cambia-horarios-de-los-partidos-de.jpg\"\/><span class=\"epigraphe\">Hector Arispe jugaba de back izquierdo era de General Pico La Pampa y ten\u00eda 26 a\u00f1os.<\/span><span class=\"bkg\"\/><span class=\"picture-open\"><button class=\"open-image\" aria-label=\"Open Image\"\/><\/span><\/picture><\/div>\n<div class=\"sc-80531b6b-0 chRIGJ container-text text-embed\">\n<p>Los jugadores titulares de Gimnasia andaban de gira por Europa. Arispe, que estaba en la Reserva y hab\u00eda actuado apenas en 8 partidos desde 1928, recibi\u00f3 la citaci\u00f3n por telegrama en Pico, La Pampa, su ciudad natal. Y viaj\u00f3 r\u00e1pidamente hacia La Plata. El partido se jug\u00f3 en la vieja cancha de Sportivo Barracas. A los 9 minutos, salt\u00f3 a cabecear una pelota y luego se desplom\u00f3 en la cancha. <strong>En el hospital Rawson no pudieron reanimarlo<\/strong>. Falleci\u00f3 a las 21:00. <\/p>\n<\/div>\n<div class=\"sc-80531b6b-0 chRIGJ container-text text-embed\">\n<p>Los restos del jugador de 26 a\u00f1os (estaba casado y ten\u00eda una hija) fueron trasladados a Pico, los directivos del club platense le rindieron homenaje, hubo un partido a beneficio de sus familiares, y el caso qued\u00f3 ah\u00ed. Apenas en el recuerdo. A principios de abril los jugadores, organizados en La Mutualista, se declararon en huelga. Cuando volvieron de Europa, los cracks de Gimnasia se sumaron al reclamo. Ya nadie se acordaba de Arispe.<\/p>\n<\/div>\n<div class=\"sc-80531b6b-0 chRIGJ container-text text-embed\">\n<p>Hubo fuertes cr\u00edticas a los dirigentes, frecuentemente interesados en otras cuestiones. &#8220;Aprovecho la oportunidad que se me brinda para protestar contra la Asociaci\u00f3n Amateurs Argentina, quien nos obliga a jugar con semejante calor lo que nos conduce a realizar esfuerzos sobrehumanos&#8221;, dijo por radio el delantero Antonio Ganduglia, de River. &#8220;Una muerte pesa sobre la conciencia, si es que la tiene, del consejo \u00fanico&#8221;, escribi\u00f3 Jos\u00e9 Torrado, que firmaba con el seud\u00f3nimo Offside, en el diario El Mundo. &#8220;Las palabras no pueden disfrazar los hechos. Eso no fue un accidente. Fue un asesinato. Con premeditaci\u00f3n&#8221;, escribi\u00f3 Jos\u00e9 Gabriel en La Naci\u00f3n.<\/p>\n<\/div>\n<div class=\"sc-80531b6b-0 chRIGJ container-text text-embed\">\n<p>La provincia de Buenos Aires extendi\u00f3 la prohibici\u00f3n de partidos tambi\u00e9n en marzo. Pero el campeonato igual continu\u00f3 y finaliz\u00f3 el 12 de abril. Luego, los jugadores se declararon en huelga exigiendo el fin de la cl\u00e1usula candado. Quer\u00edan el pase libre y no que su firma los condenara a pertenecer para siempre al mismo club. Ya en mayo, 18 clubes se escindieron de la Asociaci\u00f3n Amateurs y comenz\u00f3 el profesionalismo. Aunque muchas veces se relacion\u00f3 la muerte de Arispe con la huelga de los futbolistas, los dos hechos no tuvieron relaci\u00f3n.<\/p>\n<\/div>\n<\/div>\n<p><br \/>\n<br \/><a href=\"https:\/\/www.clarin.com\/deportes\/ola-calor-cambia-horarios-partidos-liga-profesional-ascenso-femenino-sigue-igual_0_HT3UetPfnm.html\">Fuente Clarin.com <\/a><\/p>\n","protected":false},"excerpt":{"rendered":"<p>El lunes pasado, la Liga Profesional de F\u00fatbol, que depende directamente de la AFA, modific\u00f3 los horarios de varios partidos de la cuarta y la quinta fecha por la ola de calor que afecta y afectar\u00e1 a distintas partes del pa\u00eds. Una medida que fue celebrada para resguardar la integridad f\u00edsica de los futbolistas profesionales [&hellip;]<\/p>\n","protected":false},"author":1,"featured_media":2408,"comment_status":"open","ping_status":"open","sticky":false,"template":"","format":"standard","meta":{"footnotes":""},"categories":[2],"tags":[4340,1204,181,397,3553,1566,96,28,1203,514,265,3298,837,24],"class_list":["post-2407","post","type-post","status-publish","format-standard","has-post-thumbnail","hentry","category-ultimas-noticias","tag-ascenso","tag-calor","tag-cambia","tag-femenino","tag-horarios","tag-igual","tag-liga","tag-los","tag-ola","tag-partidos","tag-pero","tag-profesional","tag-sigue","tag-todo"],"_links":{"self":[{"href":"https:\/\/13.com.ar\/index.php\/wp-json\/wp\/v2\/posts\/2407","targetHints":{"allow":["GET"]}}],"collection":[{"href":"https:\/\/13.com.ar\/index.php\/wp-json\/wp\/v2\/posts"}],"about":[{"href":"https:\/\/13.com.ar\/index.php\/wp-json\/wp\/v2\/types\/post"}],"author":[{"embeddable":true,"href":"https:\/\/13.com.ar\/index.php\/wp-json\/wp\/v2\/users\/1"}],"replies":[{"embeddable":true,"href":"https:\/\/13.com.ar\/index.php\/wp-json\/wp\/v2\/comments?post=2407"}],"version-history":[{"count":0,"href":"https:\/\/13.com.ar\/index.php\/wp-json\/wp\/v2\/posts\/2407\/revisions"}],"wp:featuredmedia":[{"embeddable":true,"href":"https:\/\/13.com.ar\/index.php\/wp-json\/wp\/v2\/media\/2408"}],"wp:attachment":[{"href":"https:\/\/13.com.ar\/index.php\/wp-json\/wp\/v2\/media?parent=2407"}],"wp:term":[{"taxonomy":"category","embeddable":true,"href":"https:\/\/13.com.ar\/index.php\/wp-json\/wp\/v2\/categories?post=2407"},{"taxonomy":"post_tag","embeddable":true,"href":"https:\/\/13.com.ar\/index.php\/wp-json\/wp\/v2\/tags?post=2407"}],"curies":[{"name":"wp","href":"https:\/\/api.w.org\/{rel}","templated":true}]}}