{"id":2405,"date":"2025-02-05T21:11:37","date_gmt":"2025-02-06T00:11:37","guid":{"rendered":"https:\/\/13.com.ar\/index.php\/cuando-y-donde-juegan-la-final-pendiente\/"},"modified":"2025-02-05T21:11:37","modified_gmt":"2025-02-06T00:11:37","slug":"cuando-y-donde-juegan-la-final-pendiente","status":"publish","type":"post","link":"https:\/\/13.com.ar\/index.php\/cuando-y-donde-juegan-la-final-pendiente\/","title":{"rendered":"cu\u00e1ndo y d\u00f3nde juegan la final pendiente"},"content":{"rendered":"<p> <br \/>\n<br \/><img decoding=\"async\" src=\"https:\/\/13.com.ar\/wp-content\/uploads\/2025\/02\/cuando-y-donde-juegan-la-final-pendiente.jpg\" \/><\/p>\n<div>\n<p>La Asociaci\u00f3n del F\u00fatbol Argentino anunci\u00f3 este mi\u00e9rcoles que empezar\u00e1 a saldar cuentas pendientes. Es que el pr\u00f3ximo mi\u00e9rcoles 5 de marzo, disputar\u00e1 uno de los t\u00edtulos que qued\u00f3 sin resolver de temporadas pasadas: River y Talleres de C\u00f3rdoba se enfrentar\u00e1n por la segunda edici\u00f3n de la Supercopa Internacional. La novedad es que se oficializ\u00f3 la sede: ser\u00e1 en <strong>La Nueva Olla de Asunci\u00f3n del Paraguay<\/strong>.<\/p>\n<\/div>\n<div>\n<p>El Millonario clasific\u00f3 en condici\u00f3n de campe\u00f3n del <strong>Trofeo de Campeones<\/strong>, pero en ese a\u00f1o tambi\u00e9n se qued\u00f3 con la cima de la Tabla acumulada de la temporada. Entonces, <strong>\u00bfpor qu\u00e9 juega Talleres?<\/strong> A pesar de que Rosario Central fue subcampe\u00f3n del Trofeo de Campeones, <strong>la &#8216;T&#8217; entra a la final por haber quedado en el segundo lugar de la Anual<\/strong>.<\/p>\n<\/div>\n<div>\n<p>La \u00fanica edici\u00f3n que se llev\u00f3 a cabo de este trofeo fue en enero de 2023, cuando <strong>Racing <\/strong>se impuso a <strong>Boca <\/strong>en Emiratos \u00c1rabes Unidos. Este t\u00edtulo fue creado por la AFA luego que Patronato de Paran\u00e1 se consagr\u00f3 campe\u00f3n de la Copa Argentina 2022, lo que hubiera significado que se enfrente al &#8216;Xeneize&#8217; en tierras \u00e1rabes. Claro, era mucho menos atractivo que tener otros protagonistas.<\/p>\n<\/div>\n<div>\n<p>Por parte de la <strong>Supercopa Argentina 2024,<\/strong> ser\u00e1 una <strong>reedici\u00f3n de la \u00faltima final de Copa Argentina en el estadio 15 de Abril<\/strong>: <strong>V\u00e9lez <\/strong>volver\u00e1 a verse las caras con <strong>Central C\u00f3rdoba (SdE)<\/strong>. El <strong>Fort\u00edn <\/strong>llega al duelo por haberse consagrado campe\u00f3n de la <strong>Liga Profesional<\/strong>, mientras que el <strong>Ferroviario<\/strong> llega justamente por su <strong>victoria ante la V azulada en aquella final de Copa<\/strong>. Ser\u00e1 el <strong>12 de marzo<\/strong>, pero todav\u00eda no tiene un estadio designado.<\/p>\n<\/div>\n<div>\n<p>A pesar de que desde Viamonte al 1366 ya se oficializaron las fechas de las mencionadas finales, a\u00fan <strong>quedan dos partidos<\/strong> en el tintero para definir a dos campeones m\u00e1s, <strong>aunque uno de los dos ya parece tener la tinta m\u00e1s que seca.<\/strong><\/p>\n<\/div>\n<div>\n<p>La m\u00e1s reciente se trata de la Supercopa Internacional del a\u00f1o 2024 reci\u00e9n finalizado: la final deber\u00e1 jugarse entre <strong>V\u00e9lez y Estudiantes<\/strong>, que se enfrentaron dos veces en una instancia similar durante el a\u00f1o pasado. El <strong>equipo de Liniers<\/strong> llega como <strong>puntero de Tabla Anual<\/strong>, mientras que el <strong>Pincha <\/strong>lo hace como ganador del <strong>Trofeo de Campeones<\/strong>, en el que derrot\u00f3 justamente al equipo velezano.<\/p>\n<\/div>\n<div>\n<p>La otra final pendiente cumple un lustro de antig\u00fcedad: se trata de la definici\u00f3n de la <strong>Supercopa Argentina del a\u00f1o 2020<\/strong>, trunco por la pandemia de Covid-19. Esta final deb\u00eda ser un nuevo cap\u00edtulo de un Supercl\u00e1sico: Boca llegaba como <strong>campe\u00f3n de ambos t\u00edtulos<\/strong> (Superliga y Copa Argentina) con <strong>La Banda<\/strong> como <strong>subcampeona liguera<\/strong>; sin embargo, <strong>no hay noticias al respecto y todo indica que no se jugar\u00e1.<\/strong><\/p>\n<\/div>\n<p><br \/>\n<br \/><a href=\"https:\/\/www.clarin.com\/deportes\/confirmo-sede-supercopa-internacional-2023-river-talleres-cordoba-juegan-final-pendiente_0_ihpgiYexH5.html\">Fuente Clarin.com <\/a><\/p>\n","protected":false},"excerpt":{"rendered":"<p>La Asociaci\u00f3n del F\u00fatbol Argentino anunci\u00f3 este mi\u00e9rcoles que empezar\u00e1 a saldar cuentas pendientes. Es que el pr\u00f3ximo mi\u00e9rcoles 5 de marzo, disputar\u00e1 uno de los t\u00edtulos que qued\u00f3 sin resolver de temporadas pasadas: River y Talleres de C\u00f3rdoba se enfrentar\u00e1n por la segunda edici\u00f3n de la Supercopa Internacional. La novedad es que se oficializ\u00f3 [&hellip;]<\/p>\n","protected":false},"author":1,"featured_media":2406,"comment_status":"open","ping_status":"open","sticky":false,"template":"","format":"standard","meta":{"footnotes":""},"categories":[2],"tags":[677,743,477,907,4339],"class_list":["post-2405","post","type-post","status-publish","format-standard","has-post-thumbnail","hentry","category-ultimas-noticias","tag-cuando","tag-donde","tag-final","tag-juegan","tag-pendiente"],"_links":{"self":[{"href":"https:\/\/13.com.ar\/index.php\/wp-json\/wp\/v2\/posts\/2405","targetHints":{"allow":["GET"]}}],"collection":[{"href":"https:\/\/13.com.ar\/index.php\/wp-json\/wp\/v2\/posts"}],"about":[{"href":"https:\/\/13.com.ar\/index.php\/wp-json\/wp\/v2\/types\/post"}],"author":[{"embeddable":true,"href":"https:\/\/13.com.ar\/index.php\/wp-json\/wp\/v2\/users\/1"}],"replies":[{"embeddable":true,"href":"https:\/\/13.com.ar\/index.php\/wp-json\/wp\/v2\/comments?post=2405"}],"version-history":[{"count":0,"href":"https:\/\/13.com.ar\/index.php\/wp-json\/wp\/v2\/posts\/2405\/revisions"}],"wp:featuredmedia":[{"embeddable":true,"href":"https:\/\/13.com.ar\/index.php\/wp-json\/wp\/v2\/media\/2406"}],"wp:attachment":[{"href":"https:\/\/13.com.ar\/index.php\/wp-json\/wp\/v2\/media?parent=2405"}],"wp:term":[{"taxonomy":"category","embeddable":true,"href":"https:\/\/13.com.ar\/index.php\/wp-json\/wp\/v2\/categories?post=2405"},{"taxonomy":"post_tag","embeddable":true,"href":"https:\/\/13.com.ar\/index.php\/wp-json\/wp\/v2\/tags?post=2405"}],"curies":[{"name":"wp","href":"https:\/\/api.w.org\/{rel}","templated":true}]}}