{"id":2403,"date":"2025-02-05T21:08:50","date_gmt":"2025-02-06T00:08:50","guid":{"rendered":"https:\/\/13.com.ar\/index.php\/los-dos-nombres-sorprendentes-de-javier-y-karina-para-la-ciudad-y-kicillof-lidia-con-la-seguridad-y-con-cristina\/"},"modified":"2025-02-05T21:08:50","modified_gmt":"2025-02-06T00:08:50","slug":"los-dos-nombres-sorprendentes-de-javier-y-karina-para-la-ciudad-y-kicillof-lidia-con-la-seguridad-y-con-cristina","status":"publish","type":"post","link":"https:\/\/13.com.ar\/index.php\/los-dos-nombres-sorprendentes-de-javier-y-karina-para-la-ciudad-y-kicillof-lidia-con-la-seguridad-y-con-cristina\/","title":{"rendered":"Los dos nombres sorprendentes de Javier y Karina para la Ciudad y Kicillof lidia con la seguridad y con Cristina"},"content":{"rendered":"<p> <br \/>\n<\/p>\n<div id=\"cuerpo\">\n<p><h2><strong>Votame, votate<\/strong><\/h2>\n<\/p>\n<div class=\"sc-80531b6b-0 chRIGJ container-text text-embed\">\n<p>El equipo que comanda Javier Gerardo Milei obedece, desde los tiempos de la campa\u00f1a electoral, a una premisa: estar siempre liderando la conversaci\u00f3n en medios y redes sociales, sin temor a generar pol\u00e9mica. <strong>Lo \u00fanico importante es mantener el centro del escenario, sin medir cu\u00e1n fuerte sea la discusi\u00f3n.<\/strong> En estos d\u00edas, hasta se habl\u00f3 de &#8220;nazismo&#8221; y muchos tuiteros o influencers se metieron en la compulsa sin demasiado pudor. Pero <strong>en el propio gobierno reconocen (en voz extremadamente baja) que fue un error no forzado del Presidente y &#8220;que se nos fue larga la pelota&#8221;<\/strong>, seg\u00fan la met\u00e1fora deportiva de un miembro del Gobierno.<\/p>\n<\/div>\n<div class=\"sc-80531b6b-0 chRIGJ container-text text-embed\">\n<p>Pero m\u00e1s all\u00e1 de haber parangonado homosexuales con pedofilia, la administraci\u00f3n libertaria no va claudicar en la discusi\u00f3n de los cupos, los cambios de g\u00e9nero y cualquier tema relacionado que implique alg\u00fan gasto al Estado. Tanta referencia presidencial al tema (como en la entrevista televisiva que le dio a Esteban Trebucq esta semana), <strong>sigue sorprendiendo el silencio del jefe de Estado sobre la separaci\u00f3n forzada de su amigo Ramiro Marra<\/strong>, decisi\u00f3n tomada por su hermana Karina Elizabeth. Algunos de los alfiles libertarios porte\u00f1os esperan que diga algo en breve, pues todo indica que no habr\u00e1 confluencia con el PRO en tierra capitalina, de cara a la elecci\u00f3n adelantada al mes de mayo para elegir legisladores en CABA.<\/p>\n<\/div>\n<div class=\"sc-198be8ec-0 cynXbu image-embed  image-embed \"><picture class=\"sc-198be8ec-1 kOjRiQ\"><source media=\"(min-width: 975px)\" width=\"720\" height=\"480\" \/><img alt=\"Karina Milei particip\u00f3 de una campa\u00f1a de afiliaci\u00f3n de La Libertad Avanza en Villa Devoto.\" loading=\"lazy\" width=\"720\" height=\"480\" decoding=\"async\" data-nimg=\"1\" style=\"color:transparent\" src=\"https:\/\/13.com.ar\/wp-content\/uploads\/2025\/02\/Los-dos-nombres-sorprendentes-de-Javier-y-Karina-para-la.jpg\"\/><span class=\"epigraphe\">Karina Milei particip\u00f3 de una campa\u00f1a de afiliaci\u00f3n de La Libertad Avanza en Villa Devoto.<\/span><span class=\"bkg\"\/><span class=\"picture-open\"><button class=\"open-image\" aria-label=\"Open Image\"\/><\/span><\/picture><\/div>\n<div class=\"sc-80531b6b-0 chRIGJ container-text text-embed\">\n<p><strong>Los armadores libertarios (Karina al frente, acompa\u00f1ada de Mart\u00edn y Lule Menem, y el asesor Santiago Caputo)<\/strong> piensan en un candidato fuerte para esa disputa. Varios aseguran que Patricia Bullrich ya dio el OK, pero para ser la candidata a senadora nacional por La Libertad Avanza, ya que mide muy bien en las encuestas que encarga el Gobierno.<strong> &#8220;Estoy dispuesta; estoy para lo que el equipo necesite&#8221;, le dijo Bullrich al propio Javier Milei.<\/strong> Esta declaraci\u00f3n suma picante cuando tambi\u00e9n se habla de que el propio Mauricio Macri podr\u00eda competir en esa liga por el PRO.<\/p>\n<\/div>\n<div class=\"sc-80531b6b-0 chRIGJ container-text text-embed\">\n<p><strong>&#8220;Si Macri va, sale tercero&#8221;, augura un operador oficialista<\/strong> que ve ganador a LLA en la elecci\u00f3n porte\u00f1a para el Senado y al radical neo peronista Leandro Santoro, c\u00f3modo en el segundo lugar. Pero primero ser\u00e1n las elecciones de legisladores y Santoro todav\u00eda no defini\u00f3 si jugar\u00e1 para senador o privilegia encabezar la lista de la Ciudad, como trampol\u00edn a la pelea de 2027 por la Jefatura de Gobierno porte\u00f1a. <em>Los sue\u00f1os, sue\u00f1os son&#8230;<\/em><\/p>\n<\/div>\n<div class=\"sc-198be8ec-0 cynXbu image-embed  image-embed \"><picture class=\"sc-198be8ec-1 kOjRiQ\"><source media=\"(min-width: 975px)\" width=\"720\" height=\"480\" \/><img alt=\"Patricia Bullrich y Karina Milei, unidas frente al PRO\" loading=\"lazy\" width=\"720\" height=\"480\" decoding=\"async\" data-nimg=\"1\" style=\"color:transparent\" src=\"https:\/\/13.com.ar\/wp-content\/uploads\/2025\/02\/1738800530_419_Los-dos-nombres-sorprendentes-de-Javier-y-Karina-para-la.jpg\"\/><span class=\"epigraphe\">Patricia Bullrich y Karina Milei, unidas frente al PRO<\/span><span class=\"bkg\"\/><span class=\"picture-open\"><button class=\"open-image\" aria-label=\"Open Image\"\/><\/span><\/picture><\/div>\n<p><h2><strong>Libertarios populares<\/strong><\/h2>\n<\/p>\n<div class=\"sc-80531b6b-0 chRIGJ container-text text-embed\">\n<p>Ante la necesidad de presentar nombres conocidos para la pelea de mayo en la Ciudad, <strong>algunos creen que el locuaz Manuel Adorni deber\u00eda encabezar la n\u00f3mina de legisladores<\/strong>, pues el mile\u00edsmo carece de un nombre de fuste para esa pelea. Por eso, el Gobierno nacional mide (como tambi\u00e9n hace Jorge Macri en la Ciudad) todo el tiempo a diferentes actores.<strong> Sonde\u00f3 la imagen del did\u00e1ctico economista e inversor Claudio Zuchovicki y tambi\u00e9n el del dibujante Nik<\/strong>, ambos de excelente v\u00ednculo con Javier Milei.<strong> Zuchovicki ha reiterado que &#8220;nunca me van a ver en pol\u00edtica&#8221;<\/strong> y el creador de Gaturro no se ha expedido a\u00fan.<\/p>\n<\/div>\n<div class=\"sc-198be8ec-0 cynXbu image-embed  image-embed \"><picture class=\"sc-198be8ec-1 kOjRiQ\"><source media=\"(min-width: 975px)\" width=\"720\" height=\"480\" \/><img alt=\"La caricatura de Nik que comparti\u00f3 Milei en sus redes sociales (Instagram Nik Gaturro)\" loading=\"lazy\" width=\"720\" height=\"480\" decoding=\"async\" data-nimg=\"1\" style=\"color:transparent\" src=\"https:\/\/13.com.ar\/wp-content\/uploads\/2025\/02\/1738800530_811_Los-dos-nombres-sorprendentes-de-Javier-y-Karina-para-la.jpg\"\/><span class=\"epigraphe\">La caricatura de Nik que comparti\u00f3 Milei en sus redes sociales (Instagram Nik Gaturro)<\/span><span class=\"bkg\"\/><span class=\"picture-open\"><button class=\"open-image\" aria-label=\"Open Image\"\/><\/span><\/picture><\/div>\n<div class=\"sc-80531b6b-0 chRIGJ container-text text-embed\">\n<p>Todo esto, mientras Jorge Macri no deja de diferenciarse de la Casa Rosada. Casi en paralelo, mientras Adorni confirmaba que la Argentina se retiraba de la Organizaci\u00f3n Mundial de la Salud, <strong>el jefe de Gobierno porte\u00f1o realizaba un anuncio de una inversi\u00f3n de 76 mil millones en salud para la Ciudad. Este claro contraste sucedi\u00f3 mientras Jorge Macri recorr\u00eda el hospital Pi\u00f1ero<\/strong>, acompa\u00f1ado del ministro del rubro, Fern\u00e1n Quir\u00f3s y con el jefe de Gobierno y la vocera porte\u00f1a Laura Alonso. Parad\u00f3jicamente<strong>, los dos nombres que suenan -Quir\u00f3s y Alonso- para ser candidatos en la Ciudad por el PRO.<\/strong><\/p>\n<\/div>\n<div class=\"sc-198be8ec-0 cynXbu image-embed  image-embed \"><picture class=\"sc-198be8ec-1 kOjRiQ\"><source media=\"(min-width: 975px)\" width=\"720\" height=\"480\" \/><img alt=\"El jefe de Gobierno, Jorge Macri, anunci\u00f3 inversiones en salud para la Ciudad.\" loading=\"lazy\" width=\"720\" height=\"480\" decoding=\"async\" data-nimg=\"1\" style=\"color:transparent\" src=\"https:\/\/13.com.ar\/wp-content\/uploads\/2025\/02\/1738800530_480_Los-dos-nombres-sorprendentes-de-Javier-y-Karina-para-la.jpg\"\/><span class=\"epigraphe\">El jefe de Gobierno, Jorge Macri, anunci\u00f3 inversiones en salud para la Ciudad.<\/span><span class=\"bkg\"\/><span class=\"picture-open\"><button class=\"open-image\" aria-label=\"Open Image\"\/><\/span><\/picture><\/div>\n<div class=\"sc-80531b6b-0 chRIGJ container-text text-embed\">\n<p>En este escenario de pelea declarada en tierras capitalinas entre libertarios y macristas, el jefe de Gobierno se muestra en modo campa\u00f1a, entendiendo que el Gobierno nacional no deja un solo d\u00eda de moverse de ese modo. Sumado a que Karina Milei seguir\u00e1 buscando afiliados, como hizo hace pocos d\u00edas en el barrio de Devoto. <strong>El alcalde porte\u00f1o instrument\u00f3 un sistema donde realiza 10 llamados por tel\u00e9fono y manda 10 WhatsApp por d\u00eda a vecinos<\/strong>, lo que lo llev\u00f3 -en uno de los casos- a tener que hacer una videollamada para que le creyeran que era el propio Jorge Macri.<\/p>\n<\/div>\n<div class=\"sc-80531b6b-0 chRIGJ container-text text-embed\">\n<p>Eso, m\u00e1s visitas diarias a familias de polic\u00edas heridos como a bomberos de la Ciudad hasta a taxistas locales que colaboran con la adopci\u00f3n de perros, son parte de un estilo que adopt\u00f3 el jefe de Gobierno. Alguno hasta le ha dicho que si su primo Mauricio fuera candidato, podr\u00eda acompa\u00f1arlo a alguna de estas actividades. Quienes<strong> s\u00ed se sumar\u00e1n a una movida ser\u00e1n Mar\u00eda Eugenia Vidal, Cristian Ritondo y Diego Santilli, pues fueron invitados para el pr\u00f3ximo martes a una reuni\u00f3n de Gabinete<\/strong> ampliado. Todo suma a la hora de contener a posibles saltarines, en tiempos de bondad pol\u00edtica para Javier MIlei y los suyos&#8230;<\/p>\n<\/div>\n<div class=\"sc-198be8ec-0 cynXbu image-embed  image-embed \"><picture class=\"sc-198be8ec-1 kOjRiQ\"><source media=\"(min-width: 975px)\" width=\"720\" height=\"480\" \/><img alt=\"El jefe de Gobierno, Jorge Macri, anunci\u00f3 inversiones en salud para la Ciudad.\" loading=\"lazy\" width=\"720\" height=\"480\" decoding=\"async\" data-nimg=\"1\" style=\"color:transparent\" src=\"https:\/\/13.com.ar\/wp-content\/uploads\/2025\/02\/1738800530_545_Los-dos-nombres-sorprendentes-de-Javier-y-Karina-para-la.jpg\"\/><span class=\"epigraphe\">El jefe de Gobierno, Jorge Macri, anunci\u00f3 inversiones en salud para la Ciudad.<\/span><span class=\"bkg\"\/><span class=\"picture-open\"><button class=\"open-image\" aria-label=\"Open Image\"\/><\/span><\/picture><\/div>\n<p><h2><strong>Provincia caliente<\/strong><\/h2>\n<\/p>\n<div class=\"sc-80531b6b-0 chRIGJ container-text text-embed\">\n<p>En tanto, <strong>el gobierno de Axel Kicillof transita d\u00edas turbulentos con los casos de inseguridad en Moreno y Florencio Varela<\/strong>, hechos que han tenido repercusi\u00f3n nacional, pero que se viven en un conurbano bonaerense donde la violencia es moneda corriente. La situaci\u00f3n del ministro de Seguridad, Javier Alonso, es delicada. Y<strong> algunos kirchneristas han salido a decir que &#8220;nadie pone la cara&#8221;. Y hasta ponen, con un poco de verg\u00fcenza, de ejemplo a An\u00edbal Domingo Fern\u00e1ndez<\/strong> que &#8220;aunque dec\u00eda barbaridades, al menos sal\u00eda y se llevaba la marca&#8221;, rezong\u00f3 un intendente que pide a gritos que les den la polic\u00eda local para poder defenderse de la barbarie.<\/p>\n<\/div>\n<div class=\"sc-80531b6b-0 chRIGJ container-text text-embed\">\n<p><strong>Entre los jefes comunales del conurbano hay di\u00e1logo permanente, pues ven a una Polic\u00eda Bonaerense confundida y sin mando<\/strong>. Y a eso se suma que los n\u00fameros hablan de una <strong>creciente deserci\u00f3n escolar<\/strong>, dato que se agrega a los problemas de una juventud cercada por la delincuencia.<\/p>\n<\/div>\n<div class=\"sc-80531b6b-0 chRIGJ container-text text-embed\">\n<p>Mientras tanto, observan el armado de un acto pol\u00edtico en Mar del Plata, que arranc\u00f3 como una movida exclusiva del peronismo de la quinta secci\u00f3n electoral, pero que tom\u00f3 volumen, pues<strong> Axel Kicillof ir\u00e1 acompa\u00f1ado de un lote de intendentes que quieren que se defina en su independencia pol\u00edtica de Cristina Elisabet Kirchner.<\/strong><\/p>\n<\/div>\n<div class=\"sc-198be8ec-0 cynXbu image-embed  image-embed \"><picture class=\"sc-198be8ec-1 kOjRiQ\"><source media=\"(min-width: 975px)\" width=\"720\" height=\"480\" \/><img alt=\"Afiche convocando a un acto de Kicillof en Mar del Plata\" loading=\"lazy\" width=\"720\" height=\"480\" decoding=\"async\" data-nimg=\"1\" style=\"color:transparent\" src=\"https:\/\/13.com.ar\/wp-content\/uploads\/2025\/02\/1738800530_15_Los-dos-nombres-sorprendentes-de-Javier-y-Karina-para-la.jpg\"\/><span class=\"epigraphe\">Afiche convocando a un acto de Kicillof en Mar del Plata<\/span><span class=\"bkg\"\/><span class=\"picture-open\"><button class=\"open-image\" aria-label=\"Open Image\"\/><\/span><\/picture><\/div>\n<div class=\"sc-80531b6b-0 chRIGJ container-text text-embed\">\n<p><strong>El gobernador no definir\u00e1 este s\u00e1bado si desdobla o no la elecci\u00f3n bonaerense<\/strong>, ya que su mesa chica quiere esperar a que el Congreso Nacional resuelva si suspende o no las PASO: la idea de aplazar por este turno electoral a las Primarias tiene que pasar esta semana por Diputados y, luego, por el Senado, la c\u00e1mara alta donde CFK tiene influencia. Adem\u00e1s, m\u00e1s all\u00e1 de que en Naci\u00f3n suspendan las PASO, despu\u00e9s <strong>Kicillof tendr\u00e1 el desaf\u00edo de que la Legislatura bonaerense apruebe lo mismo, situaci\u00f3n que observa con detenimiento<\/strong>, pues hasta ahora, no ha logrado que le voten ni el Presupuesto ni el endeudamiento en el parlamento provincial.<\/p>\n<\/div>\n<div class=\"sc-80531b6b-0 chRIGJ container-text text-embed\">\n<p>Al encuentro del kicillofismo no est\u00e1 invitada la marplatense Fernanda Raverta, la camporista que supo manejar la ANSES, en un claro desaf\u00edo al cristinismo. Pero de todos modos, los peronistas m\u00e1s curtidos piden paciencia pues <strong>saben que habr\u00e1 -m\u00e1s tarde que temprano- un encuentro entre Cristina y Kicillof, antes de que el gobernador defina si desdobla<\/strong> o no. <em>\u00a1A cruzar los dedos!<\/em><\/p>\n<\/div>\n<div class=\"sc-198be8ec-0 cynXbu image-embed  image-embed \"><picture class=\"sc-198be8ec-1 kOjRiQ\"><source media=\"(min-width: 975px)\" width=\"720\" height=\"480\" \/><img alt=\"Kicillof, Cristina y M\u00e1ximo &#10;Kirchner\" loading=\"lazy\" width=\"720\" height=\"480\" decoding=\"async\" data-nimg=\"1\" style=\"color:transparent\" src=\"https:\/\/13.com.ar\/wp-content\/uploads\/2025\/01\/1738195129_25_La-candidata-tapada-que-preocupa-a-Cristina-Kirchner-y-Mauricio.jpg\"\/><span class=\"epigraphe\">Kicillof, Cristina y M\u00e1ximo<br \/>\nKirchner<\/span><span class=\"bkg\"\/><span class=\"picture-open\"><button class=\"open-image\" aria-label=\"Open Image\"\/><\/span><\/picture><\/div>\n<\/div>\n<p><br \/>\n<br \/><a href=\"https:\/\/www.clarin.com\/politica\/nombres-sorprendentes-javier-karina-ciudad-kicillof-lidia-seguridad-cristina_0_kPS4BOOpil.html\">Fuente Clarin.com <\/a><\/p>\n","protected":false},"excerpt":{"rendered":"<p>Votame, votate El equipo que comanda Javier Gerardo Milei obedece, desde los tiempos de la campa\u00f1a electoral, a una premisa: estar siempre liderando la conversaci\u00f3n en medios y redes sociales, sin temor a generar pol\u00e9mica. Lo \u00fanico importante es mantener el centro del escenario, sin medir cu\u00e1n fuerte sea la discusi\u00f3n. En estos d\u00edas, hasta [&hellip;]<\/p>\n","protected":false},"author":1,"featured_media":2404,"comment_status":"open","ping_status":"open","sticky":false,"template":"","format":"standard","meta":{"footnotes":""},"categories":[2],"tags":[984,18,497,59,273,4337,488,4338,28,4335,16,316,4336],"class_list":["post-2403","post","type-post","status-publish","format-standard","has-post-thumbnail","hentry","category-ultimas-noticias","tag-ciudad","tag-con","tag-cristina","tag-dos","tag-javier","tag-karina","tag-kicillof","tag-lidia","tag-los","tag-nombres","tag-para","tag-seguridad","tag-sorprendentes"],"_links":{"self":[{"href":"https:\/\/13.com.ar\/index.php\/wp-json\/wp\/v2\/posts\/2403","targetHints":{"allow":["GET"]}}],"collection":[{"href":"https:\/\/13.com.ar\/index.php\/wp-json\/wp\/v2\/posts"}],"about":[{"href":"https:\/\/13.com.ar\/index.php\/wp-json\/wp\/v2\/types\/post"}],"author":[{"embeddable":true,"href":"https:\/\/13.com.ar\/index.php\/wp-json\/wp\/v2\/users\/1"}],"replies":[{"embeddable":true,"href":"https:\/\/13.com.ar\/index.php\/wp-json\/wp\/v2\/comments?post=2403"}],"version-history":[{"count":0,"href":"https:\/\/13.com.ar\/index.php\/wp-json\/wp\/v2\/posts\/2403\/revisions"}],"wp:featuredmedia":[{"embeddable":true,"href":"https:\/\/13.com.ar\/index.php\/wp-json\/wp\/v2\/media\/2404"}],"wp:attachment":[{"href":"https:\/\/13.com.ar\/index.php\/wp-json\/wp\/v2\/media?parent=2403"}],"wp:term":[{"taxonomy":"category","embeddable":true,"href":"https:\/\/13.com.ar\/index.php\/wp-json\/wp\/v2\/categories?post=2403"},{"taxonomy":"post_tag","embeddable":true,"href":"https:\/\/13.com.ar\/index.php\/wp-json\/wp\/v2\/tags?post=2403"}],"curies":[{"name":"wp","href":"https:\/\/api.w.org\/{rel}","templated":true}]}}