{"id":2401,"date":"2025-02-05T21:05:48","date_gmt":"2025-02-06T00:05:48","guid":{"rendered":"https:\/\/13.com.ar\/index.php\/luis-caputo-dijo-que-el-acuerdo-con-el-fmi-no-implica-ninguna-devaluacion\/"},"modified":"2025-02-05T21:05:48","modified_gmt":"2025-02-06T00:05:48","slug":"luis-caputo-dijo-que-el-acuerdo-con-el-fmi-no-implica-ninguna-devaluacion","status":"publish","type":"post","link":"https:\/\/13.com.ar\/index.php\/luis-caputo-dijo-que-el-acuerdo-con-el-fmi-no-implica-ninguna-devaluacion\/","title":{"rendered":"Luis Caputo dijo que el acuerdo con el FMI &#8220;no implica ninguna devaluaci\u00f3n&#8221;"},"content":{"rendered":"<p> <br \/>\n<br \/><img decoding=\"async\" src=\"https:\/\/13.com.ar\/wp-content\/uploads\/2025\/02\/Luis-Caputo-dijo-que-el-acuerdo-con-el-FMI-no.jpg\" \/><\/p>\n<div>\n<p><strong>Luis Caputo <\/strong>analiz\u00f3 este mi\u00e9rcoles la situaci\u00f3n econ\u00f3mica de la Argentina. El ministro habl\u00f3 sobre las negociaciones con el FMI y la cotizaci\u00f3n del d\u00f3lar. &#8220;Un acuerdo con el Fondo no implica ninguna devaluaci\u00f3n&#8221;, dijo el funcionario, en referencia a un posible impacto en el precio del d\u00f3lar. Adem\u00e1s, acord\u00f3 con Javier Milei  en marcar el 1 de enero de 2026 como la fecha de salida del cepo cambiario.<\/p>\n<\/div>\n<div>\n<p>&#8220;Dos cosas quiero decir sobre el acuerdo con el Fondo. <strong>Una, no implica ninguna devaluaci\u00f3n.<\/strong> Eso no es un tema. Ni implica ninguna devaluaci\u00f3n&#8221;, remarc\u00f3 Caputo.<\/p>\n<\/div>\n<div>\n<p>&#8220;La otra es que el acuerdo tampoco implica que, una vez hecho el acuerdo, se sale de las restricciones cambiarias al d\u00eda siguiente. Porque el acuerdo acelera la recapitalizaci\u00f3n del Banco Central, que de otro modo nos llevar\u00eda un a\u00f1o. Lo acelera, pero se tienen que cumplir otras dos condiciones&#8221;, a\u00f1adi\u00f3 en una entrevista con LN+.<\/p>\n<\/div>\n<div>\n<p>Sobre el final del cepo, dijo que Milei &#8220;tiene raz\u00f3n&#8221; en poner el 1 de enero de 2026 como la fecha elegida. Pero explic\u00f3 esas tres condiciones que se deben cumplir para concretar la salida de las restricciones.<\/p>\n<\/div>\n<div>\n<p>&#8220;Se va a dar cuando se den esas condiciones. Que la inflaci\u00f3n converja al nivel del crawl del tipo de cambio oficial m\u00e1s la inflaci\u00f3n internacional, que la base monetaria <em>match\u00e9e <\/em>la base amplia, y que podamos recapitalizar el Banco Central&#8221;, expres\u00f3. A esa recapitalizaci\u00f3n, subray\u00f3, apunta el acuerdo con el FMI, cuyo monto no quiso precisar.<\/p>\n<\/div>\n<div>\n<p>Caputo tambi\u00e9n sali\u00f3 al cruce de acusaciones sobre un atraso cambiario. &#8220;Soy de los que piensa exactamente lo contrario, con la diferencia que lo podemos fundamentar&#8221;, contest\u00f3 a las acusaciones de un d\u00f3lar atrasado, que llegan del kirchnerismo pero tambi\u00e9n de sectores liberales.<\/p>\n<\/div>\n<div>\n<p>&#8220;Explicame c\u00f3mo el Banco Central puede comprar 19 mil millones de d\u00f3lares con un d\u00f3lar retrasado. No tiene asidero lo que se dice&#8221;, profundiz\u00f3. Y sentenci\u00f3: &#8220;Los que piensan de esa manera han venido errados desde el d\u00eda uno&#8221;.<\/p>\n<\/div>\n<div>\n<p>Atribuy\u00f3 los cuestionamientos a quienes &#8220;no entendieron&#8221; el programa econ\u00f3mico y a otros que, desde la oposici\u00f3n, &#8220;buscan hacer da\u00f1o&#8221;, en referencia al kirchnerismo.<\/p>\n<\/div>\n<p><br \/>\n<br \/><a href=\"https:\/\/www.clarin.com\/economia\/luis-caputo-dijo-acuerdo-fmi-implica-devaluacion_0_60ZVpJXAva.html\">Fuente Clarin.com <\/a><\/p>\n","protected":false},"excerpt":{"rendered":"<p>Luis Caputo analiz\u00f3 este mi\u00e9rcoles la situaci\u00f3n econ\u00f3mica de la Argentina. El ministro habl\u00f3 sobre las negociaciones con el FMI y la cotizaci\u00f3n del d\u00f3lar. &#8220;Un acuerdo con el Fondo no implica ninguna devaluaci\u00f3n&#8221;, dijo el funcionario, en referencia a un posible impacto en el precio del d\u00f3lar. Adem\u00e1s, acord\u00f3 con Javier Milei en marcar [&hellip;]<\/p>\n","protected":false},"author":1,"featured_media":2402,"comment_status":"open","ping_status":"open","sticky":false,"template":"","format":"standard","meta":{"footnotes":""},"categories":[2],"tags":[267,45,18,3067,1572,323,4333,1251,4334],"class_list":["post-2401","post","type-post","status-publish","format-standard","has-post-thumbnail","hentry","category-ultimas-noticias","tag-acuerdo","tag-caputo","tag-con","tag-devaluacion","tag-dijo","tag-fmi","tag-implica","tag-luis","tag-ninguna"],"_links":{"self":[{"href":"https:\/\/13.com.ar\/index.php\/wp-json\/wp\/v2\/posts\/2401","targetHints":{"allow":["GET"]}}],"collection":[{"href":"https:\/\/13.com.ar\/index.php\/wp-json\/wp\/v2\/posts"}],"about":[{"href":"https:\/\/13.com.ar\/index.php\/wp-json\/wp\/v2\/types\/post"}],"author":[{"embeddable":true,"href":"https:\/\/13.com.ar\/index.php\/wp-json\/wp\/v2\/users\/1"}],"replies":[{"embeddable":true,"href":"https:\/\/13.com.ar\/index.php\/wp-json\/wp\/v2\/comments?post=2401"}],"version-history":[{"count":0,"href":"https:\/\/13.com.ar\/index.php\/wp-json\/wp\/v2\/posts\/2401\/revisions"}],"wp:featuredmedia":[{"embeddable":true,"href":"https:\/\/13.com.ar\/index.php\/wp-json\/wp\/v2\/media\/2402"}],"wp:attachment":[{"href":"https:\/\/13.com.ar\/index.php\/wp-json\/wp\/v2\/media?parent=2401"}],"wp:term":[{"taxonomy":"category","embeddable":true,"href":"https:\/\/13.com.ar\/index.php\/wp-json\/wp\/v2\/categories?post=2401"},{"taxonomy":"post_tag","embeddable":true,"href":"https:\/\/13.com.ar\/index.php\/wp-json\/wp\/v2\/tags?post=2401"}],"curies":[{"name":"wp","href":"https:\/\/api.w.org\/{rel}","templated":true}]}}