{"id":2399,"date":"2025-02-05T20:55:13","date_gmt":"2025-02-05T23:55:13","guid":{"rendered":"https:\/\/13.com.ar\/index.php\/una-pareja-revelo-los-problemas-que-afronto-por-su-diferencia-de-edad-nos-llevamos-31-anos\/"},"modified":"2025-02-05T20:55:13","modified_gmt":"2025-02-05T23:55:13","slug":"una-pareja-revelo-los-problemas-que-afronto-por-su-diferencia-de-edad-nos-llevamos-31-anos","status":"publish","type":"post","link":"https:\/\/13.com.ar\/index.php\/una-pareja-revelo-los-problemas-que-afronto-por-su-diferencia-de-edad-nos-llevamos-31-anos\/","title":{"rendered":"Una pareja revel\u00f3 los problemas que afront\u00f3 por su diferencia de edad: &#8220;Nos llevamos 31 a\u00f1os&#8221;"},"content":{"rendered":"<p> <br \/>\n<\/p>\n<div id=\"cuerpo\">\n<div class=\"sc-80531b6b-0 chRIGJ container-text text-embed\">\n<p>Un hombre y una mujer, quienes <strong>no se conoc\u00edan,<\/strong> se vieron <strong>por primera<\/strong> <strong>vez mediante una pantalla<\/strong>. En esa conexi\u00f3n digital, llevada a cabo en un contexto laboral, <strong>sintieron una atracci\u00f3n mutua<\/strong>. A pesar de que <strong>eran de<\/strong> <strong>generaciones diferentes<\/strong> y la distancia los separaba, notaron que <strong>ten\u00edan mucho en com\u00fan<\/strong>. Con el correr del tiempo, <strong>el amor los fue acercando<\/strong> hasta terminar <strong>entrelazando sus vidas<\/strong>. Pero en el medio <strong>surgieron algunos obst\u00e1culos<\/strong>.<\/p>\n<\/div>\n<div class=\"sc-80531b6b-0 chRIGJ container-text text-embed\">\n<p>Una joven revel\u00f3 su <strong>historia amorosa<\/strong> con su novio, <strong>31 a\u00f1os m\u00e1s grande que ella<\/strong>, y adem\u00e1s habl\u00f3 acerca de los <strong>diversos problemas que ambos afrontaron<\/strong> despu\u00e9s de haberse puesto en pareja. El relato atrajo el inter\u00e9s de los usuarios. <\/p>\n<\/div>\n<div class=\"sc-80531b6b-0 chRIGJ container-text text-embed\">\n<p><strong>Veronica<\/strong> y <strong>Samuele<\/strong> son dos ciudadanos de <strong>Italia<\/strong> que tienen <strong>23<\/strong> y <strong>54 a\u00f1os<\/strong> de edad respectivamente, seg\u00fan informaci\u00f3n del portal de noticias <em>What\u2019s The Jam. <\/em>Aunque ellos trabajan de lo mismo,<em> <\/em>en el \u00e1mbito de la comunicaci\u00f3n digital<em>, <\/em><strong>se conocen desde hace poco tiempo<\/strong>: <strong>un a\u00f1o y algunos meses<\/strong>.<\/p>\n<\/div>\n<p><h2>C\u00f3mo se conocieron <\/h2>\n<\/p>\n<div class=\"sc-80531b6b-0 chRIGJ container-text text-embed\">\n<p>En una oportunidad, cuando todav\u00eda ninguno sab\u00eda de la existencia del otro, coincidieron en una videollamada laboral. Veronica <strong>estaba soltera<\/strong> y Samuele, por su parte &#8211;<strong>divorciado y sin hijos<\/strong>-, tambi\u00e9n <strong>se encontraba sin pareja<\/strong>. &#8220;Aquella videoconferencia, inicialmente formal, pronto <strong>se transform\u00f3 en algo m\u00e1s<\/strong>. No era solamente un di\u00e1logo profesional que flu\u00eda sin esfuerzo: <strong>hab\u00eda una conexi\u00f3n especial<\/strong>, un entendimiento natural que <strong>nunca hab\u00edamos experimentado<\/strong>&#8220;, record\u00f3 la joven en conversaci\u00f3n con <em>What\u2019s The Jam.<\/em><\/p>\n<\/div>\n<div class=\"sc-80531b6b-0 chRIGJ container-text text-embed\">\n<p>A partir de ah\u00ed, de acuerdo a su explicaci\u00f3n, los dos se convirtieron en colegas. Y comenzaron a compartir proyectos de trabajo. &#8220;<strong>Estar juntos en varios proyectos nos acerc\u00f3 cada vez m\u00e1s<\/strong>. Habl\u00e1bamos durante horas, descubriendo gustos en com\u00fan, formas de pensar similares y una visi\u00f3n de la vida que parec\u00eda casi perfectamente alineada. Enseguida nos dimos cuenta de <strong>lo profunda que era esta conexi\u00f3n<\/strong>. Era <strong>como si tuvi\u00e9ramos las mismas emociones, la misma mente<\/strong>&#8220;, manifest\u00f3 ella al mismo portal de noticias.<\/p>\n<\/div>\n<div class=\"sc-198be8ec-0 cynXbu image-embed  image-embed \"><picture class=\"sc-198be8ec-1 kOjRiQ\"><source media=\"(min-width: 975px)\" width=\"720\" height=\"480\" \/><img alt=\"Un fragmento de un video en el cual ambos bailan frente a la c\u00e1mara. Foto: captura\/Via TikTok.\" loading=\"lazy\" width=\"720\" height=\"480\" decoding=\"async\" data-nimg=\"1\" style=\"color:transparent\" src=\"https:\/\/13.com.ar\/wp-content\/uploads\/2025\/02\/Una-pareja-revelo-los-problemas-que-afronto-por-su-diferencia.jpg\"\/><span class=\"epigraphe\">Un fragmento de un video en el cual ambos bailan frente a la c\u00e1mara. Foto: captura\/Via TikTok.<\/span><span class=\"bkg\"\/><span class=\"picture-open\"><button class=\"open-image\" aria-label=\"Open Image\"\/><\/span><\/picture><\/div>\n<div class=\"sc-80531b6b-0 chRIGJ container-text text-embed\">\n<p>Sin embargo, en esa \u00e9poca, pese a la fuerte complicidad que hab\u00edan generado entre los dos a trav\u00e9s del mundo virtual, <strong>a\u00fan no se hab\u00edan visto en persona<\/strong>: resid\u00edan en el mismo pa\u00eds, pero viv\u00edan en ciudades diferentes. Por lo tanto, al cabo de un tiempo de haberse conocido por videollamada, Veronica y Samuele <strong>tomaron la determinaci\u00f3n de encontrarse cara a cara<\/strong>. Y en su primera cita confirmaron el amor que ven\u00edan sintiendo a la distancia. <\/p>\n<\/div>\n<div class=\"sc-80531b6b-0 chRIGJ container-text text-embed\">\n<p>&#8220;La curiosidad y el deseo de conocernos en persona <strong>eran demasiado fuertes como para ignorarlos<\/strong>. Cuando nos vimos en persona por primera vez, <strong>descubrimos que lo hab\u00edamos sentido detr\u00e1s de una pantalla no era s\u00f3lo imaginaci\u00f3n<\/strong>. La conexi\u00f3n f\u00edsica era tan poderosa como la mental y espiritual. <strong>Era amor, puro y simple, originado sin ninguna presi\u00f3n<\/strong>&#8220;, indic\u00f3 la joven. <\/p>\n<\/div>\n<p><h2>Qu\u00e9 dijo la familia de ella: &#8220;Discusiones y noches de l\u00e1grimas&#8221;<\/h2>\n<\/p>\n<div class=\"sc-80531b6b-0 chRIGJ container-text text-embed\">\n<p>Luego de aquel primer encuentro, Veronica y Samuele le <strong>dieron rienda suelta al amor<\/strong>. Pero no todo fue color de rosas para los dos. En un principio, la familia de la joven se mostr\u00f3 en contra del noviazgo debido a la diferencia de edad.<\/p>\n<\/div>\n<div class=\"sc-80531b6b-0 chRIGJ container-text text-embed\">\n<p>Veronica dijo que su mam\u00e1 de <strong>51 a\u00f1os<\/strong> -es <strong>tres a\u00f1os m\u00e1s joven que Samuele<\/strong>-, y otros seres queridos, entraron <strong>en shock<\/strong> <strong>cuando se enteraron de que ella estaba en pareja con un hombre de 54 a\u00f1os<\/strong>. <\/p>\n<\/div>\n<div class=\"sc-80531b6b-0 chRIGJ container-text text-embed\">\n<p>&#8220;<strong>Mis pap\u00e1s fueron quiz\u00e1 el mayor desaf\u00edo<\/strong>. Al principio ellos se hallaban <strong>sorprendidos e incr\u00e9dulos<\/strong>. No pod\u00edan entender c\u00f3mo yo, tan joven, pod\u00eda enamorarme de un hombre mucho m\u00e1s grande y con experiencias diferentes a la m\u00eda. <strong>Hubo<\/strong> <strong>discusiones acaloradas, noches de silencio y l\u00e1grimas<\/strong>. Como suele ocurrir en estos casos, es normal sentir cierto shock inicial y necesitar tiempo para procesar la situaci\u00f3n&#8221;, declar\u00f3 al respecto.<\/p>\n<\/div>\n<div class=\"sc-198be8ec-0 cynXbu image-embed  image-embed \"><picture class=\"sc-198be8ec-1 kOjRiQ\"><source media=\"(min-width: 975px)\" width=\"720\" height=\"480\" \/><img alt=\"Al principio, la familia de ella se mostr\u00f3 en contra de la relaci\u00f3n, aunque luego aceptaron el v\u00ednculo. Foto: captura\/Via TikTok.\" loading=\"lazy\" width=\"720\" height=\"480\" decoding=\"async\" data-nimg=\"1\" style=\"color:transparent\" src=\"https:\/\/13.com.ar\/wp-content\/uploads\/2025\/02\/1738799713_67_Una-pareja-revelo-los-problemas-que-afronto-por-su-diferencia.jpg\"\/><span class=\"epigraphe\">Al principio, la familia de ella se mostr\u00f3 en contra de la relaci\u00f3n, aunque luego aceptaron el v\u00ednculo. Foto: captura\/Via TikTok.<\/span><span class=\"bkg\"\/><span class=\"picture-open\"><button class=\"open-image\" aria-label=\"Open Image\"\/><\/span><\/picture><\/div>\n<div class=\"sc-80531b6b-0 chRIGJ container-text text-embed\">\n<p>Adem\u00e1s, la italiana advirti\u00f3 que sus padres <strong>intentaron buscar una respuesta al porqu\u00e9 de su v\u00ednculo con un hombre 31 a\u00f1os m\u00e1s grande que ella<\/strong>. &#8220;Ellos (NdR: se refiere a sus pap\u00e1s) investigaron en Internet para entender mejor la din\u00e1mica de mi relaci\u00f3n e incluso se preguntaron si esta elecci\u00f3n m\u00eda podr\u00eda estar ligada a una falta de afecto por su parte. Tambi\u00e9n consultaron a psic\u00f3logos&#8221;, asever\u00f3. <\/p>\n<\/div>\n<div class=\"sc-80531b6b-0 chRIGJ container-text text-embed\">\n<p>A medida que transcurr\u00eda el tiempo, los pap\u00e1s <strong>iban de a poco aceptando y apoyando la relaci\u00f3n de su hija con Samuele<\/strong>. &#8220;Ellos <strong>nunca trataron de impedir que lo viera<\/strong>. En pocas semanas empezaron a ver las cosas de otra manera, sobre todo despu\u00e9s de conocer a Sam. <strong>Mis padres notaron los sentimientos genuinos y la profunda conexi\u00f3n que hab\u00eda entre mi novo y yo<\/strong>. Su perspectiva hab\u00eda cambiado. Ahora viajamos juntos, celebramos cenas familiares y <strong>compartimos momentos de alegr\u00eda en familia<\/strong>&#8220;, aclar\u00f3.<\/p>\n<\/div>\n<p><h2>La opini\u00f3n de los usuarios en las redes<\/h2>\n<\/p>\n<div class=\"sc-80531b6b-0 chRIGJ container-text text-embed\">\n<p>Veronica y Samuele, quienes en la actualidad viven juntos, tienen una cuenta de TikTok en donde a diario <strong>publican contenido relacionado a sus aventuras en pareja<\/strong>. &#8220;Cuando nuestros v\u00eddeos se hicieron virales, <strong>nos llegaron todo tipo de comentarios negativos<\/strong>&#8220;, admiti\u00f3 la joven, haciendo referencia a las cr\u00edticas de la gente. <\/p>\n<\/div>\n<div class=\"sc-80531b6b-0 chRIGJ container-text text-embed\">\n<p>Estos usuarios, de acuerdo a Veronica, se burlaban de la diferencia de edad entre ella y su pareja. Por ejemplo, escrib\u00edan en las redes que la joven ten\u00eda <strong><em>daddy issues<\/em><\/strong> -se refiere a problemas con su pap\u00e1- o que su novio &#8220;<strong>parec\u00eda<\/strong>&#8221; <strong>ser su<\/strong> &#8220;<strong>abuelo<\/strong>&#8220;.<\/p>\n<\/div>\n<div class=\"sc-198be8ec-0 cynXbu image-embed  image-embed \"><picture class=\"sc-198be8ec-1 kOjRiQ\"><source media=\"(min-width: 975px)\" width=\"720\" height=\"480\" \/><img alt=\"En TikTok, ambos comparten videos de su vida en pareja. Foto: captura\/Via TikTok.\" loading=\"lazy\" width=\"720\" height=\"480\" decoding=\"async\" data-nimg=\"1\" style=\"color:transparent\" src=\"https:\/\/13.com.ar\/wp-content\/uploads\/2025\/02\/1738799713_467_Una-pareja-revelo-los-problemas-que-afronto-por-su-diferencia.jpg\"\/><span class=\"epigraphe\">En TikTok, ambos comparten videos de su vida en pareja. Foto: captura\/Via TikTok.<\/span><span class=\"bkg\"\/><span class=\"picture-open\"><button class=\"open-image\" aria-label=\"Open Image\"\/><\/span><\/picture><\/div>\n<div class=\"sc-80531b6b-0 chRIGJ container-text text-embed\">\n<p>&#8220;Las miradas, los comentarios y los prejuicios nos acompa\u00f1aron desde el principio. A los que nos odian siempre les respondemos lo mismo: el amor no puede medirse por las opiniones de los dem\u00e1s. <strong>Mucha gente usa las redes para descargar su propia infelicidad y difundir negatividad<\/strong>&#8220;, reflexion\u00f3 la italiana.<\/p>\n<\/div>\n<p><h2>El apoyo de otros usuarios<\/h2>\n<\/p>\n<div class=\"sc-80531b6b-0 chRIGJ container-text text-embed\">\n<p>A su vez, Veronica y Samuele tambi\u00e9n reciben muchos mensajes positivos de los internautas. &#8220;Nosotros quer\u00edamos ser una apoyo para las parejas que ten\u00edan relaciones similares. Todos los d\u00edas nos llegan mensajes de personas que viven historias como las nuestras.<strong> Nos escriben porque ocultan sus relaciones a sus padres o familias y buscan consejos nuestros<\/strong>. Nos dan las gracias por darles fuerzas para mejorar sus relaciones amorosas. Algunos incluso dieron el gran paso de hacer p\u00fablicas sus relaciones&#8221;, afirm\u00f3.<\/p>\n<\/div>\n<div class=\"sc-80531b6b-0 chRIGJ container-text text-embed\">\n<p>Por otro lado, Veronica asegur\u00f3 que tanto ella como su novio <strong>est\u00e1n felices y a gusto con el v\u00ednculo que formaron<\/strong>. &#8220;La vida es un regalo \u00fanico, un milagro que merece ser vivido con todo el coraz\u00f3n, cada d\u00eda. Amar la vida significa aceptarla tal como es, sin condiciones, sin expectativas&#8221;, expres\u00f3.<\/p>\n<\/div>\n<\/div>\n<p><script async src=\"\/\/www.tiktok.com\/embed.js\"><\/script><br \/>\n<br \/><br \/>\n<br \/><a href=\"https:\/\/www.clarin.com\/internacional\/pareja-revelo-problemas-afronto-diferencia-edad-llevamos-31-anos_0_mnaLfRpk5X.html\">Fuente Clarin.com <\/a><\/p>\n","protected":false},"excerpt":{"rendered":"<p>Un hombre y una mujer, quienes no se conoc\u00edan, se vieron por primera vez mediante una pantalla. En esa conexi\u00f3n digital, llevada a cabo en un contexto laboral, sintieron una atracci\u00f3n mutua. A pesar de que eran de generaciones diferentes y la distancia los separaba, notaron que ten\u00edan mucho en com\u00fan. Con el correr del [&hellip;]<\/p>\n","protected":false},"author":1,"featured_media":2400,"comment_status":"open","ping_status":"open","sticky":false,"template":"","format":"standard","meta":{"footnotes":""},"categories":[2],"tags":[4331,636,1237,1665,4332,28,1248,1667,142,4330,241,73],"class_list":["post-2399","post","type-post","status-publish","format-standard","has-post-thumbnail","hentry","category-ultimas-noticias","tag-afronto","tag-anos","tag-diferencia","tag-edad","tag-llevamos","tag-los","tag-nos","tag-pareja","tag-por","tag-problemas","tag-revelo","tag-una"],"_links":{"self":[{"href":"https:\/\/13.com.ar\/index.php\/wp-json\/wp\/v2\/posts\/2399","targetHints":{"allow":["GET"]}}],"collection":[{"href":"https:\/\/13.com.ar\/index.php\/wp-json\/wp\/v2\/posts"}],"about":[{"href":"https:\/\/13.com.ar\/index.php\/wp-json\/wp\/v2\/types\/post"}],"author":[{"embeddable":true,"href":"https:\/\/13.com.ar\/index.php\/wp-json\/wp\/v2\/users\/1"}],"replies":[{"embeddable":true,"href":"https:\/\/13.com.ar\/index.php\/wp-json\/wp\/v2\/comments?post=2399"}],"version-history":[{"count":0,"href":"https:\/\/13.com.ar\/index.php\/wp-json\/wp\/v2\/posts\/2399\/revisions"}],"wp:featuredmedia":[{"embeddable":true,"href":"https:\/\/13.com.ar\/index.php\/wp-json\/wp\/v2\/media\/2400"}],"wp:attachment":[{"href":"https:\/\/13.com.ar\/index.php\/wp-json\/wp\/v2\/media?parent=2399"}],"wp:term":[{"taxonomy":"category","embeddable":true,"href":"https:\/\/13.com.ar\/index.php\/wp-json\/wp\/v2\/categories?post=2399"},{"taxonomy":"post_tag","embeddable":true,"href":"https:\/\/13.com.ar\/index.php\/wp-json\/wp\/v2\/tags?post=2399"}],"curies":[{"name":"wp","href":"https:\/\/api.w.org\/{rel}","templated":true}]}}