{"id":2389,"date":"2025-02-05T20:24:32","date_gmt":"2025-02-05T23:24:32","guid":{"rendered":"https:\/\/13.com.ar\/index.php\/por-la-baja-de-la-inflacion-y-el-fuerte-aumento-de-la-auh-se-redujo-la-pobreza-en-la-segunda-mitad-de-2024\/"},"modified":"2025-02-05T20:24:32","modified_gmt":"2025-02-05T23:24:32","slug":"por-la-baja-de-la-inflacion-y-el-fuerte-aumento-de-la-auh-se-redujo-la-pobreza-en-la-segunda-mitad-de-2024","status":"publish","type":"post","link":"https:\/\/13.com.ar\/index.php\/por-la-baja-de-la-inflacion-y-el-fuerte-aumento-de-la-auh-se-redujo-la-pobreza-en-la-segunda-mitad-de-2024\/","title":{"rendered":"Por la baja de la inflaci\u00f3n y el fuerte aumento de la AUH, se redujo la pobreza en la segunda mitad de 2024"},"content":{"rendered":"<p> <br \/>\n<br \/><img decoding=\"async\" src=\"https:\/\/13.com.ar\/wp-content\/uploads\/2025\/02\/Por-la-baja-de-la-inflacion-y-el-fuerte-aumento.jpg\" \/><\/p>\n<div id=\"cuerpo\">\n<div class=\"sc-80531b6b-0 chRIGJ container-text text-embed\">\n<p>Por el descenso de la inflaci\u00f3n y el fuerte incremento de la ayuda social del Estado a los sectores informales con hijos, <strong>la pobreza descendi\u00f3 a 38,3% y la indigencia a 8,5% en el tercer trimestre de 2024<\/strong>, en base al procesamiento de los microdatos del INDEC del tercer trimestre de 2024 difundidos este mi\u00e9rcoles.<\/p>\n<\/div>\n<div class=\"sc-80531b6b-0 chRIGJ container-text text-embed\">\n<p>Con estos valores la pobreza, que alcanz\u00f3 al 52,9% en el primer semestre de este a\u00f1o, retrocedi\u00f3 a porcentajes similares al de un a\u00f1o atr\u00e1s (38,5%) y por debajo del 44,9% del cuarto trimestre de 2023. Se estima que habr\u00eda descendido en el cuarto trimestre de 2024.<\/p>\n<\/div>\n<div class=\"sc-80531b6b-0 chRIGJ container-text text-embed\">\n<p>En tanto el 8,5% de indigencia es inferior al 10% del tercer trimestre de 2023, al 13,8% del cuarto trimestre de 2024 y al 18,1% de la primera mitad de este a\u00f1o.<\/p>\n<\/div>\n<div class=\"sc-80531b6b-0 chRIGJ container-text text-embed\">\n<p>Sin embargo, si bien tambi\u00e9n en descenso, <strong>la pobreza entre los ocupados se ubic\u00f3 en el 29% por encima del 28,1% del tercer trimestre de 2023<\/strong>.<\/p>\n<\/div>\n<div class=\"sc-80531b6b-0 chRIGJ container-text text-embed\">\n<p>Entre los asalariados la pobreza subi\u00f3 de 24,9% a 26,4%, con los formales la pobreza de 13,7% a 15,7% y los informales de 45,6% a 47,8%.<\/p>\n<\/div>\n<div class=\"sc-80531b6b-0 chRIGJ container-text text-embed\">\n<p>Si esos porcentajes del 38,3% y 8,5% se extienden a toda la poblaci\u00f3n (47,1 millones), la pobreza habr\u00eda abarcado a 18 millones de personas, de los cuales 4 millones ser\u00edan indigentes.<\/p>\n<\/div>\n<div class=\"sc-80531b6b-0 chRIGJ container-text text-embed\">\n<p>Este importante retroceso de esos dos indicadores claves se explica porque <strong>las canastas b\u00e1sicas de indigencia (compuesta de alimentos b\u00e1sicos) y pobreza evolucionaron en los \u00faltimos meses por debajo de la inflaci\u00f3n y de los ingresos familiares<\/strong>.<\/p>\n<\/div>\n<div class=\"sc-80531b6b-0 chRIGJ container-text text-embed\">\n<p>La inflaci\u00f3n fue empujada por los precios de los servicios, mientras se desaceleraron en los rubros vinculados a la alimentaci\u00f3n. En el primer semestre del a\u00f1o pas\u00f3 lo contrario: los ingresos de la poblaci\u00f3n hab\u00edan aumentado muy por debajo de las l\u00edneas de indigencia y pobreza.<\/p>\n<\/div>\n<div class=\"sc-80531b6b-0 chRIGJ container-text text-embed\">\n<p><strong>A esto se agrega el aumento de la AUH (Asignaci\u00f3n Universal por Hijo) y de las tarjetas alimentarias muy por encima de la inflaci\u00f3n<\/strong>. La AUH pas\u00f3 de $ 17.093 en septiembre de 2023 a $ 84.275 en septiembre 2024 con una suba de 393%.<\/p>\n<\/div>\n<div class=\"sc-80531b6b-0 chRIGJ container-text text-embed\">\n<p>\u201c<em>Si bien se lleg\u00f3 estad\u00edsticamente a niveles similares al tercer trimestre de 2024 y la mejora relativa es real, se est\u00e1 sobreestimando la ca\u00edda debido a que los hogares tienen menor capacidad de consumo corriente dado el mayor costo de los servicios p\u00fablicos\u201d<\/em>, se\u00f1al\u00f3 Agustin Salvia, del Observatorio de la Deuda Social de la UCA (Universidad Cat\u00f3lica Argentina).<\/p>\n<\/div>\n<div class=\"sc-80531b6b-0 chRIGJ container-text text-embed\">\n<p>A su vez, pese a ser considera una de las regiones con mejores condiciones de vida, sobre 3.086.000 personas que viven en la Ciudad de Buenos, 868.000 son pobres (28,1%), de los cuales 527.000 son indigentes (17,1%). Entre los chicos y j\u00f3venes menores de 17 a\u00f1os, la pobreza alcanza al 42,6% (283.000).<\/p>\n<\/div>\n<div class=\"sc-80531b6b-0 chRIGJ container-text text-embed\">\n<p>Estos datos oficiales del Instituto de Estad\u00edstica y Censos porte\u00f1o marcan que la pobreza se redujo en relaci\u00f3n al 32,1% (4 puntos) del segundo trimestre 2024, pero es superior al 25,9% (2,2 puntos) del tercer trimestre 2023.<\/p>\n<\/div>\n<div class=\"sc-80531b6b-0 chRIGJ container-text text-embed\">\n<p>En cambio, la indigencia (11%) se mantuvo por encima del 10,1% de igual per\u00edodo de 2023.<\/p>\n<\/div>\n<div class=\"sc-80531b6b-0 chRIGJ container-text text-embed\">\n<p>La medici\u00f3n oficial porte\u00f1a se actualiz\u00f3 en 2022, seg\u00fan el relevamiento de la Encuesta Nacional de Gastos de los Hogares (ENGHo: noviembre de 2017 a noviembre de 2018 y la referencia de los precios y del \u00edndice, se tom\u00f3 un a\u00f1o calendario, entre enero de 2021 y diciembre de 2021.<\/p>\n<\/div>\n<div class=\"sc-80531b6b-0 chRIGJ container-text text-embed\">\n<p>En cambio, el  INDEC se basa en la ENGHO de 2004\/2005 con una indice base de 2016.<\/p>\n<\/div>\n<div class=\"sc-80531b6b-0 chRIGJ container-text text-embed\">\n<p>El INDEC difundir\u00e1 los datos de indigencia y pobreza del segundo semestre de 2024 el pr\u00f3ximo 31 de marzo.<\/p>\n<\/div>\n<\/div>\n<p><br \/>\n<br \/><a href=\"https:\/\/www.clarin.com\/economia\/baja-inflacion-fuerte-aumento-auh-redujo-pobreza-segunda-mitad-2024_0_iIk2VoxWeW.html\">Fuente Clarin.com <\/a><\/p>\n","protected":false},"excerpt":{"rendered":"<p>Por el descenso de la inflaci\u00f3n y el fuerte incremento de la ayuda social del Estado a los sectores informales con hijos, la pobreza descendi\u00f3 a 38,3% y la indigencia a 8,5% en el tercer trimestre de 2024, en base al procesamiento de los microdatos del INDEC del tercer trimestre de 2024 difundidos este mi\u00e9rcoles. [&hellip;]<\/p>\n","protected":false},"author":1,"featured_media":2390,"comment_status":"open","ping_status":"open","sticky":false,"template":"","format":"standard","meta":{"footnotes":""},"categories":[2],"tags":[4322,544,524,624,1544,1505,2516,142,4323,110],"class_list":["post-2389","post","type-post","status-publish","format-standard","has-post-thumbnail","hentry","category-ultimas-noticias","tag-auh","tag-aumento","tag-baja","tag-fuerte","tag-inflacion","tag-mitad","tag-pobreza","tag-por","tag-redujo","tag-segunda"],"_links":{"self":[{"href":"https:\/\/13.com.ar\/index.php\/wp-json\/wp\/v2\/posts\/2389","targetHints":{"allow":["GET"]}}],"collection":[{"href":"https:\/\/13.com.ar\/index.php\/wp-json\/wp\/v2\/posts"}],"about":[{"href":"https:\/\/13.com.ar\/index.php\/wp-json\/wp\/v2\/types\/post"}],"author":[{"embeddable":true,"href":"https:\/\/13.com.ar\/index.php\/wp-json\/wp\/v2\/users\/1"}],"replies":[{"embeddable":true,"href":"https:\/\/13.com.ar\/index.php\/wp-json\/wp\/v2\/comments?post=2389"}],"version-history":[{"count":0,"href":"https:\/\/13.com.ar\/index.php\/wp-json\/wp\/v2\/posts\/2389\/revisions"}],"wp:featuredmedia":[{"embeddable":true,"href":"https:\/\/13.com.ar\/index.php\/wp-json\/wp\/v2\/media\/2390"}],"wp:attachment":[{"href":"https:\/\/13.com.ar\/index.php\/wp-json\/wp\/v2\/media?parent=2389"}],"wp:term":[{"taxonomy":"category","embeddable":true,"href":"https:\/\/13.com.ar\/index.php\/wp-json\/wp\/v2\/categories?post=2389"},{"taxonomy":"post_tag","embeddable":true,"href":"https:\/\/13.com.ar\/index.php\/wp-json\/wp\/v2\/tags?post=2389"}],"curies":[{"name":"wp","href":"https:\/\/api.w.org\/{rel}","templated":true}]}}