{"id":2381,"date":"2025-02-05T20:05:28","date_gmt":"2025-02-05T23:05:28","guid":{"rendered":"https:\/\/13.com.ar\/index.php\/que-paso-con-santi-lopez\/"},"modified":"2025-02-05T20:05:28","modified_gmt":"2025-02-05T23:05:28","slug":"que-paso-con-santi-lopez","status":"publish","type":"post","link":"https:\/\/13.com.ar\/index.php\/que-paso-con-santi-lopez\/","title":{"rendered":"\u00bfqu\u00e9 pas\u00f3 con Santi L\u00f3pez?"},"content":{"rendered":"<p> <br \/>\n<\/p>\n<div id=\"cuerpo\">\n<div class=\"sc-80531b6b-0 chRIGJ container-text text-embed\">\n<p>De ser la joyita de la abuela a salir a pr\u00e9stamo por la ventana en el final del mercado de pases al Rosario Central de Ariel Holan, con quien comparten representante, con un cargo de 150 mil d\u00f3lares y una opci\u00f3n de compra de 2,5 millones por la mitad de su ficha. \u00bfQu\u00e9 pas\u00f3 con Santiago L\u00f3pez, uno de los juveniles apuntados como el futuro del Rojo que tambi\u00e9n supo brillar en la Selecci\u00f3n Sub 17?<\/p>\n<\/div>\n<div class=\"sc-80531b6b-0 chRIGJ container-text text-embed\">\n<p>De \u00e9l se empez\u00f3 a hablar por su gran rendimiento con la camiseta albiceleste en 2023. En ese equipo que compart\u00eda con otros talentos en pa\u00f1ales como por ejemplo el <em>Diablito<\/em> Echeverri, el pibe L\u00f3pez era una de las figuras. En la cantera del Diablo ya la romp\u00eda y se destacaba. Todos lo se\u00f1alaban como &#8220;el&#8221; chico a prestarle atenci\u00f3n por su explosi\u00f3n en los \u00faltimo metros, su gambeta en velocidad y su desequilibrio.<\/p>\n<\/div>\n<div class=\"sc-80531b6b-0 chRIGJ container-text text-embed\">\n<p>En la Reserva tambi\u00e9n empezaba a hacer de la suyas. La expectativa creci\u00f3 luego del Mundial Sub 17 de Indonesia en donde fue de lo mejor (la Argentina lleg\u00f3 hasta la semifinal). Su debut en la Primera de Independiente fue de la mano de Ricardo Zielinski el 17 de julio de 2023 ante Central C\u00f3rdoba. Entr\u00f3 en tiempo cumplido y apenas jug\u00f3 2 minutos. Ten\u00eda 17 a\u00f1os. <\/p>\n<\/div>\n<div class=\"sc-80531b6b-0 chRIGJ container-text text-embed\">\n<p>Luego debi\u00f3 esperar al 2024 para lograr continuidad en la m\u00e1xima categor\u00eda. En el medio se dio la novela de la firma de su contrato que dur\u00f3 varios meses hasta que tuvo final feliz, con una cl\u00e1usula de salida de 20 millones de euros.<\/p>\n<\/div>\n<div class=\"sc-198be8ec-0 cynXbu image-embed  image-embed \"><picture class=\"sc-198be8ec-1 kOjRiQ\"><source media=\"(min-width: 975px)\" width=\"720\" height=\"480\" \/><img alt=\"Santiago L\u00f3pez se besa el escudo de Independiente tras convertir un golazo ante Banfield por la Liga Profesional.\" loading=\"lazy\" width=\"720\" height=\"480\" decoding=\"async\" data-nimg=\"1\" style=\"color:transparent\" src=\"https:\/\/13.com.ar\/wp-content\/uploads\/2025\/02\/\u00bfque-paso-con-Santi-Lopez.jpg\"\/><span class=\"epigraphe\">Santiago L\u00f3pez se besa el escudo de Independiente tras convertir un golazo ante Banfield por la Liga Profesional.<\/span><span class=\"bkg\"\/><span class=\"picture-open\"><button class=\"open-image\" aria-label=\"Open Image\"\/><\/span><\/picture><\/div>\n<div class=\"sc-80531b6b-0 chRIGJ container-text text-embed\">\n<p><strong>Carlos Tevez <\/strong>le dio rodaje, pero fue <strong>Julio Vaccari <\/strong>en el amanecer de su ciclo, quien le inyect\u00f3 la total confianza para que se adue\u00f1ara del puesto de extremo izquierdo. Un <strong>golazo ante Banfield <\/strong>confirmaba que todo lo que se hablaba de \u00e9l era cierto. Fue su gran bienvenida a Primera, despu\u00e9s de todo. Parec\u00eda que ese ser\u00eda su despegue.<\/p>\n<\/div>\n<div class=\"sc-80531b6b-0 chRIGJ container-text text-embed\">\n<p>Los dirigentes se frotaban las manos porque este Independiente -siempre necesitado econ\u00f3micamente que cada mercado de pases recibe inhibiciones- al fin ve\u00eda surgir un producto de Inferiores que, luego de las apariciones de <strong>Esequiel Barco <\/strong>y de <strong>Alan Velasco<\/strong>, podr\u00eda convertirse en un futbolista que le diera alegr\u00edas al equipo y que pudiera ser vendido a un buen dinero en un futuro no muy lejano.<\/p>\n<\/div>\n<div class=\"sc-80531b6b-0 chRIGJ container-text text-embed\">\n<p>Sin embargo, ese buen nivel empez\u00f3 poco a poco a bajar. Y el entrenador, naturalmente, lo reemplaz\u00f3 por alg\u00fan compa\u00f1ero con mejor presente. De pronto, algunas reacciones del chico no cayeron bien dentro del vestuario. Cuentan que luego de un partido de local, <strong>L\u00f3pez estaba tan ofuscado por haber jugado apenas un pu\u00f1ado de minutos que no se duch\u00f3 y se fue con mala cara a pesar de que sus compa\u00f1eros trataron de retenerlo<\/strong>.<\/p>\n<\/div>\n<div class=\"sc-80531b6b-0 chRIGJ container-text text-embed\">\n<p>Los referentes, el DT y dirigentes a cargo del f\u00fatbol le hablaron para intentar ponerlo en eje. El club, adem\u00e1s, puso a su disposici\u00f3n un psic\u00f3logo. No obstante, la cuesti\u00f3n no mejor\u00f3. Santi no lograba recuperar su nivel ni aprovechar cuando le tocaba entrar. Lleg\u00f3 un punto en el que hasta Vaccari dej\u00f3 de incluirlo en la lista de convocados.<\/p>\n<\/div>\n<div class=\"sc-80531b6b-0 chRIGJ container-text text-embed\">\n<p>Sin dudas era una de las piezas a pulir en este nuevo a\u00f1o. Pero la cosa empez\u00f3 mal para \u00e9l: no fue citado para la primera fecha, aun cuando hab\u00eda falta de extremos en el plantel. Estaba en claro que hab\u00eda quedado muy atr\u00e1s en la consideraci\u00f3n del t\u00e9cnico. Y todos coincidieron en que necesitaba un cambio de aire. <strong>Vestido de rojo jug\u00f3 en total 21 partidos y marc\u00f3 2 goles<\/strong>.<\/p>\n<\/div>\n<div class=\"sc-80531b6b-0 chRIGJ container-text text-embed\">\n<p>&#8220;Es una buena oportunidad para el chico y es una buena opci\u00f3n para el club. Se lo dije cuando se fue y se lo vengo diciendo hace bastante a Santi. Es un chico al cual queremos mucho. Solo depende de \u00e9l. Tiene un potencial muy grande y depende de \u00e9l descubrirlo y transitarlo&#8221;, dijo Vaccari en la \u00faltima conferencia de prensa.<\/p>\n<\/div>\n<div class=\"sc-80531b6b-0 chRIGJ container-text text-embed\">\n<p>Santi L\u00f3pez ya pos\u00f3 con la camiseta del Canalla con la esperanza de encontrar all\u00ed su mejor versi\u00f3n. Tiene toda una carrera por delante. Como reflexion\u00f3 Vaccari, todo est\u00e1 en sus manos.<\/p>\n<\/div>\n<\/div>\n<p><br \/>\n<br \/><a href=\"https:\/\/www.clarin.com\/deportes\/apuntado-joyita-independiente-perder-terreno-salir-prestamo-rosario-central-paso-santi-lopez_0_IbCfqzV1o9.html\">Fuente Clarin.com <\/a><\/p>\n","protected":false},"excerpt":{"rendered":"<p>De ser la joyita de la abuela a salir a pr\u00e9stamo por la ventana en el final del mercado de pases al Rosario Central de Ariel Holan, con quien comparten representante, con un cargo de 150 mil d\u00f3lares y una opci\u00f3n de compra de 2,5 millones por la mitad de su ficha. \u00bfQu\u00e9 pas\u00f3 con [&hellip;]<\/p>\n","protected":false},"author":1,"featured_media":2382,"comment_status":"open","ping_status":"open","sticky":false,"template":"","format":"standard","meta":{"footnotes":""},"categories":[2],"tags":[18,2531,158,286,2530],"class_list":["post-2381","post","type-post","status-publish","format-standard","has-post-thumbnail","hentry","category-ultimas-noticias","tag-con","tag-lopez","tag-paso","tag-que","tag-santi"],"_links":{"self":[{"href":"https:\/\/13.com.ar\/index.php\/wp-json\/wp\/v2\/posts\/2381","targetHints":{"allow":["GET"]}}],"collection":[{"href":"https:\/\/13.com.ar\/index.php\/wp-json\/wp\/v2\/posts"}],"about":[{"href":"https:\/\/13.com.ar\/index.php\/wp-json\/wp\/v2\/types\/post"}],"author":[{"embeddable":true,"href":"https:\/\/13.com.ar\/index.php\/wp-json\/wp\/v2\/users\/1"}],"replies":[{"embeddable":true,"href":"https:\/\/13.com.ar\/index.php\/wp-json\/wp\/v2\/comments?post=2381"}],"version-history":[{"count":0,"href":"https:\/\/13.com.ar\/index.php\/wp-json\/wp\/v2\/posts\/2381\/revisions"}],"wp:featuredmedia":[{"embeddable":true,"href":"https:\/\/13.com.ar\/index.php\/wp-json\/wp\/v2\/media\/2382"}],"wp:attachment":[{"href":"https:\/\/13.com.ar\/index.php\/wp-json\/wp\/v2\/media?parent=2381"}],"wp:term":[{"taxonomy":"category","embeddable":true,"href":"https:\/\/13.com.ar\/index.php\/wp-json\/wp\/v2\/categories?post=2381"},{"taxonomy":"post_tag","embeddable":true,"href":"https:\/\/13.com.ar\/index.php\/wp-json\/wp\/v2\/tags?post=2381"}],"curies":[{"name":"wp","href":"https:\/\/api.w.org\/{rel}","templated":true}]}}