{"id":2379,"date":"2025-02-05T20:01:59","date_gmt":"2025-02-05T23:01:59","guid":{"rendered":"https:\/\/13.com.ar\/index.php\/un-nene-de-5-anos-murio-ahogado-en-la-pileta-de-un-club-de-rugby-de-mendoza\/"},"modified":"2025-02-05T20:01:59","modified_gmt":"2025-02-05T23:01:59","slug":"un-nene-de-5-anos-murio-ahogado-en-la-pileta-de-un-club-de-rugby-de-mendoza","status":"publish","type":"post","link":"https:\/\/13.com.ar\/index.php\/un-nene-de-5-anos-murio-ahogado-en-la-pileta-de-un-club-de-rugby-de-mendoza\/","title":{"rendered":"Un nene de 5 a\u00f1os muri\u00f3 ahogado en la pileta de un club de rugby de Mendoza"},"content":{"rendered":"<p> <br \/>\n<br \/><img decoding=\"async\" src=\"https:\/\/13.com.ar\/wp-content\/uploads\/2025\/02\/Un-nene-de-5-anos-murio-ahogado-en-la-pileta.jpg\" \/><\/p>\n<div>\n<p>Un nene de 5 a\u00f1os muri\u00f3 <strong>ahogado<\/strong> este mi\u00e9rcoles en la <strong>pileta del Marista Rugby Club<\/strong>, donde asist\u00eda a la escuela de verano en Luj\u00e1n de Cuyo, Mendoza.<\/p>\n<\/div>\n<div>\n<p>El meno, cuya identidad est\u00e1 reservada, habr\u00eda ca\u00eddo a la pileta despu\u00e9s de golpearse la cabeza y, a pesar del intento de reanimarlo por parte de las autoridades del establecimiento, el ni\u00f1o perdi\u00f3 la vida, indicaron medios locales.<\/p>\n<\/div>\n<div>\n<p>La ambulancia del Servicio Coordinado de Emergencia tard\u00f3 siete minutos en llegar al lugar, seg\u00fan inform\u00f3 el medio local <em>MDZ. <\/em>Cuando llegaron, continuaron con el RCP, pero no pudieron salvarle la vida.<\/p>\n<\/div>\n<div>\n<p>Despu\u00e9s del tr\u00e1gico hecho, los dem\u00e1s ni\u00f1os fueron retirados por sus padres. A las 12.30 sacaron de la pileta el cuerpo del ni\u00f1o, para realizarle la correspondiente autopsia. A\u00fan no trascendi\u00f3 el resultado de esos an\u00e1lisis.<\/p>\n<\/div>\n<div>\n<p>Gustavo Pirrello, fiscal especialista en Homicidios y Violencia Institucional, est\u00e1 a cargo de la investigaci\u00f3n.<\/p>\n<\/div>\n<div>\n<p>El club Marista Rugby Club comparti\u00f3 m\u00e1s tarde un conciso mensaje, en el que anunciaron el cierre de las instalaciones por este mi\u00e9rcoles. No se pronunciaron acerca de la tragedia que ocurri\u00f3 en el predio.<\/p>\n<\/div>\n<div>\n<p>La colonia no la realizaba el club, sino que los organizadores de la escuela de verano alquilaban las instalaciones ubicadas en Terreda y Avenida Malabia.<\/p>\n<\/div>\n<div>\n<p>&#8220;Se han solicitado los correspondientes informes relativos a la habilitaci\u00f3n municipal que haya tenido el Club Marista y su escuela de verano&#8221;, indicaron fuentes de la investigaci\u00f3n.<\/p>\n<\/div>\n<p><br \/>\n<br \/><a href=\"https:\/\/www.clarin.com\/sociedad\/nene-5-anos-murio-ahogado-pileta-club-rugby-mendoza_0_KcbCKKELEE.html\">Fuente Clarin.com <\/a><\/p>\n","protected":false},"excerpt":{"rendered":"<p>Un nene de 5 a\u00f1os muri\u00f3 ahogado este mi\u00e9rcoles en la pileta del Marista Rugby Club, donde asist\u00eda a la escuela de verano en Luj\u00e1n de Cuyo, Mendoza. El meno, cuya identidad est\u00e1 reservada, habr\u00eda ca\u00eddo a la pileta despu\u00e9s de golpearse la cabeza y, a pesar del intento de reanimarlo por parte de las [&hellip;]<\/p>\n","protected":false},"author":1,"featured_media":2380,"comment_status":"open","ping_status":"open","sticky":false,"template":"","format":"standard","meta":{"footnotes":""},"categories":[2],"tags":[3021,636,221,642,611,1502,3022,4315],"class_list":["post-2379","post","type-post","status-publish","format-standard","has-post-thumbnail","hentry","category-ultimas-noticias","tag-ahogado","tag-anos","tag-club","tag-mendoza","tag-murio","tag-nene","tag-pileta","tag-rugby"],"_links":{"self":[{"href":"https:\/\/13.com.ar\/index.php\/wp-json\/wp\/v2\/posts\/2379","targetHints":{"allow":["GET"]}}],"collection":[{"href":"https:\/\/13.com.ar\/index.php\/wp-json\/wp\/v2\/posts"}],"about":[{"href":"https:\/\/13.com.ar\/index.php\/wp-json\/wp\/v2\/types\/post"}],"author":[{"embeddable":true,"href":"https:\/\/13.com.ar\/index.php\/wp-json\/wp\/v2\/users\/1"}],"replies":[{"embeddable":true,"href":"https:\/\/13.com.ar\/index.php\/wp-json\/wp\/v2\/comments?post=2379"}],"version-history":[{"count":0,"href":"https:\/\/13.com.ar\/index.php\/wp-json\/wp\/v2\/posts\/2379\/revisions"}],"wp:featuredmedia":[{"embeddable":true,"href":"https:\/\/13.com.ar\/index.php\/wp-json\/wp\/v2\/media\/2380"}],"wp:attachment":[{"href":"https:\/\/13.com.ar\/index.php\/wp-json\/wp\/v2\/media?parent=2379"}],"wp:term":[{"taxonomy":"category","embeddable":true,"href":"https:\/\/13.com.ar\/index.php\/wp-json\/wp\/v2\/categories?post=2379"},{"taxonomy":"post_tag","embeddable":true,"href":"https:\/\/13.com.ar\/index.php\/wp-json\/wp\/v2\/tags?post=2379"}],"curies":[{"name":"wp","href":"https:\/\/api.w.org\/{rel}","templated":true}]}}