{"id":2377,"date":"2025-02-05T19:58:23","date_gmt":"2025-02-05T22:58:23","guid":{"rendered":"https:\/\/13.com.ar\/index.php\/la-llamativa-respuesta-del-futbolista\/"},"modified":"2025-02-05T19:58:23","modified_gmt":"2025-02-05T22:58:23","slug":"la-llamativa-respuesta-del-futbolista","status":"publish","type":"post","link":"https:\/\/13.com.ar\/index.php\/la-llamativa-respuesta-del-futbolista\/","title":{"rendered":"la llamativa respuesta del futbolista"},"content":{"rendered":"<p> <br \/>\n<\/p>\n<div id=\"cuerpo\">\n<div class=\"sc-80531b6b-0 chRIGJ container-text text-embed\">\n<p><strong>Mauro Icardi<\/strong> y<strong> Eugenia &#8220;la China&#8221; Su\u00e1rez<\/strong> contin\u00faan en Estambul, Turqu\u00eda. Recientemente,<strong> la actriz le dedic\u00f3 al futbolista un gesto de amor a trav\u00e9s de las redes sociales. <\/strong>Lo que no pas\u00f3 desapercibida fue la llamativa respuesta del rosarino, que no estuvo a la altura de la declaraci\u00f3n de La China.<\/p>\n<\/div>\n<div class=\"sc-80531b6b-0 chRIGJ container-text text-embed\">\n<p>La ex <em>Casi \u00c1ngeles<\/em> acudi\u00f3 a su cuenta oficial de Instagram <em>(@sangrejaponesa), <\/em>donde acumula 8 millones de seguidores, para publicar <strong>una postal de Mauro, donde se lo ve recostado en el asiento trasero de un auto<\/strong>, mirando de manera concentrada hacia adelante.<\/p>\n<\/div>\n<div class=\"sc-80531b6b-0 chRIGJ container-text text-embed\">\n<p>El detalle que m\u00e1s destac\u00f3 en el posteo fue la dedicatoria de Eugenia, quien escribi\u00f3 <strong>&#8220;Seni seviyorum&#8221;<\/strong>, acompa\u00f1ada de un emoji de coraz\u00f3n en llamas cuya traducci\u00f3n del turco al espa\u00f1ol es <strong>&#8220;Te amo&#8221;.<\/strong><\/p>\n<\/div>\n<div class=\"sc-198be8ec-0 cynXbu image-embed  image-embed \"><picture class=\"sc-198be8ec-1 kOjRiQ\"><source media=\"(min-width: 975px)\" width=\"720\" height=\"480\" \/><img alt=\"La China Su\u00e1rez y Mauro Icardi, de paseo por Turqu\u00eda. Foto: Instagram.\" loading=\"lazy\" width=\"720\" height=\"480\" decoding=\"async\" data-nimg=\"1\" style=\"color:transparent\" src=\"https:\/\/13.com.ar\/wp-content\/uploads\/2025\/02\/la-llamativa-respuesta-del-futbolista.jpg\"\/><span class=\"epigraphe\">La China Su\u00e1rez y Mauro Icardi, de paseo por Turqu\u00eda. Foto: Instagram.<\/span><span class=\"bkg\"\/><span class=\"picture-open\"><button class=\"open-image\" aria-label=\"Open Image\"\/><\/span><\/picture><\/div>\n<div class=\"sc-80531b6b-0 chRIGJ container-text text-embed\">\n<p>Como no pod\u00eda ser de otra manera, <strong>las palabras de la artista captaron la atenci\u00f3n en redes sociales<\/strong>.<\/p>\n<\/div>\n<div class=\"sc-198be8ec-0 cynXbu image-embed  image-embed \"><picture class=\"sc-198be8ec-1 kOjRiQ\"><source media=\"(min-width: 975px)\" width=\"720\" height=\"480\" \/><img alt=\"La reacci\u00f3n de Mauro Icardi ante la declaraci\u00f3n de amor de la China Su\u00e1rez en redes sociales.  | Foto: Instagram\" loading=\"lazy\" width=\"720\" height=\"480\" decoding=\"async\" data-nimg=\"1\" style=\"color:transparent\" src=\"https:\/\/13.com.ar\/wp-content\/uploads\/2025\/02\/1738796303_823_la-llamativa-respuesta-del-futbolista.jpg\"\/><span class=\"epigraphe\">La reacci\u00f3n de Mauro Icardi ante la declaraci\u00f3n de amor de la China Su\u00e1rez en redes sociales.  | Foto: Instagram<\/span><span class=\"bkg\"\/><span class=\"picture-open\"><button class=\"open-image\" aria-label=\"Open Image\"\/><\/span><\/picture><\/div>\n<div class=\"sc-80531b6b-0 chRIGJ container-text text-embed\">\n<p>Lo cierto es que, el delantero rosarino tampoco hizo caso omiso a la publicaci\u00f3n de la actriz. No obstante, <strong>Mauro solo se limit\u00f3 a repostear la historia compartida por Eugenia en su propio perfil de Instagram<\/strong>, a la cual sum\u00f3 un emoji de manos formando un coraz\u00f3n a la declaraci\u00f3n de su novia.<\/p>\n<\/div>\n<div class=\"sc-80531b6b-0 chRIGJ container-text text-embed\">\n<p>En una nueva publicaci\u00f3n, la China Su\u00e1rez subi\u00f3 dos im\u00e1genes junto a Mauro Icardi dentro de un auto, en las que ambos aparecen bien abrigados con ropa de invierno para combatir las fr\u00edas temperaturas que atraviesa Turqu\u00eda.<\/p>\n<\/div>\n<div class=\"sc-198be8ec-0 cynXbu image-embed  image-embed \"><picture class=\"sc-198be8ec-1 kOjRiQ\"><source media=\"(min-width: 975px)\" width=\"720\" height=\"480\" \/><img alt=\"Las tiernas fotos de Mauro Icardi y la China Su\u00e1rez en Turqu\u00eda.\" loading=\"lazy\" width=\"720\" height=\"480\" decoding=\"async\" data-nimg=\"1\" style=\"color:transparent\" src=\"https:\/\/13.com.ar\/wp-content\/uploads\/2025\/02\/1738796303_162_la-llamativa-respuesta-del-futbolista.jpg\"\/><span class=\"epigraphe\">Las tiernas fotos de Mauro Icardi y la China Su\u00e1rez en Turqu\u00eda.<\/span><span class=\"bkg\"\/><span class=\"picture-open\"><button class=\"open-image\" aria-label=\"Open Image\"\/><\/span><\/picture><\/div>\n<div class=\"sc-80531b6b-0 chRIGJ container-text text-embed\">\n<p>Mauro luci\u00f3 una campera negra deportiva junto a un gorro de lana, mientras que Eugenia opt\u00f3 por un sweater oversize de cuello tortuga en verde, con una leyenda amarilla en el frente. <\/p>\n<\/div>\n<div class=\"sc-80531b6b-0 chRIGJ container-text text-embed\">\n<p>Junto a las fotos, La China sum\u00f3 un emoji de coraz\u00f3n y otro de un fuego.<\/p>\n<\/div>\n<p><h2>Alejado del esc\u00e1ndalo del Wandagate, Benjam\u00edn Vicu\u00f1a disfruta de sus hijos en un paisaje so\u00f1ado<\/h2>\n<\/p>\n<div class=\"sc-80531b6b-0 chRIGJ container-text text-embed\">\n<p>Mientras La China Su\u00e1rez disfruta de su tiempo junto a Mauro Icardi en el pa\u00eds de Medio Oriente, <strong>Benjam\u00edn Vicu\u00f1a<\/strong> decidi\u00f3 tomar distancia del revuelo medi\u00e1tico y para ello, emprendi\u00f3 un viaje familiar a la Patagonia acompa\u00f1ado de Amancio y Magnolia, sus hijos en com\u00fan con la actriz.<\/p>\n<\/div>\n<div class=\"sc-80531b6b-0 chRIGJ container-text text-embed\">\n<p>Tras haber visitado Chile y Jap\u00f3n con su novia, <strong>Anita Espasandin<\/strong>, el actor chileno paso tiempo de calidad con los peque\u00f1os en territorio nacional.<\/p>\n<\/div>\n<div class=\"sc-80531b6b-0 chRIGJ container-text text-embed\">\n<p>De esta manera, a trav\u00e9s de su cuenta oficial de Instagram (<em>@benjaminvicuna.ok)<\/em>, Vicu\u00f1a <strong>comparti\u00f3 algunas postales del paseo que emprendieron por la Patagonia.<\/strong><\/p>\n<\/div>\n<div class=\"sc-198be8ec-0 cynXbu image-embed  image-embed \"><picture class=\"sc-198be8ec-1 kOjRiQ\"><source media=\"(min-width: 975px)\" width=\"720\" height=\"480\" \/><img alt=\"Benjam\u00edn Vicu\u00f1a retrat\u00f3 a su hijo, Amancio en medio de su escapada familiar al sur argentino. | Foto: Instagram\" loading=\"lazy\" width=\"720\" height=\"480\" decoding=\"async\" data-nimg=\"1\" style=\"color:transparent\" src=\"https:\/\/13.com.ar\/wp-content\/uploads\/2025\/02\/Alejado-del-escandalo-del-Wandagate-Benjamin-Vicuna-disfruta-de-sus.jpg\"\/><span class=\"epigraphe\">Benjam\u00edn Vicu\u00f1a retrat\u00f3 a su hijo, Amancio en medio de su escapada familiar al sur argentino. | Foto: Instagram<\/span><span class=\"bkg\"\/><span class=\"picture-open\"><button class=\"open-image\" aria-label=\"Open Image\"\/><\/span><\/picture><\/div>\n<div class=\"sc-80531b6b-0 chRIGJ container-text text-embed\">\n<p>En la primera imagen que comparti\u00f3 en sus historias,<strong> Amancio<\/strong> -el menor de sus hijos con La China Su\u00e1rez- <strong>se mostr\u00f3 con unos anteojos de sol negros<\/strong> mientras se encontraba sentado contra un respaldo de cuero marr\u00f3n y la boca abierta, dejando en evidencia una expresi\u00f3n de entusiasmo.<\/p>\n<\/div>\n<div class=\"sc-80531b6b-0 chRIGJ container-text text-embed\">\n<p>Otra de las fotos inmortaliz\u00f3 la majestuosidad de un lago de aguas cristalinas que se extend\u00eda hasta el horizonte, rodeando una imponente formaci\u00f3n rocosa.<\/p>\n<\/div>\n<div class=\"sc-198be8ec-0 cynXbu image-embed  image-embed \"><picture class=\"sc-198be8ec-1 kOjRiQ\"><source media=\"(min-width: 975px)\" width=\"720\" height=\"480\" \/><img alt=\"Benjam\u00edn Vicu\u00f1a retrat\u00f3 algunos de los pa\u00edsajes del sur argentino. | Foto: Instagram\" loading=\"lazy\" width=\"720\" height=\"480\" decoding=\"async\" data-nimg=\"1\" style=\"color:transparent\" src=\"https:\/\/13.com.ar\/wp-content\/uploads\/2025\/02\/1738701747_560_Alejado-del-escandalo-del-Wandagate-Benjamin-Vicuna-disfruta-de-sus.jpg\"\/><span class=\"epigraphe\">Benjam\u00edn Vicu\u00f1a retrat\u00f3 algunos de los pa\u00edsajes del sur argentino. | Foto: Instagram<\/span><span class=\"bkg\"\/><span class=\"picture-open\"><button class=\"open-image\" aria-label=\"Open Image\"\/><\/span><\/picture><\/div>\n<div class=\"sc-80531b6b-0 chRIGJ container-text text-embed\">\n<p>Como no pod\u00eda ser de otra manera, <strong>Benjam\u00edn tambi\u00e9n retrat\u00f3 a los dos peque\u00f1os juntos mientras posaban para el lente de la c\u00e1mara<\/strong>. De esta manera, en la imagen, se vio a Magnolia -la mayor de sus hijos con Eugenia &#8220;La China&#8221; Su\u00e1rez- sonriendo en medio de un paseo en bote por un lago, acompa\u00f1ada de su hermano Amancio.<\/p>\n<\/div>\n<div class=\"sc-80531b6b-0 chRIGJ container-text text-embed\">\n<p>De fondo, tambi\u00e9n se apreciaron algunas colinas cubiertas de \u00e1rboles y el agua que resplandec\u00eda bajo el reflejo del sol.<\/p>\n<\/div>\n<div class=\"sc-198be8ec-0 cynXbu image-embed  image-embed \"><picture class=\"sc-198be8ec-1 kOjRiQ\"><source media=\"(min-width: 975px)\" width=\"720\" height=\"480\" \/><img alt=\"Alejado del esc\u00e1ndalo del Wandagate, Benjam\u00edn Vicu\u00f1a disfruta de sus hijos en el sur del pa\u00eds\" loading=\"lazy\" width=\"720\" height=\"480\" decoding=\"async\" data-nimg=\"1\" style=\"color:transparent\" src=\"https:\/\/13.com.ar\/wp-content\/uploads\/2025\/02\/1738796303_632_la-llamativa-respuesta-del-futbolista.jpg\"\/><span class=\"epigraphe\">Alejado del esc\u00e1ndalo del Wandagate, Benjam\u00edn Vicu\u00f1a disfruta de sus hijos en el sur del pa\u00eds<\/span><span class=\"bkg\"\/><span class=\"picture-open\"><button class=\"open-image\" aria-label=\"Open Image\"\/><\/span><\/picture><\/div>\n<div class=\"sc-80531b6b-0 chRIGJ container-text text-embed\">\n<p><strong>La peque\u00f1a se mostr\u00f3 sonriente y con el cabello despeinado por el viento<\/strong> ante la c\u00e1mara de su pap\u00e1, quien sum\u00f3 un emoji de coraz\u00f3n rosa en una de las esquinas de la imagen.<\/p>\n<\/div>\n<div class=\"sc-80531b6b-0 chRIGJ container-text text-embed\">\n<p>Adem\u00e1s, en otra historia<strong>, el actor comparti\u00f3 una foto de espaldas junto a sus dos hijos<\/strong>, mientras los tres admiraban el paisaje del destino que eligieron para su escapada familiar.<\/p>\n<\/div>\n<div class=\"sc-198be8ec-0 cynXbu image-embed  image-embed \"><picture class=\"sc-198be8ec-1 kOjRiQ\"><source media=\"(min-width: 975px)\" width=\"720\" height=\"480\" \/><img alt=\"Magnolia y Amancio en la escapada familiar que emprendieron junto a Benjam\u00edn Vicu\u00f1a en el sur del pa\u00eds.\" loading=\"lazy\" width=\"720\" height=\"480\" decoding=\"async\" data-nimg=\"1\" style=\"color:transparent\" src=\"https:\/\/13.com.ar\/wp-content\/uploads\/2025\/02\/1738701747_316_Alejado-del-escandalo-del-Wandagate-Benjamin-Vicuna-disfruta-de-sus.jpg\"\/><span class=\"epigraphe\">Magnolia y Amancio en la escapada familiar que emprendieron junto a Benjam\u00edn Vicu\u00f1a en el sur del pa\u00eds.<\/span><span class=\"bkg\"\/><span class=\"picture-open\"><button class=\"open-image\" aria-label=\"Open Image\"\/><\/span><\/picture><\/div>\n<div class=\"sc-80531b6b-0 chRIGJ container-text text-embed\">\n<p>Durante el fin de semana,<strong> Vicu\u00f1a tambi\u00e9n fotografi\u00f3 a Magnolia y Amancio divirti\u00e9ndose en un lago<\/strong>, vestidos con trajes de neopreno mientras el agua azul y las monta\u00f1as creaban un impresionante escenario natural a su alrededor.<\/p>\n<\/div>\n<\/div>\n<p><br \/>\n<br \/><a href=\"https:\/\/www.clarin.com\/fama\/china-suarez-declaro-dijo-amo-mauro-icardi-llamativa-respuesta-futbolista_0_z7C3evnlaY.html\">Fuente Clarin.com <\/a><\/p>\n","protected":false},"excerpt":{"rendered":"<p>Mauro Icardi y Eugenia &#8220;la China&#8221; Su\u00e1rez contin\u00faan en Estambul, Turqu\u00eda. Recientemente, la actriz le dedic\u00f3 al futbolista un gesto de amor a trav\u00e9s de las redes sociales. Lo que no pas\u00f3 desapercibida fue la llamativa respuesta del rosarino, que no estuvo a la altura de la declaraci\u00f3n de La China. La ex Casi \u00c1ngeles [&hellip;]<\/p>\n","protected":false},"author":1,"featured_media":2378,"comment_status":"open","ping_status":"open","sticky":false,"template":"","format":"standard","meta":{"footnotes":""},"categories":[2],"tags":[100,3748,4314,3482],"class_list":["post-2377","post","type-post","status-publish","format-standard","has-post-thumbnail","hentry","category-ultimas-noticias","tag-del","tag-futbolista","tag-llamativa","tag-respuesta"],"_links":{"self":[{"href":"https:\/\/13.com.ar\/index.php\/wp-json\/wp\/v2\/posts\/2377","targetHints":{"allow":["GET"]}}],"collection":[{"href":"https:\/\/13.com.ar\/index.php\/wp-json\/wp\/v2\/posts"}],"about":[{"href":"https:\/\/13.com.ar\/index.php\/wp-json\/wp\/v2\/types\/post"}],"author":[{"embeddable":true,"href":"https:\/\/13.com.ar\/index.php\/wp-json\/wp\/v2\/users\/1"}],"replies":[{"embeddable":true,"href":"https:\/\/13.com.ar\/index.php\/wp-json\/wp\/v2\/comments?post=2377"}],"version-history":[{"count":0,"href":"https:\/\/13.com.ar\/index.php\/wp-json\/wp\/v2\/posts\/2377\/revisions"}],"wp:featuredmedia":[{"embeddable":true,"href":"https:\/\/13.com.ar\/index.php\/wp-json\/wp\/v2\/media\/2378"}],"wp:attachment":[{"href":"https:\/\/13.com.ar\/index.php\/wp-json\/wp\/v2\/media?parent=2377"}],"wp:term":[{"taxonomy":"category","embeddable":true,"href":"https:\/\/13.com.ar\/index.php\/wp-json\/wp\/v2\/categories?post=2377"},{"taxonomy":"post_tag","embeddable":true,"href":"https:\/\/13.com.ar\/index.php\/wp-json\/wp\/v2\/tags?post=2377"}],"curies":[{"name":"wp","href":"https:\/\/api.w.org\/{rel}","templated":true}]}}