{"id":2331,"date":"2025-02-05T18:15:47","date_gmt":"2025-02-05T21:15:47","guid":{"rendered":"https:\/\/13.com.ar\/index.php\/la-violencia-imparable-el-mayor-desafio-para-el-proximo-presidente-de-ecuador\/"},"modified":"2025-02-05T18:15:47","modified_gmt":"2025-02-05T21:15:47","slug":"la-violencia-imparable-el-mayor-desafio-para-el-proximo-presidente-de-ecuador","status":"publish","type":"post","link":"https:\/\/13.com.ar\/index.php\/la-violencia-imparable-el-mayor-desafio-para-el-proximo-presidente-de-ecuador\/","title":{"rendered":"la violencia imparable, el mayor desaf\u00edo para el pr\u00f3ximo presidente de Ecuador"},"content":{"rendered":"<p> <br \/>\n<\/p>\n<div id=\"cuerpo\">\n<div class=\"sc-80531b6b-0 chRIGJ container-text text-embed\">\n<p>El candidato que sea elegido presidente de <strong>Ecuador<\/strong> en las pr\u00f3ximas elecciones tendr\u00e1 un gran desaf\u00edo: combatir la ola de violencia que ha sembrado la cotidianidad de los ecuatorianos de noticias sobre <strong>cr\u00edmenes violentos, de extorsiones a negocios y de secuestros.<\/strong><\/p>\n<\/div>\n<div class=\"sc-80531b6b-0 chRIGJ container-text text-embed\">\n<p>Las autoridades atribuyen esta situaci\u00f3n, que se dispar\u00f3 hace cuatro a\u00f1os, a la acci\u00f3n del <strong>crimen organizado relacionado con el narcotr\u00e1fico transnacional<\/strong>, un problema al que se han enfrentado por a\u00f1os otros pa\u00edses como M\u00e9xico o Colombia, sin que hayan encontrado una soluci\u00f3n definitiva para la pacificaci\u00f3n de las calles.<\/p>\n<\/div>\n<div class=\"sc-80531b6b-0 chRIGJ container-text text-embed\">\n<p>Y as\u00ed tambi\u00e9n como en territorios vecinos, a Ecuador le espera un camino largo, auguran analistas, ante las soluciones planteadas por los \u00faltimos tres gobiernos. Se han implementado medidas para contener situaciones violentas como las masacres en motines carcelarios o el repunte de asesinatos, pero <strong>las promesas de pol\u00edticas de seguridad no han dado hasta ahora resultados consistentes.<\/strong><\/p>\n<\/div>\n<div class=\"sc-80531b6b-0 chRIGJ container-text text-embed\">\n<p>Los ecuatorianos votan este domingo para elegir presidente, vicepresidente y los integrantes de la Asamblea Nacional (Parlamento). Entre los 16 candidatos a la presidencia, s\u00f3lo dos tienen chances reales, el actual mandatario Daniel Noboa y su rival corre\u00edsta Luisa Gonz\u00e1lez.<\/p>\n<\/div>\n<div class=\"sc-80531b6b-0 chRIGJ container-text text-embed\">\n<p>Las encuestas marcan sin embargo una estrecha diferencia entre ambos, y lo m\u00e1s probable es que haya <strong>una segunda vuelta, prevista para el 13 de abril<\/strong>. Reci\u00e9n all\u00ed se sabr\u00e1 qui\u00e9n manejar\u00e1 los hilos del pa\u00eds por los pr\u00f3ximos cuatro a\u00f1os. Y que deber\u00e1 enfrentar el reto de combatir la criminalidad.<\/p>\n<\/div>\n<div class=\"sc-198be8ec-0 cynXbu image-embed  image-embed \"><picture class=\"sc-198be8ec-1 kOjRiQ\"><source media=\"(min-width: 975px)\" width=\"720\" height=\"480\" \/><img alt=\"Un poster de campa\u00f1a con la imagen del presidente Daniel Noboa, quien busca la reelecci\u00f3n. Foto: REUTERS   \" loading=\"lazy\" width=\"720\" height=\"480\" decoding=\"async\" data-nimg=\"1\" style=\"color:transparent\" src=\"https:\/\/13.com.ar\/wp-content\/uploads\/2025\/02\/la-violencia-imparable-el-mayor-desafio-para-el-proximo-presidente.jpg\"\/><span class=\"epigraphe\">Un poster de campa\u00f1a con la imagen del presidente Daniel Noboa, quien busca la reelecci\u00f3n. Foto: REUTERS   <\/span><span class=\"bkg\"\/><span class=\"picture-open\"><button class=\"open-image\" aria-label=\"Open Image\"\/><\/span><\/picture><\/div>\n<p><h2>Calles y rutas militarizadas<\/h2>\n<\/p>\n<div class=\"sc-80531b6b-0 chRIGJ container-text text-embed\">\n<p>&#8220;Es un problema con el que vamos a tener que convivir\u201d, dijo a<em> The Associated Press <\/em>el ex jefe del comando conjunto de las Fuerzas Armadas, general retirado Paco Moncayo, para quien contra la inseguridad de momento \u201cno hay pol\u00edtica de Estado\u201d.<\/p>\n<\/div>\n<div class=\"sc-80531b6b-0 chRIGJ container-text text-embed\">\n<p>En enero de 2024, el presidente Noboa<strong> <\/strong>-quien se postula para la reelecci\u00f3n en los comicios del pr\u00f3ximo 9 de febrero-, declar\u00f3 el conflicto armado interno luego de la fuga de la c\u00e1rcel del mayor capo criminal y de la incursi\u00f3n de un grupo armado a un canal de televisi\u00f3n estatal mientras transmit\u00eda en vivo.<\/p>\n<\/div>\n<div class=\"sc-80531b6b-0 chRIGJ container-text text-embed\">\n<p>La medida dio paso al <strong>patrullaje conjunto de polic\u00edas y militares en calles y carreteras <\/strong>y permiti\u00f3 desplegar uniformados dentro de algunas prisiones, convertidas en centros de mando criminal seg\u00fan la polic\u00eda, pero no alcanz\u00f3 para contener la inercia delictiva en el pa\u00eds.<\/p>\n<\/div>\n<div class=\"sc-80531b6b-0 chRIGJ container-text text-embed\">\n<p>Glaedys Gonz\u00e1lez, analista de seguridad de Crisis Group Bogot\u00e1, observ\u00f3 que las acciones del gobierno ecuatoriano \u201cse han dado de forma reactiva para tratar coyunturas determinadas\u201d y que este caso destaca por el \u201cabrupto\u201d incremento de la violencia y la presencia de bandas del crimen organizado.<\/p>\n<\/div>\n<div class=\"sc-80531b6b-0 chRIGJ container-text text-embed\">\n<p>Ecuador est\u00e1 entre dos grandes productores de coca\u00edna -Colombia y Per\u00fa que lo utilizan como <strong>plataforma de tr\u00e1nsito y embarque de grandes cantidades de narc\u00f3ticos al mundo<\/strong>, seg\u00fan la polic\u00eda.<\/p>\n<\/div>\n<div class=\"sc-80531b6b-0 chRIGJ container-text text-embed\">\n<p>\n              Erradicar la inseguridad implicar\u00e1 \u201cun esfuerzo de largo plazo\u201d, dijo Daniel Pont\u00f3n, docente de la Escuela de Seguridad del Instituto de Altos Estudios Nacionales, y mencion\u00f3 que \u201cColombia ha durado d\u00e9cadas luchando contra este problema\u201d mientras que \u201cM\u00e9xico ha aprendido a vivir con la violencia del crimen organizado\u201d. Ecuador reci\u00e9n \u201cest\u00e1 viendo el problema\u201d.<\/p>\n<\/div>\n<div class=\"sc-80531b6b-0 chRIGJ container-text text-embed\">\n<p>\u201cLa violencia criminal es como el c\u00e1ncer, el deterioro es muy r\u00e1pido pero la recuperaci\u00f3n es muy lenta\u201d, dijo a AP el colombiano Hugo Acero, consultor internacional en seguridad.<\/p>\n<\/div>\n<div class=\"sc-198be8ec-0 cynXbu image-embed  image-embed \"><picture class=\"sc-198be8ec-1 kOjRiQ\"><source media=\"(min-width: 975px)\" width=\"720\" height=\"480\" \/><img alt=\"Simpatizantes de la candidata presidencial corre\u00edsta Luisa Gonz\u00e1lez, en un acto de campa\u00f1a el domingo en Quito. Foto: EFE  \" loading=\"lazy\" width=\"720\" height=\"480\" decoding=\"async\" data-nimg=\"1\" style=\"color:transparent\" src=\"https:\/\/13.com.ar\/wp-content\/uploads\/2025\/02\/1738683277_931_Ecuador-elige-presidente-en-un-clima-de-terror-por-la.jpg\"\/><span class=\"epigraphe\">Simpatizantes de la candidata presidencial corre\u00edsta Luisa Gonz\u00e1lez, en un acto de campa\u00f1a el domingo en Quito. Foto: EFE  <\/span><span class=\"bkg\"\/><span class=\"picture-open\"><button class=\"open-image\" aria-label=\"Open Image\"\/><\/span><\/picture><\/div>\n<p><h2>Asesinatos sin freno<\/h2>\n<\/p>\n<div class=\"sc-80531b6b-0 chRIGJ container-text text-embed\">\n<p>Hasta 2019 Ecuador no hab\u00eda enfrentado una cotidianeidad plagada de asesinatos -incluso a plena luz del d\u00eda- y ten\u00eda una tasa de 6,22 homicidios por cada 100.000 habitantes, as\u00ed como un decomiso anual 79 toneladas de drogas.<\/p>\n<\/div>\n<div class=\"sc-80531b6b-0 chRIGJ container-text text-embed\">\n<p>El primer s\u00edntoma de que la violencia hab\u00eda penetrado en el pa\u00eds fue una masacre carcelaria en 2021 en la que 79 presos fueron cruelmente asesinados por sus compa\u00f1eros. Le sigui\u00f3 una secuencia de motines y peleas en las prisiones que dejaron 591 muertos en el \u00faltimo lustro.<\/p>\n<\/div>\n<div class=\"sc-80531b6b-0 chRIGJ container-text text-embed\">\n<p>\n              De las prisiones, seg\u00fan los \u00faltimos tres gobiernos, la criminalidad salt\u00f3 a las calles hasta llegar en 2024 a 36,78 muertes violentas por cada 100.000 habitantes y 294 toneladas de narc\u00f3ticos incautadas el a\u00f1o pasado, seg\u00fan cifras policiales.<\/p>\n<\/div>\n<div class=\"sc-80531b6b-0 chRIGJ container-text text-embed\">\n<p>Otros delitos que se dispararon son<strong> la extorsi\u00f3n y los secuestros<\/strong>, que pasaron de 379 y 204, respectivamente, en 2019 a 19.473 y 1.761 el a\u00f1o pasado.<\/p>\n<\/div>\n<div class=\"sc-198be8ec-0 cynXbu image-embed  image-embed \"><picture class=\"sc-198be8ec-1 kOjRiQ\"><source media=\"(min-width: 975px)\" width=\"720\" height=\"480\" \/><img alt=\"Militares ecuatorianos patrullan una c\u00e1rcel de m\u00e1xima seguridad en Guayaquil, tras la fuga de un l\u00edder narco, en enero de 2024. Foto. AFP \" loading=\"lazy\" width=\"720\" height=\"480\" decoding=\"async\" data-nimg=\"1\" style=\"color:transparent\" src=\"https:\/\/13.com.ar\/wp-content\/uploads\/2025\/02\/1738790147_741_la-violencia-imparable-el-mayor-desafio-para-el-proximo-presidente.jpg\"\/><span class=\"epigraphe\">Militares ecuatorianos patrullan una c\u00e1rcel de m\u00e1xima seguridad en Guayaquil, tras la fuga de un l\u00edder narco, en enero de 2024. Foto. AFP <\/span><span class=\"bkg\"\/><span class=\"picture-open\"><button class=\"open-image\" aria-label=\"Open Image\"\/><\/span><\/picture><\/div>\n<div class=\"sc-80531b6b-0 chRIGJ container-text text-embed\">\n<p>Por ello, el ex canciller Luis Gallegos consider\u00f3 que Ecuador \u201cno va a poder ganar en solitario esta lucha, tiene que vincularse internacionalmente\u201d y ejecutar acciones conjuntas \u201cante un problema que es transnacional\u201d y que est\u00e1 alimentado por la gran demanda de drogas de Estados Unidos y Europa.<\/p>\n<\/div>\n<div class=\"sc-80531b6b-0 chRIGJ container-text text-embed\">\n<p>\n              Tampoco ha habido \u201cacciones eficaces del gobierno para neutralizar el poder financiero de estas bandas criminales\u201d, dijo a AP el catedr\u00e1tico y analista de la Universidad Andina, Gustavo Isch.<\/p>\n<\/div>\n<div class=\"sc-80531b6b-0 chRIGJ container-text text-embed\">\n<p>El ex presidente Len\u00edn Moreno (2017-2021) lidi\u00f3 con los primeros brotes de violencia en las c\u00e1rceles decretando un estado de excepci\u00f3n en esos recintos sin lograr apaciguar el sistema penitenciario. <\/p>\n<\/div>\n<div class=\"sc-80531b6b-0 chRIGJ container-text text-embed\">\n<p>Su sucesor, Guillermo Lasso (2021-2023), convoc\u00f3 sin \u00e9xito a los grupos criminales a negociaciones de paz que tampoco surtieron efecto.<strong> Los motines y masacres continuaron desbordados<\/strong> y lo que al inicio ocurr\u00eda en las prisiones de Guayaquil se extendi\u00f3 a otras de todo el pa\u00eds.<\/p>\n<\/div>\n<div class=\"sc-80531b6b-0 chRIGJ container-text text-embed\">\n<p>\n              \u201cNo puede haber una soluci\u00f3n a este problema sin que haya una transformaci\u00f3n del Estado y de la acci\u00f3n del Estado\u201d, dijo Isch. Para combatir la violencia es necesario \u201cemprender cambios estructurales que demandan una fuerte y sostenida inversi\u00f3n a largo plazo\u201d, agreg\u00f3.<\/p>\n<\/div>\n<div class=\"sc-80531b6b-0 chRIGJ container-text text-embed\">\n<p>La situaci\u00f3n econ\u00f3mica no es la mejor para poner en marcha un plan integral de seguridad: <strong>el Estado sufre un abultado endeudamiento<\/strong> que limita los recursos para la educaci\u00f3n, la salud y los servicios b\u00e1sicos y deber\u00e1 destinar este a\u00f1o 9.000 millones de d\u00f3lares para pagar intereses de su deuda externa, lo que equivale a una cuarta parte del presupuesto nacional.<\/p>\n<\/div>\n<\/div>\n<p><br \/>\n<br \/><a href=\"https:\/\/www.clarin.com\/mundo\/asesinatos-secuestros-masacres-carcelarias-violencia-imparable-mayor-desafio-proximo-presidente-ecuador_0_mczirsbpcV.html\">Fuente Clarin.com <\/a><\/p>\n","protected":false},"excerpt":{"rendered":"<p>El candidato que sea elegido presidente de Ecuador en las pr\u00f3ximas elecciones tendr\u00e1 un gran desaf\u00edo: combatir la ola de violencia que ha sembrado la cotidianidad de los ecuatorianos de noticias sobre cr\u00edmenes violentos, de extorsiones a negocios y de secuestros. Las autoridades atribuyen esta situaci\u00f3n, que se dispar\u00f3 hace cuatro a\u00f1os, a la acci\u00f3n [&hellip;]<\/p>\n","protected":false},"author":1,"featured_media":2332,"comment_status":"open","ping_status":"open","sticky":false,"template":"","format":"standard","meta":{"footnotes":""},"categories":[2],"tags":[559,1702,1528,817,16,135,3308,3028],"class_list":["post-2331","post","type-post","status-publish","format-standard","has-post-thumbnail","hentry","category-ultimas-noticias","tag-desafio","tag-ecuador","tag-imparable","tag-mayor","tag-para","tag-presidente","tag-proximo","tag-violencia"],"_links":{"self":[{"href":"https:\/\/13.com.ar\/index.php\/wp-json\/wp\/v2\/posts\/2331","targetHints":{"allow":["GET"]}}],"collection":[{"href":"https:\/\/13.com.ar\/index.php\/wp-json\/wp\/v2\/posts"}],"about":[{"href":"https:\/\/13.com.ar\/index.php\/wp-json\/wp\/v2\/types\/post"}],"author":[{"embeddable":true,"href":"https:\/\/13.com.ar\/index.php\/wp-json\/wp\/v2\/users\/1"}],"replies":[{"embeddable":true,"href":"https:\/\/13.com.ar\/index.php\/wp-json\/wp\/v2\/comments?post=2331"}],"version-history":[{"count":0,"href":"https:\/\/13.com.ar\/index.php\/wp-json\/wp\/v2\/posts\/2331\/revisions"}],"wp:featuredmedia":[{"embeddable":true,"href":"https:\/\/13.com.ar\/index.php\/wp-json\/wp\/v2\/media\/2332"}],"wp:attachment":[{"href":"https:\/\/13.com.ar\/index.php\/wp-json\/wp\/v2\/media?parent=2331"}],"wp:term":[{"taxonomy":"category","embeddable":true,"href":"https:\/\/13.com.ar\/index.php\/wp-json\/wp\/v2\/categories?post=2331"},{"taxonomy":"post_tag","embeddable":true,"href":"https:\/\/13.com.ar\/index.php\/wp-json\/wp\/v2\/tags?post=2331"}],"curies":[{"name":"wp","href":"https:\/\/api.w.org\/{rel}","templated":true}]}}