{"id":2329,"date":"2025-02-05T18:12:36","date_gmt":"2025-02-05T21:12:36","guid":{"rendered":"https:\/\/13.com.ar\/index.php\/tras-cuatro-nuevos-ataques-a-policias-de-la-ciudad-el-gobierno-nacional-reforzara-sus-operativos-de-seguridad-en-el-gran-buenos-aires\/"},"modified":"2025-02-05T18:12:36","modified_gmt":"2025-02-05T21:12:36","slug":"tras-cuatro-nuevos-ataques-a-policias-de-la-ciudad-el-gobierno-nacional-reforzara-sus-operativos-de-seguridad-en-el-gran-buenos-aires","status":"publish","type":"post","link":"https:\/\/13.com.ar\/index.php\/tras-cuatro-nuevos-ataques-a-policias-de-la-ciudad-el-gobierno-nacional-reforzara-sus-operativos-de-seguridad-en-el-gran-buenos-aires\/","title":{"rendered":"Tras cuatro nuevos ataques a polic\u00edas de la Ciudad, el Gobierno nacional reforzar\u00e1 sus operativos de seguridad en el Gran Buenos Aires"},"content":{"rendered":"<p> <br \/>\n<\/p>\n<div id=\"cuerpo\">\n<div class=\"sc-80531b6b-0 chRIGJ container-text text-embed\">\n<p>El Gobierno nacional <strong>reforzar\u00e1 sus operativos de seguridad en las zonas m\u00e1s calientes del Gran Buenos Aires<\/strong>, en medio de la ola de inseguridad que incluy\u00f3 otros cuatro ataques a polic\u00edas de la Ciudad en las \u00faltimas 48 horas. Entre las medidas previstas, se controlar\u00e1 a todas las motos en las que viajen dos personas.<\/p>\n<\/div>\n<div class=\"sc-80531b6b-0 chRIGJ container-text text-embed\">\n<p>Se trata de un refuerzo del <strong>operativo 90\/10<\/strong>, que lanz\u00f3 el Ministerio de Seguridad en diciembre pasado. <\/p>\n<\/div>\n<div class=\"sc-80531b6b-0 chRIGJ container-text text-embed\">\n<p>Se multiplicar\u00e1n los controles vehiculares, recorridas pedestres y la identificaci\u00f3n de personas y veh\u00edculos, objetivo al que apunta el <strong>control de motos<\/strong> debido a casos resonantes de asaltos con motochorros. <\/p>\n<\/div>\n<div class=\"sc-80531b6b-0 chRIGJ container-text text-embed\">\n<p>Adem\u00e1s, se utilizar\u00e1n perros adiestrados para la detecci\u00f3n de estupefacientes y habr\u00e1 recorridas a <strong>caballo y cuatriciclos en lugares de dif\u00edcil acceso<\/strong>.<\/p>\n<\/div>\n<div class=\"sc-80531b6b-0 chRIGJ container-text text-embed\">\n<p>Uno de los los municipios en los que se reforzar\u00e1 el despliegue de efectivos de Gendarmer\u00eda, Prefectura, Polic\u00eda Federal y polic\u00edas provinciales es <strong>Moreno<\/strong>. Es el mismo municipio en el que mataron a un delivery, crimen por el que hubo una protesta de vecinos frente a la sede municipal. Ese caso form\u00f3 parte de una seguidilla de tres muertes en episodios de inseguridad y violencia en ese partido. <\/p>\n<\/div>\n<div class=\"sc-198be8ec-0 cynXbu image-embed  image-embed \"><picture class=\"sc-198be8ec-1 kOjRiQ\"><source media=\"(min-width: 975px)\" width=\"720\" height=\"480\" \/><img alt=\"Las fuerzas federales reforzar\u00e1n controles en el Conurbano. Foto EFE.\" loading=\"lazy\" width=\"720\" height=\"480\" decoding=\"async\" data-nimg=\"1\" style=\"color:transparent\" src=\"https:\/\/13.com.ar\/wp-content\/uploads\/2025\/02\/Tras-cuatro-nuevos-ataques-a-policias-de-la-Ciudad-el.jpg\"\/><span class=\"epigraphe\">Las fuerzas federales reforzar\u00e1n controles en el Conurbano. Foto EFE.<\/span><span class=\"bkg\"\/><span class=\"picture-open\"><button class=\"open-image\" aria-label=\"Open Image\"\/><\/span><\/picture><\/div>\n<div class=\"sc-80531b6b-0 chRIGJ container-text text-embed\">\n<p>Los otros territorios en los que se reforzar\u00e1n las medidas de prevenci\u00f3n son La Matanza, Esteban Echeverr\u00eda, Lomas de Zamora, San Mart\u00edn, Tres de Febrero y Mor\u00f3n.<\/p>\n<\/div>\n<div class=\"sc-80531b6b-0 chRIGJ container-text text-embed\">\n<p><strong>&#8220;El prop\u00f3sito es proteger a los ciudadanos<\/strong>, erradicar la impunidad y recuperar el control del Estado en los barrios m\u00e1s afectados por la criminalidad. Este programa se fundamenta en la identificaci\u00f3n y atenci\u00f3n prioritaria de los 193 municipios que concentran el 90% de los homicidios, representando el 10% del territorio nacional y el 70% de la poblaci\u00f3n argentina&#8221;, indicaron este mi\u00e9rcoles desde la cartera de Seguridad nacional.<\/p>\n<\/div>\n<p><h2>Cuatro ataques a polic\u00edas de la Ciudad en el GBA en apenas 48 horas<\/h2>\n<\/p>\n<div class=\"sc-80531b6b-0 chRIGJ container-text text-embed\">\n<p>En medio de las disputas entre las autoridades porte\u00f1as y bonaerenses por la inseguridad, las \u00faltimas 48 horas volvieron a ser calientes para los polic\u00edas de la Ciudad que viven y se desplazan en la Provincia de Buenos Aires, ya que se registraron <strong>cuatro nuevos enfrentamientos armados. <\/strong>En uno de ellos, una oficial tuvo que terminar siendo trasladada al hospital por una herida de bala en su mano derecha.<\/p>\n<\/div>\n<div class=\"sc-80531b6b-0 chRIGJ container-text text-embed\">\n<p>Estos episodios se dan en medio de los cruces por seguridad entre Ciudad y Provincia, con el ministro Waldo Wolff por un lado y Javier Alonso por el otro, y sin llegar a acuerdos de cooperaci\u00f3n para darle a los agentes la protecci\u00f3n necesaria cada vez que salen o regresan de sus lugares de trabajo.<\/p>\n<\/div>\n<div class=\"sc-80531b6b-0 chRIGJ container-text text-embed\">\n<p><strong>&#8220;No hay nada para sorprenderse.<\/strong> Desde agosto empec\u00e9 a exhibir estas cifras que ven\u00edan creciendo. Los n\u00fameros son indiscutibles. Tenemos 20.000 polic\u00edas de la Ciudad que viven en la Provincia. En el 2023 tuvieron 98 enfrentamientos a mano armada, en 2024 tuvieron 176 enfrentamientos y en 2025 llevamos 38 enfrentamientos. Cumplo el viernes 14 meses de ministro, estuve en seis entierros de polic\u00edas de la Ciudad, no le pas\u00f3 a ning\u00fan ministro en 14 meses. Los atacan a los polic\u00edas como atacan a todos los bonaerenses&#8221;, expres\u00f3 Wolff por La Naci\u00f3n+.<\/p>\n<\/div>\n<div class=\"sc-80531b6b-0 chRIGJ container-text text-embed\">\n<p>Las cifras son alarmantes y se incrementan d\u00eda a d\u00eda. En los 36 d\u00edas del 2025,<strong> ya se produjeron 38 enfrentamientos entre polic\u00edas de la Ciudad en jurisdicci\u00f3n bonaerense,<\/strong> y en las \u00faltimas 48 horas hubo cuatro, seg\u00fan informaron desde la cartera de seguridad porte\u00f1a.<\/p>\n<\/div>\n<div class=\"sc-80531b6b-0 chRIGJ container-text text-embed\">\n<p>Teniendo en cuenta estos \u00faltimos, <strong>el m\u00e1s grave se dio este mi\u00e9rcoles en La Matanza<\/strong>, cuando una oficial fue v\u00edctima de un robo en el momento que se dirig\u00eda a tomar servicio. All\u00ed, dos hombres la interceptaron y <strong>le robaron el bolso con el uniforme y el arma reglamentari<\/strong>a. Los delincuentes le dispararon dos veces con el arma sustra\u00edda impact\u00e1ndole una vez en su mano derecha, por lo que tuvo que ser <strong>derivada al Hospital Balestrini.<\/strong><\/p>\n<\/div>\n<div class=\"sc-198be8ec-0 cynXbu image-embed  image-embed \"><picture class=\"sc-198be8ec-1 kOjRiQ\"><source media=\"(min-width: 975px)\" width=\"720\" height=\"480\" \/><img alt=\"Agentes de la Polic\u00eda de la Ciudad sufrieron cuatro enfrentamientos armados en las \u00faltimas 48 horas.\" loading=\"lazy\" width=\"720\" height=\"480\" decoding=\"async\" data-nimg=\"1\" style=\"color:transparent\" src=\"https:\/\/13.com.ar\/wp-content\/uploads\/2025\/02\/1738789956_350_Tras-cuatro-nuevos-ataques-a-policias-de-la-Ciudad-el.jpg\"\/><span class=\"epigraphe\">Agentes de la Polic\u00eda de la Ciudad sufrieron cuatro enfrentamientos armados en las \u00faltimas 48 horas.<\/span><span class=\"bkg\"\/><span class=\"picture-open\"><button class=\"open-image\" aria-label=\"Open Image\"\/><\/span><\/picture><\/div>\n<div class=\"sc-80531b6b-0 chRIGJ container-text text-embed\">\n<p>Otro de los hechos ocurri\u00f3 tambi\u00e9n en<strong> La Matanza<\/strong>, en la noche del martes. En este caso, un oficial de la Ciudad iba con su pareja en la moto y fue interceptado por dos hombres que<strong> intentaron robarle el rodado<\/strong> a punta de pistola, d\u00e1ndose un enfrentamiento armado y generando que los ladrones se dieran a la fuga.<\/p>\n<\/div>\n<div class=\"sc-80531b6b-0 chRIGJ container-text text-embed\">\n<p>En <strong>Fuerte Apache<\/strong>, en el partido de Tres de Febrero, se sum\u00f3 un nuevo enfrentamiento en la noche del martes 4 de febrero. Un agente porte\u00f1o inici\u00f3 en General Paz y Nazarre una persecuci\u00f3n a una camioneta Ford Ranger que no acat\u00f3 la orden de detenci\u00f3n y <strong>se produjo un duelo armado con los delincuentes, recibiendo disparos <\/strong>de armas de fuego en el parabrisas. El polic\u00eda result\u00f3 ileso.<\/p>\n<\/div>\n<div class=\"sc-80531b6b-0 chRIGJ container-text text-embed\">\n<p>Y el \u00faltimo enfrentamiento de las \u00faltimas 48 horas se dio este mi\u00e9rcoles en<strong> Villa Madero<\/strong>, tambi\u00e9n en La Matanza. El agente porte\u00f1o fue abordado por un auto cuando se dirig\u00eda a su casa y se baj\u00f3 un hombre con un arma de fuego y <strong>realiz\u00f3 dos disparos con intenciones de robo<\/strong>. El polic\u00eda pudo resguardarse en su domicilio.<\/p>\n<\/div>\n<\/div>\n<p><br \/>\n<br \/><a href=\"https:\/\/www.clarin.com\/policiales\/nuevos-ataques-policias-ciudad-gobierno-nacional-reforzara-operativos-seguridad-gran-buenos-aires_0_qICKWVcnyx.html\">Fuente Clarin.com <\/a><\/p>\n","protected":false},"excerpt":{"rendered":"<p>El Gobierno nacional reforzar\u00e1 sus operativos de seguridad en las zonas m\u00e1s calientes del Gran Buenos Aires, en medio de la ola de inseguridad que incluy\u00f3 otros cuatro ataques a polic\u00edas de la Ciudad en las \u00faltimas 48 horas. Entre las medidas previstas, se controlar\u00e1 a todas las motos en las que viajen dos personas. [&hellip;]<\/p>\n","protected":false},"author":1,"featured_media":2330,"comment_status":"open","ping_status":"open","sticky":false,"template":"","format":"standard","meta":{"footnotes":""},"categories":[2],"tags":[328,2442,327,984,1932,71,925,2349,2318,4258,2637,4257,316,40,312],"class_list":["post-2329","post","type-post","status-publish","format-standard","has-post-thumbnail","hentry","category-ultimas-noticias","tag-aires","tag-ataques","tag-buenos","tag-ciudad","tag-cuatro","tag-gobierno","tag-gran","tag-nacional","tag-nuevos","tag-operativos","tag-policias","tag-reforzara","tag-seguridad","tag-sus","tag-tras"],"_links":{"self":[{"href":"https:\/\/13.com.ar\/index.php\/wp-json\/wp\/v2\/posts\/2329","targetHints":{"allow":["GET"]}}],"collection":[{"href":"https:\/\/13.com.ar\/index.php\/wp-json\/wp\/v2\/posts"}],"about":[{"href":"https:\/\/13.com.ar\/index.php\/wp-json\/wp\/v2\/types\/post"}],"author":[{"embeddable":true,"href":"https:\/\/13.com.ar\/index.php\/wp-json\/wp\/v2\/users\/1"}],"replies":[{"embeddable":true,"href":"https:\/\/13.com.ar\/index.php\/wp-json\/wp\/v2\/comments?post=2329"}],"version-history":[{"count":0,"href":"https:\/\/13.com.ar\/index.php\/wp-json\/wp\/v2\/posts\/2329\/revisions"}],"wp:featuredmedia":[{"embeddable":true,"href":"https:\/\/13.com.ar\/index.php\/wp-json\/wp\/v2\/media\/2330"}],"wp:attachment":[{"href":"https:\/\/13.com.ar\/index.php\/wp-json\/wp\/v2\/media?parent=2329"}],"wp:term":[{"taxonomy":"category","embeddable":true,"href":"https:\/\/13.com.ar\/index.php\/wp-json\/wp\/v2\/categories?post=2329"},{"taxonomy":"post_tag","embeddable":true,"href":"https:\/\/13.com.ar\/index.php\/wp-json\/wp\/v2\/tags?post=2329"}],"curies":[{"name":"wp","href":"https:\/\/api.w.org\/{rel}","templated":true}]}}